{"id":10306,"date":"2020-04-28T18:29:29","date_gmt":"2020-04-28T16:29:29","guid":{"rendered":"http:\/\/agora.xtec.cat\/ies-viladecavalls\/?p=10306"},"modified":"2020-04-29T18:47:58","modified_gmt":"2020-04-29T16:47:58","slug":"premi-al-treball-de-recerca-on-vas-europa","status":"publish","type":"post","link":"https:\/\/agora.xtec.cat\/ies-viladecavalls\/general\/premi-al-treball-de-recerca-on-vas-europa\/","title":{"rendered":"Premi al treball de recerca: &#8220;On vas, Europa?"},"content":{"rendered":"<p>Els alumnes de segon de batxillerat, <strong>Marina Iglesias i David Devant<\/strong>, han estat premiats per a la XXa Edici\u00f3 dels Premis als Treballs de Recerca del Servei Educatiu del Vall\u00e8s Occidental II en la categoria de ci\u00e8ncies socials pel seu treball <strong>ON VAS, EUROPA?<\/strong>, tutoritzat per la Teresa Vernet.<\/p>\n<p>Els volem felicitar per la feina feta i compartim amb tots vosaltres un v\u00eddeo resum del contingut del seu treball.<br \/>\n<iframe loading=\"lazy\" src=\"https:\/\/drive.google.com\/file\/d\/1uW66-j691CMYTXgMDyPiLmyGxCzHkZFV\/preview\" width=\"560\" height=\"315\"><span data-mce-type=\"bookmark\" style=\"display: inline-block; width: 0px; overflow: hidden; line-height: 0;\" class=\"mce_SELRES_start\">\ufeff<\/span><\/iframe><\/p>\n","protected":false},"excerpt":{"rendered":"<p>Els alumnes de segon de batxillerat, Marina Iglesias i David Devant, han estat premiats per a la XXa Edici\u00f3 dels Premis als Treballs de Recerca del Servei Educatiu del Vall\u00e8s Occidental II en la categoria de ci\u00e8ncies socials pel seu treball ON VAS, EUROPA?, tutoritzat&hellip;  <a href=\"https:\/\/agora.xtec.cat\/ies-viladecavalls\/general\/premi-al-treball-de-recerca-on-vas-europa\/\" title=\"Read Premi al treball de recerca: &#8220;On vas, Europa?\">Llegeix m\u00e9s\u00bb<\/a><\/p>\n","protected":false},"author":3,"featured_media":0,"comment_status":"open","ping_status":"closed","sticky":false,"template":"","format":"standard","meta":{"_bbp_topic_count":0,"_bbp_reply_count":0,"_bbp_total_topic_count":0,"_bbp_total_reply_count":0,"_bbp_voice_count":0,"_bbp_anonymous_reply_count":0,"_bbp_topic_count_hidden":0,"_bbp_reply_count_hidden":0,"_bbp_forum_subforum_count":0,"footnotes":""},"categories":[8,1,29],"tags":[],"class_list":["post-10306","post","type-post","status-publish","format-standard","hentry","category-batxillerat","category-general","category-portada"],"post_mailing_queue_ids":[],"_links":{"self":[{"href":"https:\/\/agora.xtec.cat\/ies-viladecavalls\/wp-json\/wp\/v2\/posts\/10306","targetHints":{"allow":["GET"]}}],"collection":[{"href":"https:\/\/agora.xtec.cat\/ies-viladecavalls\/wp-json\/wp\/v2\/posts"}],"about":[{"href":"https:\/\/agora.xtec.cat\/ies-viladecavalls\/wp-json\/wp\/v2\/types\/post"}],"author":[{"embeddable":true,"href":"https:\/\/agora.xtec.cat\/ies-viladecavalls\/wp-json\/wp\/v2\/users\/3"}],"replies":[{"embeddable":true,"href":"https:\/\/agora.xtec.cat\/ies-viladecavalls\/wp-json\/wp\/v2\/comments?post=10306"}],"version-history":[{"count":3,"href":"https:\/\/agora.xtec.cat\/ies-viladecavalls\/wp-json\/wp\/v2\/posts\/10306\/revisions"}],"predecessor-version":[{"id":10313,"href":"https:\/\/agora.xtec.cat\/ies-viladecavalls\/wp-json\/wp\/v2\/posts\/10306\/revisions\/10313"}],"wp:attachment":[{"href":"https:\/\/agora.xtec.cat\/ies-viladecavalls\/wp-json\/wp\/v2\/media?parent=10306"}],"wp:term":[{"taxonomy":"category","embeddable":true,"href":"https:\/\/agora.xtec.cat\/ies-viladecavalls\/wp-json\/wp\/v2\/categories?post=10306"},{"taxonomy":"post_tag","embeddable":true,"href":"https:\/\/agora.xtec.cat\/ies-viladecavalls\/wp-json\/wp\/v2\/tags?post=10306"}],"curies":[{"name":"wp","href":"https:\/\/api.w.org\/{rel}","templated":true}]}}