{"id":10117,"date":"2019-11-26T22:11:47","date_gmt":"2019-11-26T21:11:47","guid":{"rendered":"http:\/\/agora.xtec.cat\/ies-viladecavalls\/?p=10117"},"modified":"2019-11-26T22:11:47","modified_gmt":"2019-11-26T21:11:47","slug":"sabates-vermelles","status":"publish","type":"post","link":"https:\/\/agora.xtec.cat\/ies-viladecavalls\/general\/sabates-vermelles\/","title":{"rendered":"Sabates vermelles"},"content":{"rendered":"<p>Aquest projecte \u00e9s l\u2019adaptaci\u00f3 de l\u2019obra d\u2019Elina Chauvet, l\u2019artista mexicana que va crear la idea i instal\u00b7laci\u00f3 de les <em>Sabates vermelles<\/em> a Ciudad Ju\u00e1rez (M\u00e8xic), i que posteriorment va estar replicat a ciutats d\u2019It\u00e0lia, de l\u2019Argentina, de l\u2019Equador, de Xile, d\u2019Espanya i de Regne Unit. L\u2019objectiu d\u2019aquesta exposici\u00f3 \u00e9s trencar barreres geogr\u00e0fiques per obrir el debat i la reflexi\u00f3 a partir de les viol\u00e8ncies exercides sobre les dones.<\/p>\n<p>L&#8217;exposici\u00f3 que hem preparat al centre consta de dos espais:<\/p>\n<ol>\n<li><strong>Al davant hi ha les &#8220;Sabates vermelles&#8221;, exposici\u00f3\u00a0<\/strong>que han preparat els grups de ViP de 3r i 4t; s\u00f3n sabates pintades de vermell que pengen del sostre, acompanyades (darrere) d&#8217;un cartell que explica el projecte i un codi QR que ens porta a la informaci\u00f3 de la relaci\u00f3 dels casos d\u2019aquest 2019.<\/li>\n<\/ol>\n<p><strong>Per qu\u00e8 sabates? <\/strong>\u00c9s la primera pe\u00e7a que se sol trobar de les v\u00edctimes.<\/p>\n<p><strong>Per qu\u00e8 de color vermell? <\/strong>Representa la sang i la viol\u00e8ncia, per\u00f2 tamb\u00e9 el cor de l\u2019esperan\u00e7a.<\/p>\n<ol start=\"2\">\n<li><strong>Al darrere de les sabates, un mural fet amb lemes contra la viol\u00e8ncia cap a les dones <\/strong>preparats per les tutories de 3r. S\u00f3n cartolines de color lila amb diferents missatges que transmeten for\u00e7a i valentia i que serveixen per donar suport a la part davantera.<\/li>\n<\/ol>\n<p><strong>La part del davant (sabates vermelles) representa les agressions masclistes i la del darrere (lemes feministes), la resposta col\u00b7lectiva.\u00a0<\/strong><\/p>\n<p>Enguany han estat assassinades 52 dones per viol\u00e8ncia masclista a tot l\u2019Estat espanyol (l\u2019\u00faltima registrada amb data 25 de novembre), i nom\u00e9s comptabilitzant els feminicidis \u00edntims (queden a banda els no oficials). Aquesta exposici\u00f3, doncs, \u00e9s una representaci\u00f3 significativa de les assassinades durant aquest any.<\/p>\n<p><a href=\"https:\/\/agora.xtec.cat\/ies-viladecavalls\/wp-content\/uploads\/usu1438\/2019\/11\/IMG_4929.jpeg\"><img loading=\"lazy\" decoding=\"async\" class=\"wp-image-10118 alignleft\" src=\"https:\/\/agora.xtec.cat\/ies-viladecavalls\/wp-content\/uploads\/usu1438\/2019\/11\/IMG_4929-1024x768.jpeg\" alt=\"\" width=\"369\" height=\"277\" srcset=\"https:\/\/agora.xtec.cat\/ies-viladecavalls\/wp-content\/uploads\/usu1438\/2019\/11\/IMG_4929-1024x768.jpeg 1024w, https:\/\/agora.xtec.cat\/ies-viladecavalls\/wp-content\/uploads\/usu1438\/2019\/11\/IMG_4929-300x225.jpeg 300w, https:\/\/agora.xtec.cat\/ies-viladecavalls\/wp-content\/uploads\/usu1438\/2019\/11\/IMG_4929-768x576.jpeg 768w, https:\/\/agora.xtec.cat\/ies-viladecavalls\/wp-content\/uploads\/usu1438\/2019\/11\/IMG_4929-200x150.jpeg 200w\" sizes=\"auto, (max-width: 369px) 100vw, 369px\" \/><\/a> <a href=\"https:\/\/agora.xtec.cat\/ies-viladecavalls\/wp-content\/uploads\/usu1438\/2019\/11\/IMG_4933.jpeg\"><img loading=\"lazy\" decoding=\"async\" class=\"wp-image-10119 alignleft\" src=\"https:\/\/agora.xtec.cat\/ies-viladecavalls\/wp-content\/uploads\/usu1438\/2019\/11\/IMG_4933-1024x768.jpeg\" alt=\"\" width=\"382\" height=\"287\" srcset=\"https:\/\/agora.xtec.cat\/ies-viladecavalls\/wp-content\/uploads\/usu1438\/2019\/11\/IMG_4933-1024x768.jpeg 1024w, https:\/\/agora.xtec.cat\/ies-viladecavalls\/wp-content\/uploads\/usu1438\/2019\/11\/IMG_4933-300x225.jpeg 300w, https:\/\/agora.xtec.cat\/ies-viladecavalls\/wp-content\/uploads\/usu1438\/2019\/11\/IMG_4933-768x576.jpeg 768w, https:\/\/agora.xtec.cat\/ies-viladecavalls\/wp-content\/uploads\/usu1438\/2019\/11\/IMG_4933-200x150.jpeg 200w\" sizes=\"auto, (max-width: 382px) 100vw, 382px\" \/><\/a><\/p>\n","protected":false},"excerpt":{"rendered":"<p>Aquest projecte \u00e9s l\u2019adaptaci\u00f3 de l\u2019obra d\u2019Elina Chauvet, l\u2019artista mexicana que va crear la idea i instal\u00b7laci\u00f3 de les Sabates vermelles a Ciudad Ju\u00e1rez (M\u00e8xic), i que posteriorment va estar replicat a ciutats d\u2019It\u00e0lia, de l\u2019Argentina, de l\u2019Equador, de Xile, d\u2019Espanya i de Regne Unit.&hellip;  <a href=\"https:\/\/agora.xtec.cat\/ies-viladecavalls\/general\/sabates-vermelles\/\" title=\"Read Sabates vermelles\">Llegeix m\u00e9s\u00bb<\/a><\/p>\n","protected":false},"author":3,"featured_media":10118,"comment_status":"open","ping_status":"closed","sticky":false,"template":"","format":"standard","meta":{"_bbp_topic_count":0,"_bbp_reply_count":0,"_bbp_total_topic_count":0,"_bbp_total_reply_count":0,"_bbp_voice_count":0,"_bbp_anonymous_reply_count":0,"_bbp_topic_count_hidden":0,"_bbp_reply_count_hidden":0,"_bbp_forum_subforum_count":0,"footnotes":""},"categories":[3,1,29],"tags":[],"class_list":["post-10117","post","type-post","status-publish","format-standard","has-post-thumbnail","hentry","category-eso","category-general","category-portada"],"post_mailing_queue_ids":[],"_links":{"self":[{"href":"https:\/\/agora.xtec.cat\/ies-viladecavalls\/wp-json\/wp\/v2\/posts\/10117","targetHints":{"allow":["GET"]}}],"collection":[{"href":"https:\/\/agora.xtec.cat\/ies-viladecavalls\/wp-json\/wp\/v2\/posts"}],"about":[{"href":"https:\/\/agora.xtec.cat\/ies-viladecavalls\/wp-json\/wp\/v2\/types\/post"}],"author":[{"embeddable":true,"href":"https:\/\/agora.xtec.cat\/ies-viladecavalls\/wp-json\/wp\/v2\/users\/3"}],"replies":[{"embeddable":true,"href":"https:\/\/agora.xtec.cat\/ies-viladecavalls\/wp-json\/wp\/v2\/comments?post=10117"}],"version-history":[{"count":1,"href":"https:\/\/agora.xtec.cat\/ies-viladecavalls\/wp-json\/wp\/v2\/posts\/10117\/revisions"}],"predecessor-version":[{"id":10120,"href":"https:\/\/agora.xtec.cat\/ies-viladecavalls\/wp-json\/wp\/v2\/posts\/10117\/revisions\/10120"}],"wp:featuredmedia":[{"embeddable":true,"href":"https:\/\/agora.xtec.cat\/ies-viladecavalls\/wp-json\/wp\/v2\/media\/10118"}],"wp:attachment":[{"href":"https:\/\/agora.xtec.cat\/ies-viladecavalls\/wp-json\/wp\/v2\/media?parent=10117"}],"wp:term":[{"taxonomy":"category","embeddable":true,"href":"https:\/\/agora.xtec.cat\/ies-viladecavalls\/wp-json\/wp\/v2\/categories?post=10117"},{"taxonomy":"post_tag","embeddable":true,"href":"https:\/\/agora.xtec.cat\/ies-viladecavalls\/wp-json\/wp\/v2\/tags?post=10117"}],"curies":[{"name":"wp","href":"https:\/\/api.w.org\/{rel}","templated":true}]}}