{"id":10114,"date":"2019-11-25T12:09:15","date_gmt":"2019-11-25T11:09:15","guid":{"rendered":"http:\/\/agora.xtec.cat\/ies-viladecavalls\/?p=10114"},"modified":"2019-11-25T12:13:21","modified_gmt":"2019-11-25T11:13:21","slug":"ruta-visions-i-cants","status":"publish","type":"post","link":"https:\/\/agora.xtec.cat\/ies-viladecavalls\/general\/ruta-visions-i-cants\/","title":{"rendered":"Ruta &#8220;Visions i Cants&#8221;."},"content":{"rendered":"<p>Dijous 21 de novembre, els alumnes de <b>Literatura Catalana<\/b> de 1r de batxillerat van tenir\u00a0l&#8217;ocasi\u00f3 de visitar la <b>Casa Arxiu Maragal<\/b>l i la <b>Casa Vicens<\/b>, a Barcelona. Es tracta d&#8217;una ruta Modernista que ens ha portat all\u00e0 on va viure i morir el poeta Joan Maragall (1860 &#8211; 1911) i a la primera casa que Antoni Gaud\u00ed va construir, l&#8217;any 1883, recentment restaurada. Despr\u00e9s d&#8217;estar treballant <i>Visions &amp; Cants<\/i> a classe ha estat tota una experi\u00e8ncia que Pere Maragall, el net del poeta i intel\u00b7lectual, ens enseny\u00e9s on va viure i treballar Joan Maragall. La visita va tenir les seves lectures, com la que la Queralt va fer asseguda en una de les butaques de la casa, rodejada de retrats, records i quadres de Rusi\u00f1ol i Sunyer. I un inesperat concert de Mozart a c\u00e0rrec d&#8217;en Ferran.La Casa Vicens ens va meravellar per l&#8217;aud\u00e0cia amb que Gaud\u00ed porta la naturalesa a l&#8217;arquitectura. I per completar la visita, ja a pas lleuger, vam poder passar per davant de les joies del Modernisme del Passeig de Gr\u00e0cia: Casa Fuster, Casa Ramon Casas, la Pedrera, Casa Batll\u00f3, Casa Amatller i Casa Lle\u00f3 Morera.Un mat\u00ed ben aprofitat per entendre una mica millor les &#8220;veus de la terra&#8221; que van moure tots aquests artistes en la poesia o en l&#8217;arquitectura.<\/p>\n<p><iframe loading=\"lazy\" src=\"https:\/\/drive.google.com\/file\/d\/1KKpRdoeTKe19e0V2RrlYPdbO4Df6J6u-\/preview\" width=\"480\" height=\"300\"><span style=\"display: inline-block; width: 0px; overflow: hidden; line-height: 0;\" data-mce-type=\"bookmark\" class=\"mce_SELRES_start\">\ufeff<\/span><\/iframe><\/p>\n","protected":false},"excerpt":{"rendered":"<p>Dijous 21 de novembre, els alumnes de Literatura Catalana de 1r de batxillerat van tenir\u00a0l&#8217;ocasi\u00f3 de visitar la Casa Arxiu Maragall i la Casa Vicens, a Barcelona. Es tracta d&#8217;una ruta Modernista que ens ha portat all\u00e0 on va viure i morir el poeta Joan&hellip;  <a href=\"https:\/\/agora.xtec.cat\/ies-viladecavalls\/general\/ruta-visions-i-cants\/\" title=\"Read Ruta &#8220;Visions i Cants&#8221;.\">Llegeix m\u00e9s\u00bb<\/a><\/p>\n","protected":false},"author":3,"featured_media":0,"comment_status":"open","ping_status":"closed","sticky":false,"template":"","format":"standard","meta":{"_bbp_topic_count":0,"_bbp_reply_count":0,"_bbp_total_topic_count":0,"_bbp_total_reply_count":0,"_bbp_voice_count":0,"_bbp_anonymous_reply_count":0,"_bbp_topic_count_hidden":0,"_bbp_reply_count_hidden":0,"_bbp_forum_subforum_count":0,"footnotes":""},"categories":[8,1,29],"tags":[],"class_list":["post-10114","post","type-post","status-publish","format-standard","hentry","category-batxillerat","category-general","category-portada"],"post_mailing_queue_ids":[],"_links":{"self":[{"href":"https:\/\/agora.xtec.cat\/ies-viladecavalls\/wp-json\/wp\/v2\/posts\/10114","targetHints":{"allow":["GET"]}}],"collection":[{"href":"https:\/\/agora.xtec.cat\/ies-viladecavalls\/wp-json\/wp\/v2\/posts"}],"about":[{"href":"https:\/\/agora.xtec.cat\/ies-viladecavalls\/wp-json\/wp\/v2\/types\/post"}],"author":[{"embeddable":true,"href":"https:\/\/agora.xtec.cat\/ies-viladecavalls\/wp-json\/wp\/v2\/users\/3"}],"replies":[{"embeddable":true,"href":"https:\/\/agora.xtec.cat\/ies-viladecavalls\/wp-json\/wp\/v2\/comments?post=10114"}],"version-history":[{"count":2,"href":"https:\/\/agora.xtec.cat\/ies-viladecavalls\/wp-json\/wp\/v2\/posts\/10114\/revisions"}],"predecessor-version":[{"id":10116,"href":"https:\/\/agora.xtec.cat\/ies-viladecavalls\/wp-json\/wp\/v2\/posts\/10114\/revisions\/10116"}],"wp:attachment":[{"href":"https:\/\/agora.xtec.cat\/ies-viladecavalls\/wp-json\/wp\/v2\/media?parent=10114"}],"wp:term":[{"taxonomy":"category","embeddable":true,"href":"https:\/\/agora.xtec.cat\/ies-viladecavalls\/wp-json\/wp\/v2\/categories?post=10114"},{"taxonomy":"post_tag","embeddable":true,"href":"https:\/\/agora.xtec.cat\/ies-viladecavalls\/wp-json\/wp\/v2\/tags?post=10114"}],"curies":[{"name":"wp","href":"https:\/\/api.w.org\/{rel}","templated":true}]}}