{"id":10108,"date":"2019-11-21T08:24:15","date_gmt":"2019-11-21T07:24:15","guid":{"rendered":"http:\/\/agora.xtec.cat\/ies-viladecavalls\/?p=10108"},"modified":"2019-11-21T08:24:15","modified_gmt":"2019-11-21T07:24:15","slug":"taller-de-sabo","status":"publish","type":"post","link":"https:\/\/agora.xtec.cat\/ies-viladecavalls\/portada\/taller-de-sabo\/","title":{"rendered":"Taller de sab\u00f3"},"content":{"rendered":"<p>Els alumnes de 3rC han fet el taller de com fer sab\u00f3 reciclant oli dom\u00e8stic. Per fer-ho hem fet servir sosa c\u00e0ustica, oli dom\u00e8stic, aigua i alguna aroma. Si us voleu animar a fer-ne a casa aqu\u00ed us deixem les instruccions per fer un sab\u00f3 per rentar la roba.<\/p>\n<p>MATERIAL: -Esp\u00e0tula de pl\u00e0stic. -Dos ampolles de 500 ml. -Embut. -Colador. -Galleda de pl\u00e0stic. -Pl\u00e0stic per protegir la taula -Env\u00e0s de iogurt. -Term\u00f2metre. -Guants. -Davantal. -M\u00e0scara.<\/p>\n<p>PRODUCTES: -Oli utilitzat (500 ml). -Aigua (500 ml). -Sosa c\u00e0ustica (100 g). -Ess\u00e8ncia de llimona (2 o 3 gotes). -Ulleres.<\/p>\n<p>PROCEDIMENT: &#8211; Primer de tot i el m\u00e9s important \u00e9s posar-se els guants i el davantal, per tal de protegir-nos. &#8211; Posem l\u2019aigua i l\u2019oli a la galleda de pl\u00e0stic. Abans de passar al seg\u00fcent punt ens protegim amb les ulleres i la m\u00e0scara. &#8211; Remenem l\u2019aigua i oli i anem afegint els 100g de sosa c\u00e0ustica dins la mescla. Remenem sempre amb el mateix sentit i a la mateixa velocitat. &#8211; Al final la barreja es veur\u00e0 una mica m\u00e9s clara i es notar\u00e0 una mica m\u00e9s espessa. &#8211; Quan la temperatura hagi baixat a menys de 50 \u00baC i la barreja estigui blanqueta la posarem a un motlle, es pot agafar un env\u00e0s de iogurt. &#8211; Cal deixar reposar d&#8217;un a dos mesos per poder-ne fer \u00fas.<\/p>\n<p><img loading=\"lazy\" decoding=\"async\" class=\"alignnone size-large wp-image-10109\" src=\"https:\/\/agora.xtec.cat\/ies-viladecavalls\/wp-content\/uploads\/usu1438\/2019\/11\/PHOTO-2019-11-20-15-12-43-5-Roger-Fit\u00e9-1024x768.jpg\" alt=\"\" width=\"1024\" height=\"768\" srcset=\"https:\/\/agora.xtec.cat\/ies-viladecavalls\/wp-content\/uploads\/usu1438\/2019\/11\/PHOTO-2019-11-20-15-12-43-5-Roger-Fit\u00e9.jpg 1024w, https:\/\/agora.xtec.cat\/ies-viladecavalls\/wp-content\/uploads\/usu1438\/2019\/11\/PHOTO-2019-11-20-15-12-43-5-Roger-Fit\u00e9-300x225.jpg 300w, https:\/\/agora.xtec.cat\/ies-viladecavalls\/wp-content\/uploads\/usu1438\/2019\/11\/PHOTO-2019-11-20-15-12-43-5-Roger-Fit\u00e9-768x576.jpg 768w, https:\/\/agora.xtec.cat\/ies-viladecavalls\/wp-content\/uploads\/usu1438\/2019\/11\/PHOTO-2019-11-20-15-12-43-5-Roger-Fit\u00e9-200x150.jpg 200w\" sizes=\"auto, (max-width: 1024px) 100vw, 1024px\" \/> <img loading=\"lazy\" decoding=\"async\" class=\"alignnone size-large wp-image-10110\" src=\"https:\/\/agora.xtec.cat\/ies-viladecavalls\/wp-content\/uploads\/usu1438\/2019\/11\/PHOTO-2019-11-20-15-12-43-1-Roger-Fit\u00e9-1024x768.jpg\" alt=\"\" width=\"1024\" height=\"768\" srcset=\"https:\/\/agora.xtec.cat\/ies-viladecavalls\/wp-content\/uploads\/usu1438\/2019\/11\/PHOTO-2019-11-20-15-12-43-1-Roger-Fit\u00e9.jpg 1024w, https:\/\/agora.xtec.cat\/ies-viladecavalls\/wp-content\/uploads\/usu1438\/2019\/11\/PHOTO-2019-11-20-15-12-43-1-Roger-Fit\u00e9-300x225.jpg 300w, https:\/\/agora.xtec.cat\/ies-viladecavalls\/wp-content\/uploads\/usu1438\/2019\/11\/PHOTO-2019-11-20-15-12-43-1-Roger-Fit\u00e9-768x576.jpg 768w, https:\/\/agora.xtec.cat\/ies-viladecavalls\/wp-content\/uploads\/usu1438\/2019\/11\/PHOTO-2019-11-20-15-12-43-1-Roger-Fit\u00e9-200x150.jpg 200w\" sizes=\"auto, (max-width: 1024px) 100vw, 1024px\" \/> <img loading=\"lazy\" decoding=\"async\" class=\"alignnone size-large wp-image-10111\" src=\"https:\/\/agora.xtec.cat\/ies-viladecavalls\/wp-content\/uploads\/usu1438\/2019\/11\/PHOTO-2019-11-20-15-12-43-4-Roger-Fit\u00e9-1024x768.jpg\" alt=\"\" width=\"1024\" height=\"768\" srcset=\"https:\/\/agora.xtec.cat\/ies-viladecavalls\/wp-content\/uploads\/usu1438\/2019\/11\/PHOTO-2019-11-20-15-12-43-4-Roger-Fit\u00e9.jpg 1024w, https:\/\/agora.xtec.cat\/ies-viladecavalls\/wp-content\/uploads\/usu1438\/2019\/11\/PHOTO-2019-11-20-15-12-43-4-Roger-Fit\u00e9-300x225.jpg 300w, https:\/\/agora.xtec.cat\/ies-viladecavalls\/wp-content\/uploads\/usu1438\/2019\/11\/PHOTO-2019-11-20-15-12-43-4-Roger-Fit\u00e9-768x576.jpg 768w, https:\/\/agora.xtec.cat\/ies-viladecavalls\/wp-content\/uploads\/usu1438\/2019\/11\/PHOTO-2019-11-20-15-12-43-4-Roger-Fit\u00e9-200x150.jpg 200w\" sizes=\"auto, (max-width: 1024px) 100vw, 1024px\" \/> <img loading=\"lazy\" decoding=\"async\" class=\"alignnone size-large wp-image-10112\" src=\"https:\/\/agora.xtec.cat\/ies-viladecavalls\/wp-content\/uploads\/usu1438\/2019\/11\/PHOTO-2019-11-20-15-12-43-3-Roger-Fit\u00e9-1024x768.jpg\" alt=\"\" width=\"1024\" height=\"768\" srcset=\"https:\/\/agora.xtec.cat\/ies-viladecavalls\/wp-content\/uploads\/usu1438\/2019\/11\/PHOTO-2019-11-20-15-12-43-3-Roger-Fit\u00e9.jpg 1024w, https:\/\/agora.xtec.cat\/ies-viladecavalls\/wp-content\/uploads\/usu1438\/2019\/11\/PHOTO-2019-11-20-15-12-43-3-Roger-Fit\u00e9-300x225.jpg 300w, https:\/\/agora.xtec.cat\/ies-viladecavalls\/wp-content\/uploads\/usu1438\/2019\/11\/PHOTO-2019-11-20-15-12-43-3-Roger-Fit\u00e9-768x576.jpg 768w, https:\/\/agora.xtec.cat\/ies-viladecavalls\/wp-content\/uploads\/usu1438\/2019\/11\/PHOTO-2019-11-20-15-12-43-3-Roger-Fit\u00e9-200x150.jpg 200w\" sizes=\"auto, (max-width: 1024px) 100vw, 1024px\" \/><\/p>\n","protected":false},"excerpt":{"rendered":"<p>Els alumnes de 3rC han fet el taller de com fer sab\u00f3 reciclant oli dom\u00e8stic. Per fer-ho hem fet servir sosa c\u00e0ustica, oli dom\u00e8stic, aigua i alguna aroma. Si us voleu animar a fer-ne a casa aqu\u00ed us deixem les instruccions per fer un sab\u00f3&hellip;  <a href=\"https:\/\/agora.xtec.cat\/ies-viladecavalls\/portada\/taller-de-sabo\/\" title=\"Read Taller de sab\u00f3\">Llegeix m\u00e9s\u00bb<\/a><\/p>\n","protected":false},"author":1,"featured_media":10109,"comment_status":"closed","ping_status":"closed","sticky":false,"template":"","format":"standard","meta":{"_bbp_topic_count":0,"_bbp_reply_count":0,"_bbp_total_topic_count":0,"_bbp_total_reply_count":0,"_bbp_voice_count":0,"_bbp_anonymous_reply_count":0,"_bbp_topic_count_hidden":0,"_bbp_reply_count_hidden":0,"_bbp_forum_subforum_count":0,"footnotes":""},"categories":[29],"tags":[],"class_list":["post-10108","post","type-post","status-publish","format-standard","has-post-thumbnail","hentry","category-portada"],"post_mailing_queue_ids":[],"_links":{"self":[{"href":"https:\/\/agora.xtec.cat\/ies-viladecavalls\/wp-json\/wp\/v2\/posts\/10108","targetHints":{"allow":["GET"]}}],"collection":[{"href":"https:\/\/agora.xtec.cat\/ies-viladecavalls\/wp-json\/wp\/v2\/posts"}],"about":[{"href":"https:\/\/agora.xtec.cat\/ies-viladecavalls\/wp-json\/wp\/v2\/types\/post"}],"author":[{"embeddable":true,"href":"https:\/\/agora.xtec.cat\/ies-viladecavalls\/wp-json\/wp\/v2\/users\/1"}],"replies":[{"embeddable":true,"href":"https:\/\/agora.xtec.cat\/ies-viladecavalls\/wp-json\/wp\/v2\/comments?post=10108"}],"version-history":[{"count":1,"href":"https:\/\/agora.xtec.cat\/ies-viladecavalls\/wp-json\/wp\/v2\/posts\/10108\/revisions"}],"predecessor-version":[{"id":10113,"href":"https:\/\/agora.xtec.cat\/ies-viladecavalls\/wp-json\/wp\/v2\/posts\/10108\/revisions\/10113"}],"wp:featuredmedia":[{"embeddable":true,"href":"https:\/\/agora.xtec.cat\/ies-viladecavalls\/wp-json\/wp\/v2\/media\/10109"}],"wp:attachment":[{"href":"https:\/\/agora.xtec.cat\/ies-viladecavalls\/wp-json\/wp\/v2\/media?parent=10108"}],"wp:term":[{"taxonomy":"category","embeddable":true,"href":"https:\/\/agora.xtec.cat\/ies-viladecavalls\/wp-json\/wp\/v2\/categories?post=10108"},{"taxonomy":"post_tag","embeddable":true,"href":"https:\/\/agora.xtec.cat\/ies-viladecavalls\/wp-json\/wp\/v2\/tags?post=10108"}],"curies":[{"name":"wp","href":"https:\/\/api.w.org\/{rel}","templated":true}]}}