{"id":10103,"date":"2019-11-21T08:09:21","date_gmt":"2019-11-21T07:09:21","guid":{"rendered":"http:\/\/agora.xtec.cat\/ies-viladecavalls\/?p=10103"},"modified":"2019-11-21T08:09:21","modified_gmt":"2019-11-21T07:09:21","slug":"pujada-al-ros","status":"publish","type":"post","link":"https:\/\/agora.xtec.cat\/ies-viladecavalls\/portada\/pujada-al-ros\/","title":{"rendered":"Pujada al Ros"},"content":{"rendered":"<p>El passat 30 d&#8217;octubre, com ja \u00e9s tradici\u00f3, l&#8217;alumnat de 3rC i 4t A ens vam retrobar per pujar un cim. Per nosaltres comen\u00e7ar b\u00e9 el curs significa superar reptes, esfor\u00e7ar-te, posar-te a prova, con\u00e8ixer els teus l\u00edmits, compartir amb els altres, investigar el teu entorn&#8230; Tot aix\u00f2 vam experimentar-ho, pujant al Ros, un cim que tenim a prop i que ens ofereix unes agradables vistes del nostre entorn. Un cop a dalt, vam gaudir del sol, del descans, vam poder agafar i recuperar l&#8217;oxigen, vam agafar forces esmorzant en grup i el m\u00e9s important, vam comprobar que els l\u00edmits ens els posem nosaltres i que amb una actitud positiva i encoratjada podem fer m\u00e9s coses de les que ens pensem. Vam fer el cim i per tant, podem donar per inaugurat el curs!<\/p>\n<p><img loading=\"lazy\" decoding=\"async\" class=\"alignnone size-large wp-image-10104\" src=\"https:\/\/agora.xtec.cat\/ies-viladecavalls\/wp-content\/uploads\/usu1438\/2019\/11\/b5c2de76-54ec-430f-a308-99bab45c50be-Vanessa-Arias-1024x768.jpg\" alt=\"\" width=\"1024\" height=\"768\" srcset=\"https:\/\/agora.xtec.cat\/ies-viladecavalls\/wp-content\/uploads\/usu1438\/2019\/11\/b5c2de76-54ec-430f-a308-99bab45c50be-Vanessa-Arias-1024x768.jpg 1024w, https:\/\/agora.xtec.cat\/ies-viladecavalls\/wp-content\/uploads\/usu1438\/2019\/11\/b5c2de76-54ec-430f-a308-99bab45c50be-Vanessa-Arias-300x225.jpg 300w, https:\/\/agora.xtec.cat\/ies-viladecavalls\/wp-content\/uploads\/usu1438\/2019\/11\/b5c2de76-54ec-430f-a308-99bab45c50be-Vanessa-Arias-768x576.jpg 768w, https:\/\/agora.xtec.cat\/ies-viladecavalls\/wp-content\/uploads\/usu1438\/2019\/11\/b5c2de76-54ec-430f-a308-99bab45c50be-Vanessa-Arias-200x150.jpg 200w, https:\/\/agora.xtec.cat\/ies-viladecavalls\/wp-content\/uploads\/usu1438\/2019\/11\/b5c2de76-54ec-430f-a308-99bab45c50be-Vanessa-Arias.jpg 1600w\" sizes=\"auto, (max-width: 1024px) 100vw, 1024px\" \/> <img loading=\"lazy\" decoding=\"async\" class=\"alignnone size-large wp-image-10105\" src=\"https:\/\/agora.xtec.cat\/ies-viladecavalls\/wp-content\/uploads\/usu1438\/2019\/11\/3b5e4dda-308d-4c4d-bd22-bbd250473270-Vanessa-Arias-1024x769.jpg\" alt=\"\" width=\"1024\" height=\"769\" srcset=\"https:\/\/agora.xtec.cat\/ies-viladecavalls\/wp-content\/uploads\/usu1438\/2019\/11\/3b5e4dda-308d-4c4d-bd22-bbd250473270-Vanessa-Arias-1024x769.jpg 1024w, https:\/\/agora.xtec.cat\/ies-viladecavalls\/wp-content\/uploads\/usu1438\/2019\/11\/3b5e4dda-308d-4c4d-bd22-bbd250473270-Vanessa-Arias-300x225.jpg 300w, https:\/\/agora.xtec.cat\/ies-viladecavalls\/wp-content\/uploads\/usu1438\/2019\/11\/3b5e4dda-308d-4c4d-bd22-bbd250473270-Vanessa-Arias-768x577.jpg 768w, https:\/\/agora.xtec.cat\/ies-viladecavalls\/wp-content\/uploads\/usu1438\/2019\/11\/3b5e4dda-308d-4c4d-bd22-bbd250473270-Vanessa-Arias-200x150.jpg 200w, https:\/\/agora.xtec.cat\/ies-viladecavalls\/wp-content\/uploads\/usu1438\/2019\/11\/3b5e4dda-308d-4c4d-bd22-bbd250473270-Vanessa-Arias.jpg 1600w\" sizes=\"auto, (max-width: 1024px) 100vw, 1024px\" \/> <img loading=\"lazy\" decoding=\"async\" class=\"alignnone size-large wp-image-10106\" src=\"https:\/\/agora.xtec.cat\/ies-viladecavalls\/wp-content\/uploads\/usu1438\/2019\/11\/7e680750-44b3-49a2-af4f-60176e35ef79-Vanessa-Arias-1024x769.jpg\" alt=\"\" width=\"1024\" height=\"769\" srcset=\"https:\/\/agora.xtec.cat\/ies-viladecavalls\/wp-content\/uploads\/usu1438\/2019\/11\/7e680750-44b3-49a2-af4f-60176e35ef79-Vanessa-Arias-1024x769.jpg 1024w, https:\/\/agora.xtec.cat\/ies-viladecavalls\/wp-content\/uploads\/usu1438\/2019\/11\/7e680750-44b3-49a2-af4f-60176e35ef79-Vanessa-Arias-300x225.jpg 300w, https:\/\/agora.xtec.cat\/ies-viladecavalls\/wp-content\/uploads\/usu1438\/2019\/11\/7e680750-44b3-49a2-af4f-60176e35ef79-Vanessa-Arias-768x577.jpg 768w, https:\/\/agora.xtec.cat\/ies-viladecavalls\/wp-content\/uploads\/usu1438\/2019\/11\/7e680750-44b3-49a2-af4f-60176e35ef79-Vanessa-Arias-200x150.jpg 200w, https:\/\/agora.xtec.cat\/ies-viladecavalls\/wp-content\/uploads\/usu1438\/2019\/11\/7e680750-44b3-49a2-af4f-60176e35ef79-Vanessa-Arias.jpg 1600w\" sizes=\"auto, (max-width: 1024px) 100vw, 1024px\" \/><\/p>\n","protected":false},"excerpt":{"rendered":"<p>El passat 30 d&#8217;octubre, com ja \u00e9s tradici\u00f3, l&#8217;alumnat de 3rC i 4t A ens vam retrobar per pujar un cim. Per nosaltres comen\u00e7ar b\u00e9 el curs significa superar reptes, esfor\u00e7ar-te, posar-te a prova, con\u00e8ixer els teus l\u00edmits, compartir amb els altres, investigar el teu&hellip;  <a href=\"https:\/\/agora.xtec.cat\/ies-viladecavalls\/portada\/pujada-al-ros\/\" title=\"Read Pujada al Ros\">Llegeix m\u00e9s\u00bb<\/a><\/p>\n","protected":false},"author":1,"featured_media":10104,"comment_status":"open","ping_status":"closed","sticky":false,"template":"","format":"standard","meta":{"_bbp_topic_count":0,"_bbp_reply_count":0,"_bbp_total_topic_count":0,"_bbp_total_reply_count":0,"_bbp_voice_count":0,"_bbp_anonymous_reply_count":0,"_bbp_topic_count_hidden":0,"_bbp_reply_count_hidden":0,"_bbp_forum_subforum_count":0,"footnotes":""},"categories":[29],"tags":[],"class_list":["post-10103","post","type-post","status-publish","format-standard","has-post-thumbnail","hentry","category-portada"],"post_mailing_queue_ids":[],"_links":{"self":[{"href":"https:\/\/agora.xtec.cat\/ies-viladecavalls\/wp-json\/wp\/v2\/posts\/10103","targetHints":{"allow":["GET"]}}],"collection":[{"href":"https:\/\/agora.xtec.cat\/ies-viladecavalls\/wp-json\/wp\/v2\/posts"}],"about":[{"href":"https:\/\/agora.xtec.cat\/ies-viladecavalls\/wp-json\/wp\/v2\/types\/post"}],"author":[{"embeddable":true,"href":"https:\/\/agora.xtec.cat\/ies-viladecavalls\/wp-json\/wp\/v2\/users\/1"}],"replies":[{"embeddable":true,"href":"https:\/\/agora.xtec.cat\/ies-viladecavalls\/wp-json\/wp\/v2\/comments?post=10103"}],"version-history":[{"count":1,"href":"https:\/\/agora.xtec.cat\/ies-viladecavalls\/wp-json\/wp\/v2\/posts\/10103\/revisions"}],"predecessor-version":[{"id":10107,"href":"https:\/\/agora.xtec.cat\/ies-viladecavalls\/wp-json\/wp\/v2\/posts\/10103\/revisions\/10107"}],"wp:featuredmedia":[{"embeddable":true,"href":"https:\/\/agora.xtec.cat\/ies-viladecavalls\/wp-json\/wp\/v2\/media\/10104"}],"wp:attachment":[{"href":"https:\/\/agora.xtec.cat\/ies-viladecavalls\/wp-json\/wp\/v2\/media?parent=10103"}],"wp:term":[{"taxonomy":"category","embeddable":true,"href":"https:\/\/agora.xtec.cat\/ies-viladecavalls\/wp-json\/wp\/v2\/categories?post=10103"},{"taxonomy":"post_tag","embeddable":true,"href":"https:\/\/agora.xtec.cat\/ies-viladecavalls\/wp-json\/wp\/v2\/tags?post=10103"}],"curies":[{"name":"wp","href":"https:\/\/api.w.org\/{rel}","templated":true}]}}