{"id":10097,"date":"2019-11-04T13:22:56","date_gmt":"2019-11-04T12:22:56","guid":{"rendered":"http:\/\/agora.xtec.cat\/ies-viladecavalls\/?p=10097"},"modified":"2019-11-04T13:22:56","modified_gmt":"2019-11-04T12:22:56","slug":"sortida-a-el-figaro-ciencies-de-la-terra-1r-batx","status":"publish","type":"post","link":"https:\/\/agora.xtec.cat\/ies-viladecavalls\/batxillerat\/sortida-a-el-figaro-ciencies-de-la-terra-1r-batx\/","title":{"rendered":"Sortida a EL Figar\u00f3. Ci\u00e8ncies de la Terra 1r batx."},"content":{"rendered":"<p>El dia 30\/10 les alumnes de Ci\u00e8ncies de la Terra de 1r de Batxillerat han realitzat un itinerari per l&#8217;entorn d&#8217;El Figar\u00f3, on han pogut con\u00e8ixer el patrimoni geol\u00f2gic d&#8217;aquella zona i algunes t\u00e8cniques de treball de camp.<\/p>\n<p><img loading=\"lazy\" decoding=\"async\" class=\"alignnone size-large wp-image-10098\" src=\"https:\/\/agora.xtec.cat\/ies-viladecavalls\/wp-content\/uploads\/usu1438\/2019\/11\/figar\u00f3-1024x506.jpg\" alt=\"\" width=\"1024\" height=\"506\" srcset=\"https:\/\/agora.xtec.cat\/ies-viladecavalls\/wp-content\/uploads\/usu1438\/2019\/11\/figar\u00f3-1024x506.jpg 1024w, https:\/\/agora.xtec.cat\/ies-viladecavalls\/wp-content\/uploads\/usu1438\/2019\/11\/figar\u00f3-300x148.jpg 300w, https:\/\/agora.xtec.cat\/ies-viladecavalls\/wp-content\/uploads\/usu1438\/2019\/11\/figar\u00f3-768x380.jpg 768w, https:\/\/agora.xtec.cat\/ies-viladecavalls\/wp-content\/uploads\/usu1438\/2019\/11\/figar\u00f3.jpg 1200w\" sizes=\"auto, (max-width: 1024px) 100vw, 1024px\" \/><\/p>\n","protected":false},"excerpt":{"rendered":"<p>El dia 30\/10 les alumnes de Ci\u00e8ncies de la Terra de 1r de Batxillerat han realitzat un itinerari per l&#8217;entorn d&#8217;El Figar\u00f3, on han pogut con\u00e8ixer el patrimoni geol\u00f2gic d&#8217;aquella zona i algunes t\u00e8cniques de treball de camp.<\/p>\n","protected":false},"author":1,"featured_media":0,"comment_status":"closed","ping_status":"closed","sticky":false,"template":"","format":"standard","meta":{"_bbp_topic_count":0,"_bbp_reply_count":0,"_bbp_total_topic_count":0,"_bbp_total_reply_count":0,"_bbp_voice_count":0,"_bbp_anonymous_reply_count":0,"_bbp_topic_count_hidden":0,"_bbp_reply_count_hidden":0,"_bbp_forum_subforum_count":0,"footnotes":""},"categories":[8,29],"tags":[],"class_list":["post-10097","post","type-post","status-publish","format-standard","hentry","category-batxillerat","category-portada"],"post_mailing_queue_ids":[],"_links":{"self":[{"href":"https:\/\/agora.xtec.cat\/ies-viladecavalls\/wp-json\/wp\/v2\/posts\/10097","targetHints":{"allow":["GET"]}}],"collection":[{"href":"https:\/\/agora.xtec.cat\/ies-viladecavalls\/wp-json\/wp\/v2\/posts"}],"about":[{"href":"https:\/\/agora.xtec.cat\/ies-viladecavalls\/wp-json\/wp\/v2\/types\/post"}],"author":[{"embeddable":true,"href":"https:\/\/agora.xtec.cat\/ies-viladecavalls\/wp-json\/wp\/v2\/users\/1"}],"replies":[{"embeddable":true,"href":"https:\/\/agora.xtec.cat\/ies-viladecavalls\/wp-json\/wp\/v2\/comments?post=10097"}],"version-history":[{"count":1,"href":"https:\/\/agora.xtec.cat\/ies-viladecavalls\/wp-json\/wp\/v2\/posts\/10097\/revisions"}],"predecessor-version":[{"id":10099,"href":"https:\/\/agora.xtec.cat\/ies-viladecavalls\/wp-json\/wp\/v2\/posts\/10097\/revisions\/10099"}],"wp:attachment":[{"href":"https:\/\/agora.xtec.cat\/ies-viladecavalls\/wp-json\/wp\/v2\/media?parent=10097"}],"wp:term":[{"taxonomy":"category","embeddable":true,"href":"https:\/\/agora.xtec.cat\/ies-viladecavalls\/wp-json\/wp\/v2\/categories?post=10097"},{"taxonomy":"post_tag","embeddable":true,"href":"https:\/\/agora.xtec.cat\/ies-viladecavalls\/wp-json\/wp\/v2\/tags?post=10097"}],"curies":[{"name":"wp","href":"https:\/\/api.w.org\/{rel}","templated":true}]}}