{"id":10091,"date":"2019-10-28T12:26:21","date_gmt":"2019-10-28T11:26:21","guid":{"rendered":"http:\/\/agora.xtec.cat\/ies-viladecavalls\/?p=10091"},"modified":"2019-10-28T12:26:21","modified_gmt":"2019-10-28T11:26:21","slug":"sortida-a-la-sequia-de-manresa-modalitat-social-2n-de-batx","status":"publish","type":"post","link":"https:\/\/agora.xtec.cat\/ies-viladecavalls\/portada\/sortida-a-la-sequia-de-manresa-modalitat-social-2n-de-batx\/","title":{"rendered":"Sortida a la s\u00e8quia de Manresa. Modalitat social 2n de Batx."},"content":{"rendered":"<p>Aquest divendres passat, els alumnes de 2n de batxillerat social hem seguit el recorregut de la s\u00e8quia entre Balsareny i Sallent. S&#8217;han observat els paisatges humans resultat de les activitats fetes al voltant de la s\u00e8quia i el riu: col\u00f2nies t\u00e8xtils, regadius, nous pol\u00edgons industrials, xarxes de comunicaci\u00f3, mines de potassa, el barri miner de la Botjosa etc. Tamb\u00e9 hem observat l&#8217;impacte en el medi del runam sal\u00ed.<\/p>\n<p><img loading=\"lazy\" decoding=\"async\" class=\"alignnone size-full wp-image-10092\" src=\"https:\/\/agora.xtec.cat\/ies-viladecavalls\/wp-content\/uploads\/usu1438\/2019\/10\/sortidaeco.jpg\" alt=\"\" width=\"713\" height=\"497\" srcset=\"https:\/\/agora.xtec.cat\/ies-viladecavalls\/wp-content\/uploads\/usu1438\/2019\/10\/sortidaeco.jpg 713w, https:\/\/agora.xtec.cat\/ies-viladecavalls\/wp-content\/uploads\/usu1438\/2019\/10\/sortidaeco-300x209.jpg 300w\" sizes=\"auto, (max-width: 713px) 100vw, 713px\" \/><\/p>\n","protected":false},"excerpt":{"rendered":"<p>Aquest divendres passat, els alumnes de 2n de batxillerat social hem seguit el recorregut de la s\u00e8quia entre Balsareny i Sallent. S&#8217;han observat els paisatges humans resultat de les activitats fetes al voltant de la s\u00e8quia i el riu: col\u00f2nies t\u00e8xtils, regadius, nous pol\u00edgons industrials,&hellip;  <a href=\"https:\/\/agora.xtec.cat\/ies-viladecavalls\/portada\/sortida-a-la-sequia-de-manresa-modalitat-social-2n-de-batx\/\" title=\"Read Sortida a la s\u00e8quia de Manresa. Modalitat social 2n de Batx.\">Llegeix m\u00e9s\u00bb<\/a><\/p>\n","protected":false},"author":1,"featured_media":0,"comment_status":"closed","ping_status":"closed","sticky":false,"template":"","format":"standard","meta":{"_bbp_topic_count":0,"_bbp_reply_count":0,"_bbp_total_topic_count":0,"_bbp_total_reply_count":0,"_bbp_voice_count":0,"_bbp_anonymous_reply_count":0,"_bbp_topic_count_hidden":0,"_bbp_reply_count_hidden":0,"_bbp_forum_subforum_count":0,"footnotes":""},"categories":[29],"tags":[],"class_list":["post-10091","post","type-post","status-publish","format-standard","hentry","category-portada"],"post_mailing_queue_ids":[],"_links":{"self":[{"href":"https:\/\/agora.xtec.cat\/ies-viladecavalls\/wp-json\/wp\/v2\/posts\/10091","targetHints":{"allow":["GET"]}}],"collection":[{"href":"https:\/\/agora.xtec.cat\/ies-viladecavalls\/wp-json\/wp\/v2\/posts"}],"about":[{"href":"https:\/\/agora.xtec.cat\/ies-viladecavalls\/wp-json\/wp\/v2\/types\/post"}],"author":[{"embeddable":true,"href":"https:\/\/agora.xtec.cat\/ies-viladecavalls\/wp-json\/wp\/v2\/users\/1"}],"replies":[{"embeddable":true,"href":"https:\/\/agora.xtec.cat\/ies-viladecavalls\/wp-json\/wp\/v2\/comments?post=10091"}],"version-history":[{"count":1,"href":"https:\/\/agora.xtec.cat\/ies-viladecavalls\/wp-json\/wp\/v2\/posts\/10091\/revisions"}],"predecessor-version":[{"id":10093,"href":"https:\/\/agora.xtec.cat\/ies-viladecavalls\/wp-json\/wp\/v2\/posts\/10091\/revisions\/10093"}],"wp:attachment":[{"href":"https:\/\/agora.xtec.cat\/ies-viladecavalls\/wp-json\/wp\/v2\/media?parent=10091"}],"wp:term":[{"taxonomy":"category","embeddable":true,"href":"https:\/\/agora.xtec.cat\/ies-viladecavalls\/wp-json\/wp\/v2\/categories?post=10091"},{"taxonomy":"post_tag","embeddable":true,"href":"https:\/\/agora.xtec.cat\/ies-viladecavalls\/wp-json\/wp\/v2\/tags?post=10091"}],"curies":[{"name":"wp","href":"https:\/\/api.w.org\/{rel}","templated":true}]}}