{"id":10078,"date":"2019-10-08T09:44:10","date_gmt":"2019-10-08T07:44:10","guid":{"rendered":"http:\/\/agora.xtec.cat\/ies-viladecavalls\/?p=10078"},"modified":"2019-10-08T09:44:42","modified_gmt":"2019-10-08T07:44:42","slug":"estrenem-una-zona-dombra","status":"publish","type":"post","link":"https:\/\/agora.xtec.cat\/ies-viladecavalls\/general\/estrenem-una-zona-dombra\/","title":{"rendered":"Estrenem una zona d&#8217;ombra"},"content":{"rendered":"<p>La setmana passada van acabar les tasques d&#8217;instal\u00b7laci\u00f3 d&#8217;una zona d&#8217;ombra a l&#8217;acc\u00e9s principal de l&#8217;institut. Aquest projecte ha estat impulsat per l&#8217;AMPA i, despr\u00e9s de dos anys, s&#8217;ha pogut portar a terme gr\u00e0cies a les aportacions econ\u00f2miques de l&#8217;AMPA, l&#8217;Ajuntament de Viladecavalls, l&#8217;Ajuntament d&#8217;Ullastrell i el Departament d&#8217;Educaci\u00f3.<\/p>\n<p>Estem molt satisfets amb la implicaci\u00f3 de tots i el resultat final.<\/p>\n<p><a href=\"https:\/\/agora.xtec.cat\/ies-viladecavalls\/wp-content\/uploads\/usu1438\/2019\/10\/IMG_8933.png\"><img loading=\"lazy\" decoding=\"async\" class=\"aligncenter size-full wp-image-10071\" src=\"https:\/\/agora.xtec.cat\/ies-viladecavalls\/wp-content\/uploads\/usu1438\/2019\/10\/IMG_8933.png\" alt=\"\" width=\"1024\" height=\"1024\" srcset=\"https:\/\/agora.xtec.cat\/ies-viladecavalls\/wp-content\/uploads\/usu1438\/2019\/10\/IMG_8933.png 1024w, https:\/\/agora.xtec.cat\/ies-viladecavalls\/wp-content\/uploads\/usu1438\/2019\/10\/IMG_8933-150x150.png 150w, https:\/\/agora.xtec.cat\/ies-viladecavalls\/wp-content\/uploads\/usu1438\/2019\/10\/IMG_8933-300x300.png 300w, https:\/\/agora.xtec.cat\/ies-viladecavalls\/wp-content\/uploads\/usu1438\/2019\/10\/IMG_8933-768x768.png 768w\" sizes=\"auto, (max-width: 1024px) 100vw, 1024px\" \/><\/a><\/p>\n","protected":false},"excerpt":{"rendered":"<p>La setmana passada van acabar les tasques d&#8217;instal\u00b7laci\u00f3 d&#8217;una zona d&#8217;ombra a l&#8217;acc\u00e9s principal de l&#8217;institut. Aquest projecte ha estat impulsat per l&#8217;AMPA i, despr\u00e9s de dos anys, s&#8217;ha pogut portar a terme gr\u00e0cies a les aportacions econ\u00f2miques de l&#8217;AMPA, l&#8217;Ajuntament de Viladecavalls, l&#8217;Ajuntament d&#8217;Ullastrell&hellip;  <a href=\"https:\/\/agora.xtec.cat\/ies-viladecavalls\/general\/estrenem-una-zona-dombra\/\" title=\"Read Estrenem una zona d&#8217;ombra\">Llegeix m\u00e9s\u00bb<\/a><\/p>\n","protected":false},"author":3,"featured_media":0,"comment_status":"open","ping_status":"closed","sticky":false,"template":"","format":"standard","meta":{"_bbp_topic_count":0,"_bbp_reply_count":0,"_bbp_total_topic_count":0,"_bbp_total_reply_count":0,"_bbp_voice_count":0,"_bbp_anonymous_reply_count":0,"_bbp_topic_count_hidden":0,"_bbp_reply_count_hidden":0,"_bbp_forum_subforum_count":0,"footnotes":""},"categories":[31,1,29],"tags":[],"class_list":["post-10078","post","type-post","status-publish","format-standard","hentry","category-ampa","category-general","category-portada"],"post_mailing_queue_ids":[],"_links":{"self":[{"href":"https:\/\/agora.xtec.cat\/ies-viladecavalls\/wp-json\/wp\/v2\/posts\/10078","targetHints":{"allow":["GET"]}}],"collection":[{"href":"https:\/\/agora.xtec.cat\/ies-viladecavalls\/wp-json\/wp\/v2\/posts"}],"about":[{"href":"https:\/\/agora.xtec.cat\/ies-viladecavalls\/wp-json\/wp\/v2\/types\/post"}],"author":[{"embeddable":true,"href":"https:\/\/agora.xtec.cat\/ies-viladecavalls\/wp-json\/wp\/v2\/users\/3"}],"replies":[{"embeddable":true,"href":"https:\/\/agora.xtec.cat\/ies-viladecavalls\/wp-json\/wp\/v2\/comments?post=10078"}],"version-history":[{"count":1,"href":"https:\/\/agora.xtec.cat\/ies-viladecavalls\/wp-json\/wp\/v2\/posts\/10078\/revisions"}],"predecessor-version":[{"id":10079,"href":"https:\/\/agora.xtec.cat\/ies-viladecavalls\/wp-json\/wp\/v2\/posts\/10078\/revisions\/10079"}],"wp:attachment":[{"href":"https:\/\/agora.xtec.cat\/ies-viladecavalls\/wp-json\/wp\/v2\/media?parent=10078"}],"wp:term":[{"taxonomy":"category","embeddable":true,"href":"https:\/\/agora.xtec.cat\/ies-viladecavalls\/wp-json\/wp\/v2\/categories?post=10078"},{"taxonomy":"post_tag","embeddable":true,"href":"https:\/\/agora.xtec.cat\/ies-viladecavalls\/wp-json\/wp\/v2\/tags?post=10078"}],"curies":[{"name":"wp","href":"https:\/\/api.w.org\/{rel}","templated":true}]}}