{"id":13451,"date":"2026-08-31T12:32:25","date_gmt":"2026-08-31T10:32:25","guid":{"rendered":"https:\/\/agora.xtec.cat\/ies-vacarisses\/?p=13451"},"modified":"2026-08-31T12:35:08","modified_gmt":"2026-08-31T10:35:08","slug":"informacio-horari-reunions-inici-de-curs","status":"publish","type":"post","link":"https:\/\/agora.xtec.cat\/ies-vacarisses\/general\/informacio-horari-reunions-inici-de-curs\/","title":{"rendered":"INFORMACI\u00d3 HORARI REUNIONS INICI DE CURS"},"content":{"rendered":"<div>La reuni\u00f3 d&#8217;inici\u00a0de\u00a0curs,\u00a0<strong>adre\u00e7ades a les fam\u00edlies<\/strong>, ser\u00e0 el dijous\u00a0<strong>3\u00a0de\u00a0setembre\u00a0de\u00a02026<\/strong>. S&#8217;organitzar\u00e0\u00a0de\u00a0la seg\u00fcent manera:<\/div>\n<div><\/div>\n<div>17:00 h &#8211; 17:30 h Equip directiu i AFA amb fam\u00edlies\u00a0de\u00a01r cicle (1r ESO i 2n ESO). Gimn\u00e0s.<br \/>\n17:30 h &#8211; 18:30 h Reuni\u00f3 equip tutors\u00a0de\u00a0grup i referents individuals amb fam\u00edlies 1r ESO i 2n ESO. Aules corresponents.<br \/>\n18:00 h &#8211; 18:30 h Equip directiu i AFA amb fam\u00edlies\u00a0de\u00a02n cicle i Batxillerat (3r ESO i 4t ESO i Batxillerat). Gimn\u00e0s.<br \/>\n18:30 h &#8211; 19:30 h Reuni\u00f3 equip tutors\u00a0de\u00a0grup i referents individuals amb fam\u00edlies 3r ESO,\u00a04t ESO i batxillerat. Aules corresponents.<\/div>\n<div><\/div>\n<div>En aquestes reunions, <strong>s&#8217;informar\u00e0\u00a0de\u00a0les q\u00fcestions rellevants del\u00a0curs\u00a02026-2027<\/strong>, aix\u00ed com\u00a0de\u00a0la composici\u00f3 dels grups classe. \u00c9s en aquestes reunions on hi haur\u00e0 la comunicaci\u00f3 oficial dels grups classe i\u00a0de\u00a0les q\u00fcestions rellevants del\u00a0curs. Qualsevol informaci\u00f3 pr\u00e8via referent a aquests temes no ser\u00e0 oficial.<\/div>\n<div><\/div>\n<div>Afegir que l&#8217;inici de les classes \u00e9s el proper <strong>dimarts 8 de setembre de 2026.<\/strong><\/div>\n<div><\/div>\n<div>Us hi esperem!<\/div>\n<div><\/div>\n<div>Equip Directiu<\/div>\n<div><\/div>\n","protected":false},"excerpt":{"rendered":"<p>La reuni\u00f3 d&#8217;inici\u00a0de\u00a0curs,\u00a0adre\u00e7ades a les fam\u00edlies, ser\u00e0 el dijous\u00a03\u00a0de\u00a0setembre\u00a0de\u00a02026. S&#8217;organitzar\u00e0\u00a0de\u00a0la seg\u00fcent manera:<\/p>\n<p>17:00 h &#8211; 17:30 h Equip directiu i AFA amb fam\u00edlies\u00a0de\u00a01r cicle (1r ESO i 2n ESO). Gimn\u00e0s.<br \/>\n17:30 h &#8211; 18:30 h Reuni\u00f3 equip tutors\u00a0de\u00a0grup i referents individuals amb fam\u00edlies 1r ESO i 2n&hellip;  <a href=\"https:\/\/agora.xtec.cat\/ies-vacarisses\/general\/informacio-horari-reunions-inici-de-curs\/\" title=\"Read INFORMACI\u00d3 HORARI REUNIONS INICI DE CURS\">Llegeix m\u00e9s\u00bb<\/a><\/p>\n","protected":false},"author":46,"featured_media":0,"comment_status":"closed","ping_status":"open","sticky":false,"template":"","format":"standard","meta":{"_bbp_topic_count":0,"_bbp_reply_count":0,"_bbp_total_topic_count":0,"_bbp_total_reply_count":0,"_bbp_voice_count":0,"_bbp_anonymous_reply_count":0,"_bbp_topic_count_hidden":0,"_bbp_reply_count_hidden":0,"_bbp_forum_subforum_count":0,"footnotes":""},"categories":[1,161,29],"tags":[],"class_list":["post-13451","post","type-post","status-publish","format-standard","hentry","category-general","category-linstitut","category-portada"],"post_mailing_queue_ids":[],"_links":{"self":[{"href":"https:\/\/agora.xtec.cat\/ies-vacarisses\/wp-json\/wp\/v2\/posts\/13451","targetHints":{"allow":["GET"]}}],"collection":[{"href":"https:\/\/agora.xtec.cat\/ies-vacarisses\/wp-json\/wp\/v2\/posts"}],"about":[{"href":"https:\/\/agora.xtec.cat\/ies-vacarisses\/wp-json\/wp\/v2\/types\/post"}],"author":[{"embeddable":true,"href":"https:\/\/agora.xtec.cat\/ies-vacarisses\/wp-json\/wp\/v2\/users\/46"}],"replies":[{"embeddable":true,"href":"https:\/\/agora.xtec.cat\/ies-vacarisses\/wp-json\/wp\/v2\/comments?post=13451"}],"version-history":[{"count":2,"href":"https:\/\/agora.xtec.cat\/ies-vacarisses\/wp-json\/wp\/v2\/posts\/13451\/revisions"}],"predecessor-version":[{"id":13457,"href":"https:\/\/agora.xtec.cat\/ies-vacarisses\/wp-json\/wp\/v2\/posts\/13451\/revisions\/13457"}],"wp:attachment":[{"href":"https:\/\/agora.xtec.cat\/ies-vacarisses\/wp-json\/wp\/v2\/media?parent=13451"}],"wp:term":[{"taxonomy":"category","embeddable":true,"href":"https:\/\/agora.xtec.cat\/ies-vacarisses\/wp-json\/wp\/v2\/categories?post=13451"},{"taxonomy":"post_tag","embeddable":true,"href":"https:\/\/agora.xtec.cat\/ies-vacarisses\/wp-json\/wp\/v2\/tags?post=13451"}],"curies":[{"name":"wp","href":"https:\/\/api.w.org\/{rel}","templated":true}]}}