{"id":13321,"date":"2026-06-12T10:04:54","date_gmt":"2026-06-12T08:04:54","guid":{"rendered":"https:\/\/agora.xtec.cat\/ies-vacarisses\/?p=13321"},"modified":"2026-06-12T10:04:54","modified_gmt":"2026-06-12T08:04:54","slug":"feina-feta-a-loptativa-de-millorem-linstitut","status":"publish","type":"post","link":"https:\/\/agora.xtec.cat\/ies-vacarisses\/portada\/feina-feta-a-loptativa-de-millorem-linstitut\/","title":{"rendered":"FEINA FETA A L&#8217;OPTATIVA DE &#8220;MILLOREM L&#8217;INSTITUT&#8221;"},"content":{"rendered":"<p data-pm-slice=\"1 1 []\">Com cada curs a l&#8217;optativa de &#8220;Millorem l&#8217;Institut&#8221; s&#8217;han estat fent les millores proposades pel mateix alumnat que hi ha treballat. S&#8217;han dut a terme tasques tals com pintat de portes de vestidors, repassat taules i cadires en m\u00e9s mal estat, s&#8217;ha realitzat un banc pel pati, s&#8217;ha mirat d&#8217;adequar la paret del costat de la biblioteca per a poder penjar treballs, s&#8217;ha substitu\u00eft el tauler de b\u00e0squet de la pista&#8230; en molts casos han aparegut entrebancs i dificultats que han fet tornar a revisar tasques i buscar noves solucions. Justament la resposta a com resoldre els problemes, la planificaci\u00f3 i el treball en grup s\u00f3n els principals objectius de la mat\u00e8ria que l&#8217;alumnat ha estat treballant.<\/p>\n<p data-pm-slice=\"1 1 []\"><a href=\"https:\/\/agora.xtec.cat\/ies-vacarisses\/wp-content\/uploads\/usu603\/2026\/06\/millorem-lInstitut-3T-Josep-Cunill-profe-rotated.jpg\"><img loading=\"lazy\" decoding=\"async\" class=\"aligncenter size-medium wp-image-13322\" src=\"https:\/\/agora.xtec.cat\/ies-vacarisses\/wp-content\/uploads\/usu603\/2026\/06\/millorem-lInstitut-3T-Josep-Cunill-profe-225x300.jpg\" alt=\"\" width=\"225\" height=\"300\" srcset=\"https:\/\/agora.xtec.cat\/ies-vacarisses\/wp-content\/uploads\/usu603\/2026\/06\/millorem-lInstitut-3T-Josep-Cunill-profe-225x300.jpg 225w, https:\/\/agora.xtec.cat\/ies-vacarisses\/wp-content\/uploads\/usu603\/2026\/06\/millorem-lInstitut-3T-Josep-Cunill-profe-768x1024.jpg 768w, https:\/\/agora.xtec.cat\/ies-vacarisses\/wp-content\/uploads\/usu603\/2026\/06\/millorem-lInstitut-3T-Josep-Cunill-profe-1152x1536.jpg 1152w, https:\/\/agora.xtec.cat\/ies-vacarisses\/wp-content\/uploads\/usu603\/2026\/06\/millorem-lInstitut-3T-Josep-Cunill-profe-rotated.jpg 1500w\" sizes=\"auto, (max-width: 225px) 100vw, 225px\" \/><\/a><\/p>\n<p><!--a=1--><\/p>\n","protected":false},"excerpt":{"rendered":"<p>Com cada curs a l&#8217;optativa de &#8220;Millorem l&#8217;Institut&#8221; s&#8217;han estat fent les millores proposades pel mateix alumnat que hi ha treballat. S&#8217;han dut a terme tasques tals com pintat de portes de vestidors, repassat taules i cadires en m\u00e9s mal estat, s&#8217;ha realitzat un banc pel pati, s&#8217;ha mirat d&#8217;adequar la paret del costat de la biblioteca per a poder penjar treballs, s&#8217;ha substitu\u00eft el tauler de b\u00e0squet de la pista&#8230; en molts casos han aparegut entrebancs i dificultats que han fet tornar a revisar tasques i buscar noves solucions. Justament la resposta a com resoldre els problemes, la planificaci\u00f3 i el treball en grup s\u00f3n els principals objectius de la mat\u00e8ria que l&#8217;alumnat ha estat treballant.&hellip;  <a href=\"https:\/\/agora.xtec.cat\/ies-vacarisses\/portada\/feina-feta-a-loptativa-de-millorem-linstitut\/\" title=\"Read FEINA FETA A L&#8217;OPTATIVA DE &#8220;MILLOREM L&#8217;INSTITUT&#8221;\">Llegeix m\u00e9s\u00bb<\/a><\/p>\n","protected":false},"author":48,"featured_media":13322,"comment_status":"closed","ping_status":"open","sticky":false,"template":"","format":"standard","meta":{"_bbp_topic_count":0,"_bbp_reply_count":0,"_bbp_total_topic_count":0,"_bbp_total_reply_count":0,"_bbp_voice_count":0,"_bbp_anonymous_reply_count":0,"_bbp_topic_count_hidden":0,"_bbp_reply_count_hidden":0,"_bbp_forum_subforum_count":0,"footnotes":""},"categories":[78,79,80,29],"tags":[],"class_list":["post-13321","post","type-post","status-publish","format-standard","has-post-thumbnail","hentry","category-1r-eso","category-2n-eso","category-3r-eso","category-portada"],"post_mailing_queue_ids":[],"_links":{"self":[{"href":"https:\/\/agora.xtec.cat\/ies-vacarisses\/wp-json\/wp\/v2\/posts\/13321","targetHints":{"allow":["GET"]}}],"collection":[{"href":"https:\/\/agora.xtec.cat\/ies-vacarisses\/wp-json\/wp\/v2\/posts"}],"about":[{"href":"https:\/\/agora.xtec.cat\/ies-vacarisses\/wp-json\/wp\/v2\/types\/post"}],"author":[{"embeddable":true,"href":"https:\/\/agora.xtec.cat\/ies-vacarisses\/wp-json\/wp\/v2\/users\/48"}],"replies":[{"embeddable":true,"href":"https:\/\/agora.xtec.cat\/ies-vacarisses\/wp-json\/wp\/v2\/comments?post=13321"}],"version-history":[{"count":1,"href":"https:\/\/agora.xtec.cat\/ies-vacarisses\/wp-json\/wp\/v2\/posts\/13321\/revisions"}],"predecessor-version":[{"id":13323,"href":"https:\/\/agora.xtec.cat\/ies-vacarisses\/wp-json\/wp\/v2\/posts\/13321\/revisions\/13323"}],"wp:featuredmedia":[{"embeddable":true,"href":"https:\/\/agora.xtec.cat\/ies-vacarisses\/wp-json\/wp\/v2\/media\/13322"}],"wp:attachment":[{"href":"https:\/\/agora.xtec.cat\/ies-vacarisses\/wp-json\/wp\/v2\/media?parent=13321"}],"wp:term":[{"taxonomy":"category","embeddable":true,"href":"https:\/\/agora.xtec.cat\/ies-vacarisses\/wp-json\/wp\/v2\/categories?post=13321"},{"taxonomy":"post_tag","embeddable":true,"href":"https:\/\/agora.xtec.cat\/ies-vacarisses\/wp-json\/wp\/v2\/tags?post=13321"}],"curies":[{"name":"wp","href":"https:\/\/api.w.org\/{rel}","templated":true}]}}