{"id":13037,"date":"2026-04-17T13:03:20","date_gmt":"2026-04-17T11:03:20","guid":{"rendered":"https:\/\/agora.xtec.cat\/ies-vacarisses\/?p=13037"},"modified":"2026-04-17T13:07:25","modified_gmt":"2026-04-17T11:07:25","slug":"fira-terrassa-tria-futur","status":"publish","type":"post","link":"https:\/\/agora.xtec.cat\/ies-vacarisses\/portada\/fira-terrassa-tria-futur\/","title":{"rendered":"VISITA A LA FIRA DE TERRASSA TRIA FUTUR"},"content":{"rendered":"<p>Ahir, l\u2019alumnat de 3r d\u2019ESO del nostre institut va visitar la fira Terrassa Tria Futur. Una experi\u00e8ncia molt enriquidora que els ha perm\u00e8s con\u00e8ixer diferents itineraris formatius i sortides professionals, amb l\u2019objectiu d\u2019orientar-los en el seu futur acad\u00e8mic i laboral. Seguim treballant per motivar-los a continuar esfor\u00e7ant-se i a acabar aquesta etapa amb il\u00b7lusi\u00f3 i confian\u00e7a.<\/p>\n<p style=\"text-align: center;\">\r\n\t<div class=\"slideshow_container slideshow_container_style-light\" style=\"height: 300px; \" data-slideshow-id=\"13024\" data-style-name=\"style-light\" data-style-version=\"2.3.1\" >\r\n\r\n\t\t\t\t\t<div class=\"slideshow_loading_icon\"><\/div>\r\n\t\t\r\n\t\t<div class=\"slideshow_content\" style=\"display: none;\">\r\n\r\n\t\t\t<div class=\"slideshow_view\">\r\n\t\t\t\t<div class=\"slideshow_slide slideshow_slide_image\">\r\n\t\t\t\t\t\t\t\t\t\t\t<img src=\"https:\/\/agora.xtec.cat\/ies-vacarisses\/wp-content\/uploads\/usu603\/2026\/04\/IMG-20260416-WA0007-Conchita-Sanchez-profe-1.jpg\" alt=\"IMG-20260416-WA0007 - Conchita S\u00e1nchez (profe)\" width=\"1152\" height=\"2048\" \/>\r\n\t\t\t\t\t\t\t\t\t\t<div class=\"slideshow_description_box slideshow_transparent\">\r\n\t\t\t\t\t\t<div class=\"slideshow_title\">IMG-20260416-WA0007 - Conchita S\u00e1nchez (profe)<\/div>\t\t\t\t\t\t\t\t\t\t\t<\/div>\r\n\t\t\t\t<\/div>\r\n\r\n\t\t\t\t\t\t<div style=\"clear: both;\"><\/div><\/div><div class=\"slideshow_view\">\r\n\t\t\t\t<div class=\"slideshow_slide slideshow_slide_image\">\r\n\t\t\t\t\t\t\t\t\t\t\t<img src=\"https:\/\/agora.xtec.cat\/ies-vacarisses\/wp-content\/uploads\/usu603\/2026\/04\/IMG-20260416-WA0006-Conchita-Sanchez-profe-1.jpg\" alt=\"IMG-20260416-WA0006 - Conchita S\u00e1nchez (profe)\" width=\"1152\" height=\"2048\" \/>\r\n\t\t\t\t\t\t\t\t\t\t<div class=\"slideshow_description_box slideshow_transparent\">\r\n\t\t\t\t\t\t<div class=\"slideshow_title\">IMG-20260416-WA0006 - Conchita S\u00e1nchez (profe)<\/div>\t\t\t\t\t\t\t\t\t\t\t<\/div>\r\n\t\t\t\t<\/div>\r\n\r\n\t\t\t\t\t\t<div style=\"clear: both;\"><\/div><\/div><div class=\"slideshow_view\">\r\n\t\t\t\t<div class=\"slideshow_slide slideshow_slide_image\">\r\n\t\t\t\t\t\t\t\t\t\t\t<img src=\"https:\/\/agora.xtec.cat\/ies-vacarisses\/wp-content\/uploads\/usu603\/2026\/04\/IMG-20260416-WA0003-1-Conchita-Sanchez-profe-1.jpg\" alt=\"IMG-20260416-WA0003 (1) - Conchita S\u00e1nchez (profe)\" width=\"1152\" height=\"2048\" \/>\r\n\t\t\t\t\t\t\t\t\t\t<div class=\"slideshow_description_box slideshow_transparent\">\r\n\t\t\t\t\t\t<div class=\"slideshow_title\">IMG-20260416-WA0003 (1) - Conchita S\u00e1nchez (profe)<\/div>\t\t\t\t\t\t\t\t\t\t\t<\/div>\r\n\t\t\t\t<\/div>\r\n\r\n\t\t\t\t\t\t<div style=\"clear: both;\"><\/div><\/div><div class=\"slideshow_view\">\r\n\t\t\t\t<div class=\"slideshow_slide slideshow_slide_image\">\r\n\t\t\t\t\t\t\t\t\t\t\t<img src=\"https:\/\/agora.xtec.cat\/ies-vacarisses\/wp-content\/uploads\/usu603\/2026\/04\/IMG_20260416_112555-Conchita-Sanchez-profe-1-scaled.jpg\" alt=\"IMG_20260416_112555 - Conchita S\u00e1nchez (profe)\" width=\"2560\" height=\"1470\" \/>\r\n\t\t\t\t\t\t\t\t\t\t<div class=\"slideshow_description_box slideshow_transparent\">\r\n\t\t\t\t\t\t<div class=\"slideshow_title\">IMG_20260416_112555 - Conchita S\u00e1nchez (profe)<\/div>\t\t\t\t\t\t\t\t\t\t\t<\/div>\r\n\t\t\t\t<\/div>\r\n\r\n\t\t\t\t\t\t<div style=\"clear: both;\"><\/div><\/div><div class=\"slideshow_view\">\r\n\t\t\t\t<div class=\"slideshow_slide slideshow_slide_image\">\r\n\t\t\t\t\t\t\t\t\t\t\t<img src=\"https:\/\/agora.xtec.cat\/ies-vacarisses\/wp-content\/uploads\/usu603\/2026\/04\/IMG_20260416_113056-Conchita-Sanchez-profe-scaled.jpg\" alt=\"IMG_20260416_113056 - Conchita S\u00e1nchez (profe)\" width=\"2560\" height=\"1920\" \/>\r\n\t\t\t\t\t\t\t\t\t\t<div class=\"slideshow_description_box slideshow_transparent\">\r\n\t\t\t\t\t\t<div class=\"slideshow_title\">IMG_20260416_113056 - Conchita S\u00e1nchez (profe)<\/div>\t\t\t\t\t\t\t\t\t\t\t<\/div>\r\n\t\t\t\t<\/div>\r\n\r\n\t\t\t\t\t\t<div style=\"clear: both;\"><\/div><\/div><div class=\"slideshow_view\">\r\n\t\t\t\t<div class=\"slideshow_slide slideshow_slide_image\">\r\n\t\t\t\t\t\t\t\t\t\t\t<img src=\"https:\/\/agora.xtec.cat\/ies-vacarisses\/wp-content\/uploads\/usu603\/2026\/04\/IMG_20260416_112918-Conchita-Sanchez-profe-scaled.jpg\" alt=\"IMG_20260416_112918 - Conchita S\u00e1nchez (profe)\" width=\"1920\" height=\"2560\" \/>\r\n\t\t\t\t\t\t\t\t\t\t<div class=\"slideshow_description_box slideshow_transparent\">\r\n\t\t\t\t\t\t<div class=\"slideshow_title\">IMG_20260416_112918 - Conchita S\u00e1nchez (profe)<\/div>\t\t\t\t\t\t\t\t\t\t\t<\/div>\r\n\t\t\t\t<\/div>\r\n\r\n\t\t\t\t\t\t<div style=\"clear: both;\"><\/div><\/div><div class=\"slideshow_view\">\r\n\t\t\t\t<div class=\"slideshow_slide slideshow_slide_image\">\r\n\t\t\t\t\t\t\t\t\t\t\t<img src=\"https:\/\/agora.xtec.cat\/ies-vacarisses\/wp-content\/uploads\/usu603\/2026\/04\/IMG_20260416_112847-Conchita-Sanchez-profe-scaled.jpg\" alt=\"IMG_20260416_112847 - Conchita S\u00e1nchez (profe)\" width=\"1920\" height=\"2560\" \/>\r\n\t\t\t\t\t\t\t\t\t\t<div class=\"slideshow_description_box slideshow_transparent\">\r\n\t\t\t\t\t\t<div class=\"slideshow_title\">IMG_20260416_112847 - Conchita S\u00e1nchez (profe)<\/div>\t\t\t\t\t\t\t\t\t\t\t<\/div>\r\n\t\t\t\t<\/div>\r\n\r\n\t\t\t\t\t\t<div style=\"clear: both;\"><\/div><\/div><div class=\"slideshow_view\">\r\n\t\t\t\t<div class=\"slideshow_slide slideshow_slide_image\">\r\n\t\t\t\t\t\t\t\t\t\t\t<img src=\"https:\/\/agora.xtec.cat\/ies-vacarisses\/wp-content\/uploads\/usu603\/2026\/04\/IMG_20260416_112636-1-Conchita-Sanchez-profe-scaled.jpg\" alt=\"IMG_20260416_112636 (1) - Conchita S\u00e1nchez (profe)\" width=\"2560\" height=\"1920\" \/>\r\n\t\t\t\t\t\t\t\t\t\t<div class=\"slideshow_description_box slideshow_transparent\">\r\n\t\t\t\t\t\t<div class=\"slideshow_title\">IMG_20260416_112636 (1) - Conchita S\u00e1nchez (profe)<\/div>\t\t\t\t\t\t\t\t\t\t\t<\/div>\r\n\t\t\t\t<\/div>\r\n\r\n\t\t\t\t\t\t<div style=\"clear: both;\"><\/div><\/div>\r\n\t\t<\/div>\r\n\r\n\t\t<div class=\"slideshow_controlPanel slideshow_transparent\" style=\"display: none;\"><ul><li class=\"slideshow_togglePlay\" data-play-text=\"Visualitza\" data-pause-text=\"Pausa\"><\/li><\/ul><\/div>\r\n\r\n\t\t<div class=\"slideshow_button slideshow_previous slideshow_transparent\" role=\"button\" data-previous-text=\"Anterior\" style=\"display: none;\"><\/div>\r\n\t\t<div class=\"slideshow_button slideshow_next slideshow_transparent\" role=\"button\" data-next-text=\"Seg\u00fcent\" style=\"display: none;\"><\/div>\r\n\r\n\t\t<div class=\"slideshow_pagination\" style=\"display: none;\" data-go-to-text=\"V\u00e9s a la diapositiva\"><div class=\"slideshow_pagination_center\"><\/div><\/div>\r\n\r\n\t\t<!-- WordPress Slideshow Version 2.3.1 -->\r\n\r\n\t\t\t<\/div>\r\n\r\n<\/p>\n<p><!--a=1--><\/p>\n<p><!--a=1--><\/p>\n<p><!--a=1--><\/p>\n","protected":false},"excerpt":{"rendered":"<p>Ahir, l\u2019alumnat de 3r d\u2019ESO del nostre institut va visitar la fira Terrassa Tria Futur. Una experi\u00e8ncia molt enriquidora que els ha perm\u00e8s con\u00e8ixer diferents itineraris formatius i sortides professionals, amb l\u2019objectiu d\u2019orientar-los en el seu futur acad\u00e8mic i laboral. Seguim treballant per motivar-los a continuar esfor\u00e7ant-se i a acabar aquesta etapa amb il\u00b7lusi\u00f3 i confian\u00e7a.&hellip;  <a href=\"https:\/\/agora.xtec.cat\/ies-vacarisses\/portada\/fira-terrassa-tria-futur\/\" title=\"Read VISITA A LA FIRA DE TERRASSA TRIA FUTUR\">Llegeix m\u00e9s\u00bb<\/a><\/p>\n","protected":false},"author":48,"featured_media":13035,"comment_status":"closed","ping_status":"open","sticky":false,"template":"","format":"standard","meta":{"_bbp_topic_count":0,"_bbp_reply_count":0,"_bbp_total_topic_count":0,"_bbp_total_reply_count":0,"_bbp_voice_count":0,"_bbp_anonymous_reply_count":0,"_bbp_topic_count_hidden":0,"_bbp_reply_count_hidden":0,"_bbp_forum_subforum_count":0,"footnotes":""},"categories":[80,29,170],"tags":[],"class_list":["post-13037","post","type-post","status-publish","format-standard","has-post-thumbnail","hentry","category-3r-eso","category-portada","category-sortides-3er-eso"],"post_mailing_queue_ids":[],"_links":{"self":[{"href":"https:\/\/agora.xtec.cat\/ies-vacarisses\/wp-json\/wp\/v2\/posts\/13037","targetHints":{"allow":["GET"]}}],"collection":[{"href":"https:\/\/agora.xtec.cat\/ies-vacarisses\/wp-json\/wp\/v2\/posts"}],"about":[{"href":"https:\/\/agora.xtec.cat\/ies-vacarisses\/wp-json\/wp\/v2\/types\/post"}],"author":[{"embeddable":true,"href":"https:\/\/agora.xtec.cat\/ies-vacarisses\/wp-json\/wp\/v2\/users\/48"}],"replies":[{"embeddable":true,"href":"https:\/\/agora.xtec.cat\/ies-vacarisses\/wp-json\/wp\/v2\/comments?post=13037"}],"version-history":[{"count":3,"href":"https:\/\/agora.xtec.cat\/ies-vacarisses\/wp-json\/wp\/v2\/posts\/13037\/revisions"}],"predecessor-version":[{"id":13040,"href":"https:\/\/agora.xtec.cat\/ies-vacarisses\/wp-json\/wp\/v2\/posts\/13037\/revisions\/13040"}],"wp:featuredmedia":[{"embeddable":true,"href":"https:\/\/agora.xtec.cat\/ies-vacarisses\/wp-json\/wp\/v2\/media\/13035"}],"wp:attachment":[{"href":"https:\/\/agora.xtec.cat\/ies-vacarisses\/wp-json\/wp\/v2\/media?parent=13037"}],"wp:term":[{"taxonomy":"category","embeddable":true,"href":"https:\/\/agora.xtec.cat\/ies-vacarisses\/wp-json\/wp\/v2\/categories?post=13037"},{"taxonomy":"post_tag","embeddable":true,"href":"https:\/\/agora.xtec.cat\/ies-vacarisses\/wp-json\/wp\/v2\/tags?post=13037"}],"curies":[{"name":"wp","href":"https:\/\/api.w.org\/{rel}","templated":true}]}}