{"id":4934,"date":"2024-03-05T10:09:20","date_gmt":"2024-03-05T09:09:20","guid":{"rendered":"https:\/\/agora.xtec.cat\/ies-serratibonastre\/?p=4934"},"modified":"2025-01-25T17:04:22","modified_gmt":"2025-01-25T16:04:22","slug":"preinscripcio-24-25-seguiment-del-proces-i-llistats","status":"publish","type":"post","link":"https:\/\/agora.xtec.cat\/ies-serratibonastre\/general\/preinscripcio-24-25-seguiment-del-proces-i-llistats\/","title":{"rendered":"Preinscripci\u00f3 24-25. Seguiment del proc\u00e9s i llistats"},"content":{"rendered":"<p>Benvolgudes fam\u00edlies,<\/p>\n<ol>\n<li>Aquest curs la preinscripci\u00f3 a l&#8217;ESO s&#8217;ha de fer de manera <span style=\"color: #ff6600;\"><strong>telem\u00e0tica.<\/strong><\/span>\u00a0Es pot accedir a la sol\u00b7licitud des d&#8217;aquesta <a href=\"https:\/\/preinscripcio.gencat.cat\/ca\/estudis\/eso\/preinscriute\/sollicitud\/\" target=\"_blank\" rel=\"noopener\">p\u00e0gina del Departament d&#8217;Educaci\u00f3,<\/a> on tamb\u00e9 trobareu informaci\u00f3 i v\u00eddeos explicatius sobre com fer el tr\u00e0mit telem\u00e0tic.<\/li>\n<li>Informaci\u00f3 sobre els <a href=\"https:\/\/preinscripcio.gencat.cat\/ca\/estudis\/eso\/informat\/criteris-assignacio\/\" target=\"_blank\" rel=\"noopener\">criteris d&#8217;assignaci\u00f3<\/a> de pla\u00e7a.<\/li>\n<li>Podeu trobar informaci\u00f3 actualitzada sobre el proc\u00e9s de preinscripci\u00f3 (terminis, materials de suport, etc.) als seg\u00fcents enlla\u00e7os del Consorci d&#8217;Educaci\u00f3:\u00a0 <a href=\"https:\/\/www.edubcn.cat\/ca\/alumnat_i_familia\/informacio_general_matriculacio\/preinscripcio_info\" target=\"_blank\" rel=\"noopener\">proc\u00e9s de preinscripci\u00f3<\/a>,\u00a0 \u00a0<a href=\"https:\/\/www.edubcn.cat\/ca\/alumnat_i_familia\/informacio_general_matriculacio\/preguntes_frequents_preinscripcio\" target=\"_blank\" rel=\"noopener\">preguntes freq\u00fcents<\/a>.<\/li>\n<li>Tamb\u00e9 us podeu adre\u00e7ar a <a href=\"https:\/\/www.edubcn.cat\/ca\/alumnat_i_familia\/informacio_general_matriculacio\/informat\" target=\"_blank\" rel=\"noopener\">qualsevol oficina de suport a la preinscripci\u00f3 o a les oficines d&#8217;escolaritzaci\u00f3 de la ciutat<\/a>.<\/li>\n<li>Tamb\u00e9 podeu trobar informaci\u00f3 espec\u00edfica per fer el proc\u00e9s de preinscripci\u00f3 correctament <em>per a alumnes amb necessitats educatives especials<\/em> en aquestes comunicacions del CEB:\n<ol>\n<li style=\"list-style-type: none;\">\n<ol style=\"list-style-type: lower-alpha;\">\n<li><a href=\"https:\/\/agora.xtec.cat\/ies-serratibonastre\/wp-content\/uploads\/usu2437\/2024\/03\/AF_CEB_fullet_NEE_A_digital_CAT.pdf\" target=\"_blank\" rel=\"noopener\">Alumnes amb NEE A<\/a><\/li>\n<li><a href=\"https:\/\/agora.xtec.cat\/ies-serratibonastre\/wp-content\/uploads\/usu2437\/2024\/03\/CEB_Carta_NESE-B_ESO.pdf\" target=\"_blank\" rel=\"noopener\">Alumnes amb NEE B<\/a><\/li>\n<\/ol>\n<\/li>\n<\/ol>\n<\/li>\n<\/ol>\n<p>&nbsp;<\/p>\n<p><strong>RECOMANACIONS:<\/strong><\/p>\n<p>\u2022 Tenir fotografiada o escanejada la documentaci\u00f3 en el mateix dispositiu des d\u2019on es fa la sol\u00b7licitud. <em><a href=\"https:\/\/www.youtube.com\/watch?v=kAm26LWm51U\" target=\"_blank\" rel=\"noopener\">V\u00eddeo amb consells sobre digitalitzaci\u00f3 i pujada de documents al web.<\/a><\/em><br \/>\n\u2022 El codi de centre del nostre Institut \u00e9s <strong>08014188<\/strong>, el necessitareu per indicar a quin centre us voleu preinscriure.<br \/>\n\u2022 Demaneu al vostre centre actual el <strong><em>n\u00famero d\u2019Identificaci\u00f3 de l\u2019alumne<\/em> (IDALU)<\/strong> per poder lligar la sol\u00b7licitud al seu expedient acad\u00e8mic i personal.<br \/>\n\u2022 Cenyiu-vos al calendari establert, lliurar la sol\u00b7licitud o la documentaci\u00f3 fora de termini us fa perdre tots els drets d\u2019adscripci\u00f3 amb el risc que aix\u00f2 comporta de quedar-se sense pla\u00e7a al centre.<\/p>\n<p>__________________<\/p>\n<h4>PROC\u00c9S DE PREINSCRIPCI\u00d3.<span style=\"font-size: 12pt; color: #000000;\">\u00a0<\/span><\/h4>\n<h5 style=\"padding-left: 40px;\"><strong>ESO<\/strong><\/h5>\n<p><a href=\"https:\/\/www.edubcn.cat\/ca\/alumnat_i_familia\/informacio_general_matriculacio\/preinscripcio\" target=\"_blank\" rel=\"noopener\"><em>Informaci\u00f3 i calendari de la preinscripci\u00f3 a estudis obligatoris<\/em><\/a><\/p>\n<ul>\n<li style=\"list-style-type: none;\">\n<ul>\n<li style=\"list-style-type: none;\">\n<ul style=\"list-style-type: disc;\">\n<li><span style=\"color: #000000;\"><strong>Centres de prim\u00e0ria adscrits<\/strong><\/span><\/li>\n<\/ul>\n<\/li>\n<\/ul>\n<\/li>\n<li style=\"list-style-type: none;\">\n<ul>\n<li style=\"list-style-type: none;\"><a href=\"https:\/\/agora.xtec.cat\/ies-serratibonastre\/wp-content\/uploads\/usu2437\/2024\/01\/adscr-.jpg\"><img loading=\"lazy\" decoding=\"async\" class=\"alignnone wp-image-5190\" src=\"https:\/\/agora.xtec.cat\/ies-serratibonastre\/wp-content\/uploads\/usu2437\/2024\/01\/adscr-.jpg\" alt=\"\" width=\"527\" height=\"253\" srcset=\"https:\/\/agora.xtec.cat\/ies-serratibonastre\/wp-content\/uploads\/usu2437\/2024\/01\/adscr-.jpg 610w, https:\/\/agora.xtec.cat\/ies-serratibonastre\/wp-content\/uploads\/usu2437\/2024\/01\/adscr--300x144.jpg 300w\" sizes=\"auto, (max-width: 527px) 100vw, 527px\" \/><\/a><\/li>\n<li style=\"list-style-type: none;\"><\/li>\n<\/ul>\n<\/li>\n<\/ul>\n<ul>\n<li style=\"list-style-type: none;\">\n<ul>\n<li style=\"list-style-type: none;\">\n<ul style=\"list-style-type: disc;\">\n<li><em><span style=\"color: #0000ff;\"><a style=\"color: #0000ff;\" href=\"http:\/\/mapaescolar.gencat.cat\/\" target=\"_blank\" rel=\"noopener\">Oferta inicial de places<\/a><\/span><\/em><\/li>\n<li><a href=\"https:\/\/agora.xtec.cat\/ies-serratibonastre\/wp-content\/uploads\/usu2437\/2024\/03\/ofi.jpg\"><img loading=\"lazy\" decoding=\"async\" class=\"alignnone wp-image-5220\" src=\"https:\/\/agora.xtec.cat\/ies-serratibonastre\/wp-content\/uploads\/usu2437\/2024\/03\/ofi.jpg\" alt=\"\" width=\"790\" height=\"272\" srcset=\"https:\/\/agora.xtec.cat\/ies-serratibonastre\/wp-content\/uploads\/usu2437\/2024\/03\/ofi.jpg 650w, https:\/\/agora.xtec.cat\/ies-serratibonastre\/wp-content\/uploads\/usu2437\/2024\/03\/ofi-300x103.jpg 300w\" sizes=\"auto, (max-width: 790px) 100vw, 790px\" \/><\/a><\/li>\n<li><span style=\"color: #ff0000;\"><em>Aquesta oferta no \u00e9s definitiva i pot patir canvis en l\u2019oferta final derivats de la demanda, de necessitats en l\u2019escolaritzaci\u00f3 o l\u2019evoluci\u00f3 de la matr\u00edcula continuada durant el curs actual. <\/em><em><span style=\"font-size: 12pt;\">Tamb\u00e9 podeu consultar l&#8217;oferta de places per al curs 2023-24 al <a style=\"color: #ff0000;\" href=\"http:\/\/mapaescolar.gencat.cat\/\" target=\"_blank\" rel=\"noopener noreferrer\">mapa escolar de Catalunya<\/a>, indicant el codi del nostre centre: <strong>08014188<\/strong><\/span><\/em><\/span><\/li>\n<\/ul>\n<\/li>\n<li style=\"list-style-type: none;\"><\/li>\n<\/ul>\n<\/li>\n<li style=\"list-style-type: none;\"><\/li>\n<\/ul>\n<ul>\n<li style=\"list-style-type: none;\">\n<ul>\n<li style=\"list-style-type: none;\">\n<ul style=\"list-style-type: disc;\">\n<li><a href=\"https:\/\/agora.xtec.cat\/ies-serratibonastre\/wp-content\/uploads\/usu2437\/2024\/03\/INFORME_BAREM_PROVISIONAL_BAREM-1-1.pdf\">Llista provisional de barem<\/a><\/li>\n<\/ul>\n<ul style=\"list-style-type: disc;\">\n<li><a href=\"https:\/\/agora.xtec.cat\/ies-serratibonastre\/wp-content\/uploads\/usu2437\/2024\/03\/INFORME_BAREM_RESOLTES_BAREM-1.pdf\" target=\"_blank\" rel=\"noopener\">Llista de barem (resoltes reclamacions ESO)<\/a><\/li>\n<li><a href=\"https:\/\/agora.xtec.cat\/ies-serratibonastre\/wp-content\/uploads\/usu2437\/2024\/03\/INFORME_BAREM_DEFINITIU_BAREM-4.pdf\" target=\"_blank\" rel=\"noopener\">Llista ordenada definitiva<\/a><\/li>\n<li><a href=\"https:\/\/agora.xtec.cat\/ies-serratibonastre\/wp-content\/uploads\/usu2437\/2024\/03\/ACFrOgCrzZNrhQKo1aiYs1tx9PzBqBq8PnCvt8Stkp8F6wg0Cu1GxqCB9NgLQCnLnL7pZp9XoCCttcqp6kPzqSemGtM32PhbboQ4LRivFF84ZI4F9azkgmuslp70pEiM64fiHlxDQv3dMFEqv344.pdf\" target=\"_blank\" rel=\"noopener\">Oferta final de places<\/a><\/li>\n<li><span style=\"color: #999999;\"><a href=\"https:\/\/agora.xtec.cat\/ies-serratibonastre\/wp-content\/uploads\/usu2437\/2024\/03\/INFORME_ASSIGNADES_INFORME_ASSIGNADES-2.pdf\" target=\"_blank\" rel=\"noopener\">Llista de places assignades*<\/a> \u00a0 \/ <a href=\"https:\/\/agora.xtec.cat\/ies-serratibonastre\/wp-content\/uploads\/usu2437\/2024\/03\/INFORME_LLISTA_ESPERA_OME_LLISTA_ESPERA-2.pdf\" target=\"_blank\" rel=\"noopener\">Llista d&#8217;espera<\/a><\/span><\/li>\n<\/ul>\n<\/li>\n<\/ul>\n<\/li>\n<\/ul>\n<p><span style=\"color: #999999;\"><em>* Les fam\u00edlies que heu estat assignades al centre rebreu un correu electr\u00f2nic amb informaci\u00f3 per formalitzar la matr\u00edcula en el mateix correu que vau fer servir per a tramitar la preinscripci\u00f3.\u00a0<\/em><\/span><\/p>\n<p>&nbsp;<\/p>\n<p>&nbsp;<\/p>\n<h5 style=\"padding-left: 40px;\"><span style=\"color: #999999;\"><strong><span style=\"color: #000000;\">BATXILLERAT<\/span><\/strong><\/span><\/h5>\n<p><span style=\"color: #000000;\"><a style=\"color: #000000;\" href=\"https:\/\/www.edubcn.cat\/ca\/alumnat_i_familia\/informacio_general_matriculacio\/postobligatoris\" target=\"_blank\" rel=\"noopener\"><em>Informaci\u00f3 i calendari de la preinscripci\u00f3 a estudis postobligatoris<\/em><\/a><\/span><\/p>\n<p><span style=\"color: #000000;\"><sub><em>\u00a0 \u00a0 \u00a0 \u00a0<\/em><\/sub><span style=\"font-family: inherit; font-size: 1em; color: #0000ff;\">Oferta inicial de places<\/span><\/span><\/p>\n<p><a href=\"https:\/\/agora.xtec.cat\/ies-serratibonastre\/wp-content\/uploads\/usu2437\/2024\/03\/ofbtx.jpg\"><img loading=\"lazy\" decoding=\"async\" class=\"alignnone size-full wp-image-5430\" src=\"https:\/\/agora.xtec.cat\/ies-serratibonastre\/wp-content\/uploads\/usu2437\/2024\/03\/ofbtx.jpg\" alt=\"\" width=\"719\" height=\"341\" srcset=\"https:\/\/agora.xtec.cat\/ies-serratibonastre\/wp-content\/uploads\/usu2437\/2024\/03\/ofbtx.jpg 719w, https:\/\/agora.xtec.cat\/ies-serratibonastre\/wp-content\/uploads\/usu2437\/2024\/03\/ofbtx-300x142.jpg 300w\" sizes=\"auto, (max-width: 719px) 100vw, 719px\" \/><\/a><\/p>\n<ul>\n<li style=\"list-style-type: none;\">\n<ul>\n<li style=\"list-style-type: none;\"><span style=\"color: #ff0000;\"><em>Aquesta oferta no \u00e9s definitiva i pot patir canvis en l\u2019oferta final derivats de la demanda, de necessitats en l\u2019escolaritzaci\u00f3 o l\u2019evoluci\u00f3 de la matr\u00edcula continuada durant el curs actual. <\/em><em><span style=\"font-size: 12pt;\">Tamb\u00e9 podeu consultar l&#8217;oferta de places per al curs 2023-24 al <a style=\"color: #ff0000;\" href=\"http:\/\/mapaescolar.gencat.cat\/\" target=\"_blank\" rel=\"noopener noreferrer\">mapa escolar de Catalunya<\/a>, indicant el codi del nostre centre: <strong>08014188<\/strong><\/span><\/em><\/span><\/li>\n<\/ul>\n<\/li>\n<li style=\"list-style-type: none;\">\n<ul>\n<li><span style=\"color: #999999;\"> <a href=\"https:\/\/agora.xtec.cat\/ies-serratibonastre\/wp-content\/uploads\/usu2437\/2024\/03\/INFORME_BAREM_PROVISIONAL_BAREM.pdf\" target=\"_blank\" rel=\"noopener\">Llista provisional de barem (no definitiva)<\/a><\/span><\/li>\n<li><a href=\"https:\/\/agora.xtec.cat\/ies-serratibonastre\/wp-content\/uploads\/usu2437\/2024\/03\/Llista-amb-barem-resolt.pdf\" target=\"_blank\" rel=\"noopener\">Llista amb barem resoltes reclamacions<\/a><\/li>\n<li><span style=\"color: #999999;\">Llista ordenada<\/span><\/li>\n<li><a href=\"https:\/\/agora.xtec.cat\/ies-serratibonastre\/wp-content\/uploads\/usu2437\/2024\/03\/ACFrOgD0DpbdOXoGlKMIGTTabvfbM5HmKNoAA79eADgf1rp502hq0hps_-C5zm4mOsvxbS_l6AGMrjUp-kCYm9mzbL5DznAM7FUT0TwqjgSb9cWsmxxXUAEP0IUwxWWES2BjsGt0g7gssu_7fFzL.pdf\" target=\"_blank\" rel=\"noopener\">Oferta final de places BTX<\/a><\/li>\n<li><span style=\"color: #999999;\"><a href=\"https:\/\/agora.xtec.cat\/ies-serratibonastre\/wp-content\/uploads\/usu2437\/2024\/03\/INFORME_ASSIGNADES_INFORME_ASSIGNADES-2-1.pdf\" target=\"_blank\" rel=\"noopener\">Llista de places assignades<\/a> \u00a0 \/\u00a0 \u00a0 \u00a0 Llista d&#8217;espera<\/span><\/li>\n<\/ul>\n<\/li>\n<\/ul>\n<p><span style=\"color: #999999;\"><em>* Les fam\u00edlies que heu estat assignades al centre rebreu un correu electr\u00f2nic amb informaci\u00f3 per formalitzar la matr\u00edcula en el mateix correu que vau fer servir per a tramitar la preinscripci\u00f3.\u00a0<\/em><\/span><\/p>\n<h5><\/h5>\n","protected":false},"excerpt":{"rendered":"<p>Benvolgudes fam\u00edlies,<\/p>\n<ol>\n<li>Aquest curs la preinscripci\u00f3 a l&#8217;ESO s&#8217;ha de fer de manera telem\u00e0tica.\u00a0Es pot accedir a la sol\u00b7licitud des d&#8217;aquesta <a href=\"https:\/\/preinscripcio.gencat.cat\/ca\/estudis\/eso\/preinscriute\/sollicitud\/\" target=\"_blank\" rel=\"noopener\">p\u00e0gina del Departament d&#8217;Educaci\u00f3,<\/a> on tamb\u00e9 trobareu informaci\u00f3 i v\u00eddeos explicatius sobre com fer el tr\u00e0mit telem\u00e0tic.<\/li>\n<li>Informaci\u00f3 sobre els <a href=\"https:\/\/preinscripcio.gencat.cat\/ca\/estudis\/eso\/informat\/criteris-assignacio\/\" target=\"_blank\"&hellip;  <a href=\"https:\/\/agora.xtec.cat\/ies-serratibonastre\/general\/preinscripcio-24-25-seguiment-del-proces-i-llistats\/\" title=\"Read Preinscripci\u00f3 24-25. Seguiment del proc\u00e9s i llistats\">Llegeix m\u00e9s\u00bb<\/a><br \/>\n","protected":false},"author":1,"featured_media":5191,"comment_status":"open","ping_status":"closed","sticky":false,"template":"","format":"standard","meta":{"_bbp_topic_count":0,"_bbp_reply_count":0,"_bbp_total_topic_count":0,"_bbp_total_reply_count":0,"_bbp_voice_count":0,"_bbp_anonymous_reply_count":0,"_bbp_topic_count_hidden":0,"_bbp_reply_count_hidden":0,"_bbp_forum_subforum_count":0,"footnotes":""},"categories":[1],"tags":[],"class_list":["post-4934","post","type-post","status-publish","format-standard","has-post-thumbnail","hentry","category-general"],"post_mailing_queue_ids":[],"_links":{"self":[{"href":"https:\/\/agora.xtec.cat\/ies-serratibonastre\/wp-json\/wp\/v2\/posts\/4934","targetHints":{"allow":["GET"]}}],"collection":[{"href":"https:\/\/agora.xtec.cat\/ies-serratibonastre\/wp-json\/wp\/v2\/posts"}],"about":[{"href":"https:\/\/agora.xtec.cat\/ies-serratibonastre\/wp-json\/wp\/v2\/types\/post"}],"author":[{"embeddable":true,"href":"https:\/\/agora.xtec.cat\/ies-serratibonastre\/wp-json\/wp\/v2\/users\/1"}],"replies":[{"embeddable":true,"href":"https:\/\/agora.xtec.cat\/ies-serratibonastre\/wp-json\/wp\/v2\/comments?post=4934"}],"version-history":[{"count":6,"href":"https:\/\/agora.xtec.cat\/ies-serratibonastre\/wp-json\/wp\/v2\/posts\/4934\/revisions"}],"predecessor-version":[{"id":6064,"href":"https:\/\/agora.xtec.cat\/ies-serratibonastre\/wp-json\/wp\/v2\/posts\/4934\/revisions\/6064"}],"wp:featuredmedia":[{"embeddable":true,"href":"https:\/\/agora.xtec.cat\/ies-serratibonastre\/wp-json\/wp\/v2\/media\/5191"}],"wp:attachment":[{"href":"https:\/\/agora.xtec.cat\/ies-serratibonastre\/wp-json\/wp\/v2\/media?parent=4934"}],"wp:term":[{"taxonomy":"category","embeddable":true,"href":"https:\/\/agora.xtec.cat\/ies-serratibonastre\/wp-json\/wp\/v2\/categories?post=4934"},{"taxonomy":"post_tag","embeddable":true,"href":"https:\/\/agora.xtec.cat\/ies-serratibonastre\/wp-json\/wp\/v2\/tags?post=4934"}],"curies":[{"name":"wp","href":"https:\/\/api.w.org\/{rel}","templated":true}]}}