{"id":2047,"date":"2022-03-04T11:54:46","date_gmt":"2022-03-04T10:54:46","guid":{"rendered":"https:\/\/agora.xtec.cat\/ies-serratibonastre\/?p=2047"},"modified":"2022-03-05T11:58:49","modified_gmt":"2022-03-05T10:58:49","slug":"creacio-de-mosaics-amb-1r-deso","status":"publish","type":"post","link":"https:\/\/agora.xtec.cat\/ies-serratibonastre\/eso\/creacio-de-mosaics-amb-1r-deso\/","title":{"rendered":"Creaci\u00f3 de mosaics amb 1r d&#8217;ESO"},"content":{"rendered":"<div dir=\"auto\">Avui els alumnes de 1r ESO s&#8217;han convertit en musa\u00efcistes per una estona. Han creat mosaics amb tessel.les, tot representant l&#8217;atribut d&#8217;algun D\u00e9u rom\u00e0.<\/div>\n<div dir=\"auto\"><\/div>\n<div dir=\"auto\">S&#8217;han adonat que era un ofici que requereix molta precissi\u00f3 i paci\u00e8ncia.<\/div>\n<div dir=\"auto\"><\/div>\n<div dir=\"auto\">Han apr\u00e9s a valorar i gaudir aquesta t\u00e8cnica i el resultat ha estat m\u00e9s que satisfactori.<\/div>\n<div dir=\"auto\"><\/div>\n<div dir=\"auto\"><a href=\"https:\/\/agora.xtec.cat\/ies-serratibonastre\/wp-content\/uploads\/usu2437\/2022\/03\/20220303_084856.jpg\"><img loading=\"lazy\" decoding=\"async\" class=\"alignnone size-full wp-image-2048\" src=\"https:\/\/agora.xtec.cat\/ies-serratibonastre\/wp-content\/uploads\/usu2437\/2022\/03\/20220303_084856.jpg\" alt=\"\" width=\"1024\" height=\"576\" srcset=\"https:\/\/agora.xtec.cat\/ies-serratibonastre\/wp-content\/uploads\/usu2437\/2022\/03\/20220303_084856.jpg 1024w, https:\/\/agora.xtec.cat\/ies-serratibonastre\/wp-content\/uploads\/usu2437\/2022\/03\/20220303_084856-300x169.jpg 300w, https:\/\/agora.xtec.cat\/ies-serratibonastre\/wp-content\/uploads\/usu2437\/2022\/03\/20220303_084856-768x432.jpg 768w\" sizes=\"auto, (max-width: 1024px) 100vw, 1024px\" \/><\/a> <a href=\"https:\/\/agora.xtec.cat\/ies-serratibonastre\/wp-content\/uploads\/usu2437\/2022\/03\/20220303_085938.jpg\"><img loading=\"lazy\" decoding=\"async\" class=\"alignnone size-large wp-image-2049\" src=\"https:\/\/agora.xtec.cat\/ies-serratibonastre\/wp-content\/uploads\/usu2437\/2022\/03\/20220303_085938-576x1024.jpg\" alt=\"\" width=\"576\" height=\"1024\" srcset=\"https:\/\/agora.xtec.cat\/ies-serratibonastre\/wp-content\/uploads\/usu2437\/2022\/03\/20220303_085938-576x1024.jpg 576w, https:\/\/agora.xtec.cat\/ies-serratibonastre\/wp-content\/uploads\/usu2437\/2022\/03\/20220303_085938-169x300.jpg 169w, https:\/\/agora.xtec.cat\/ies-serratibonastre\/wp-content\/uploads\/usu2437\/2022\/03\/20220303_085938-768x1365.jpg 768w, https:\/\/agora.xtec.cat\/ies-serratibonastre\/wp-content\/uploads\/usu2437\/2022\/03\/20220303_085938-864x1536.jpg 864w, https:\/\/agora.xtec.cat\/ies-serratibonastre\/wp-content\/uploads\/usu2437\/2022\/03\/20220303_085938.jpg 1024w\" sizes=\"auto, (max-width: 576px) 100vw, 576px\" \/><\/a> <a href=\"https:\/\/agora.xtec.cat\/ies-serratibonastre\/wp-content\/uploads\/usu2437\/2022\/03\/20220303_085953.jpg\"><img loading=\"lazy\" decoding=\"async\" class=\"alignnone size-large wp-image-2050\" src=\"https:\/\/agora.xtec.cat\/ies-serratibonastre\/wp-content\/uploads\/usu2437\/2022\/03\/20220303_085953-576x1024.jpg\" alt=\"\" width=\"576\" height=\"1024\" srcset=\"https:\/\/agora.xtec.cat\/ies-serratibonastre\/wp-content\/uploads\/usu2437\/2022\/03\/20220303_085953-576x1024.jpg 576w, https:\/\/agora.xtec.cat\/ies-serratibonastre\/wp-content\/uploads\/usu2437\/2022\/03\/20220303_085953-169x300.jpg 169w, https:\/\/agora.xtec.cat\/ies-serratibonastre\/wp-content\/uploads\/usu2437\/2022\/03\/20220303_085953-768x1365.jpg 768w, https:\/\/agora.xtec.cat\/ies-serratibonastre\/wp-content\/uploads\/usu2437\/2022\/03\/20220303_085953-864x1536.jpg 864w, https:\/\/agora.xtec.cat\/ies-serratibonastre\/wp-content\/uploads\/usu2437\/2022\/03\/20220303_085953.jpg 1024w\" sizes=\"auto, (max-width: 576px) 100vw, 576px\" \/><\/a> <a href=\"https:\/\/agora.xtec.cat\/ies-serratibonastre\/wp-content\/uploads\/usu2437\/2022\/03\/20220303_090002.jpg\"><img loading=\"lazy\" decoding=\"async\" class=\"alignnone size-large wp-image-2051\" src=\"https:\/\/agora.xtec.cat\/ies-serratibonastre\/wp-content\/uploads\/usu2437\/2022\/03\/20220303_090002.jpg\" alt=\"\" width=\"1024\" height=\"576\" srcset=\"https:\/\/agora.xtec.cat\/ies-serratibonastre\/wp-content\/uploads\/usu2437\/2022\/03\/20220303_090002.jpg 1024w, https:\/\/agora.xtec.cat\/ies-serratibonastre\/wp-content\/uploads\/usu2437\/2022\/03\/20220303_090002-300x169.jpg 300w, https:\/\/agora.xtec.cat\/ies-serratibonastre\/wp-content\/uploads\/usu2437\/2022\/03\/20220303_090002-768x432.jpg 768w\" sizes=\"auto, (max-width: 1024px) 100vw, 1024px\" \/><\/a> <a href=\"https:\/\/agora.xtec.cat\/ies-serratibonastre\/wp-content\/uploads\/usu2437\/2022\/03\/20220303_091006.jpg\"><img loading=\"lazy\" decoding=\"async\" class=\"alignnone size-large wp-image-2052\" src=\"https:\/\/agora.xtec.cat\/ies-serratibonastre\/wp-content\/uploads\/usu2437\/2022\/03\/20220303_091006.jpg\" alt=\"\" width=\"1024\" height=\"576\" srcset=\"https:\/\/agora.xtec.cat\/ies-serratibonastre\/wp-content\/uploads\/usu2437\/2022\/03\/20220303_091006.jpg 1024w, https:\/\/agora.xtec.cat\/ies-serratibonastre\/wp-content\/uploads\/usu2437\/2022\/03\/20220303_091006-300x169.jpg 300w, https:\/\/agora.xtec.cat\/ies-serratibonastre\/wp-content\/uploads\/usu2437\/2022\/03\/20220303_091006-768x432.jpg 768w\" sizes=\"auto, (max-width: 1024px) 100vw, 1024px\" \/><\/a> <a href=\"https:\/\/agora.xtec.cat\/ies-serratibonastre\/wp-content\/uploads\/usu2437\/2022\/03\/20220303_091054.jpg\"><img loading=\"lazy\" decoding=\"async\" class=\"alignnone size-large wp-image-2053\" src=\"https:\/\/agora.xtec.cat\/ies-serratibonastre\/wp-content\/uploads\/usu2437\/2022\/03\/20220303_091054-576x1024.jpg\" alt=\"\" width=\"576\" height=\"1024\" srcset=\"https:\/\/agora.xtec.cat\/ies-serratibonastre\/wp-content\/uploads\/usu2437\/2022\/03\/20220303_091054-576x1024.jpg 576w, https:\/\/agora.xtec.cat\/ies-serratibonastre\/wp-content\/uploads\/usu2437\/2022\/03\/20220303_091054-169x300.jpg 169w, https:\/\/agora.xtec.cat\/ies-serratibonastre\/wp-content\/uploads\/usu2437\/2022\/03\/20220303_091054-768x1365.jpg 768w, https:\/\/agora.xtec.cat\/ies-serratibonastre\/wp-content\/uploads\/usu2437\/2022\/03\/20220303_091054-864x1536.jpg 864w, https:\/\/agora.xtec.cat\/ies-serratibonastre\/wp-content\/uploads\/usu2437\/2022\/03\/20220303_091054.jpg 1024w\" sizes=\"auto, (max-width: 576px) 100vw, 576px\" \/><\/a> <a href=\"https:\/\/agora.xtec.cat\/ies-serratibonastre\/wp-content\/uploads\/usu2437\/2022\/03\/20220303_093123.jpg\"><img loading=\"lazy\" decoding=\"async\" class=\"alignnone size-large wp-image-2054\" src=\"https:\/\/agora.xtec.cat\/ies-serratibonastre\/wp-content\/uploads\/usu2437\/2022\/03\/20220303_093123-576x1024.jpg\" alt=\"\" width=\"576\" height=\"1024\" srcset=\"https:\/\/agora.xtec.cat\/ies-serratibonastre\/wp-content\/uploads\/usu2437\/2022\/03\/20220303_093123-576x1024.jpg 576w, https:\/\/agora.xtec.cat\/ies-serratibonastre\/wp-content\/uploads\/usu2437\/2022\/03\/20220303_093123-169x300.jpg 169w, https:\/\/agora.xtec.cat\/ies-serratibonastre\/wp-content\/uploads\/usu2437\/2022\/03\/20220303_093123-768x1365.jpg 768w, https:\/\/agora.xtec.cat\/ies-serratibonastre\/wp-content\/uploads\/usu2437\/2022\/03\/20220303_093123-864x1536.jpg 864w, https:\/\/agora.xtec.cat\/ies-serratibonastre\/wp-content\/uploads\/usu2437\/2022\/03\/20220303_093123.jpg 1024w\" sizes=\"auto, (max-width: 576px) 100vw, 576px\" \/><\/a><\/div>\n","protected":false},"excerpt":{"rendered":"<p>Avui els alumnes de 1r ESO s&#8217;han convertit en musa\u00efcistes per una estona. Han creat mosaics amb tessel.les, tot representant l&#8217;atribut d&#8217;algun D\u00e9u rom\u00e0.<\/p>\n<p>S&#8217;han adonat que era un ofici que requereix molta precissi\u00f3 i paci\u00e8ncia.<\/p>\n<p>Han apr\u00e9s a valorar i gaudir aquesta t\u00e8cnica i el resultat&hellip;  <a href=\"https:\/\/agora.xtec.cat\/ies-serratibonastre\/eso\/creacio-de-mosaics-amb-1r-deso\/\" title=\"Read Creaci\u00f3 de mosaics amb 1r d&#8217;ESO\">Llegeix m\u00e9s\u00bb<\/a><\/p>\n","protected":false},"author":1,"featured_media":2053,"comment_status":"open","ping_status":"closed","sticky":false,"template":"","format":"standard","meta":{"_bbp_topic_count":0,"_bbp_reply_count":0,"_bbp_total_topic_count":0,"_bbp_total_reply_count":0,"_bbp_voice_count":0,"_bbp_anonymous_reply_count":0,"_bbp_topic_count_hidden":0,"_bbp_reply_count_hidden":0,"_bbp_forum_subforum_count":0,"footnotes":""},"categories":[3,4,9,10,11,29],"tags":[193],"class_list":["post-2047","post","type-post","status-publish","format-standard","has-post-thumbnail","hentry","category-eso","category-eso-1","category-eso-1a","category-eso-1b","category-eso-1c","category-portada","tag-espai-globalitzat"],"post_mailing_queue_ids":[],"_links":{"self":[{"href":"https:\/\/agora.xtec.cat\/ies-serratibonastre\/wp-json\/wp\/v2\/posts\/2047","targetHints":{"allow":["GET"]}}],"collection":[{"href":"https:\/\/agora.xtec.cat\/ies-serratibonastre\/wp-json\/wp\/v2\/posts"}],"about":[{"href":"https:\/\/agora.xtec.cat\/ies-serratibonastre\/wp-json\/wp\/v2\/types\/post"}],"author":[{"embeddable":true,"href":"https:\/\/agora.xtec.cat\/ies-serratibonastre\/wp-json\/wp\/v2\/users\/1"}],"replies":[{"embeddable":true,"href":"https:\/\/agora.xtec.cat\/ies-serratibonastre\/wp-json\/wp\/v2\/comments?post=2047"}],"version-history":[{"count":1,"href":"https:\/\/agora.xtec.cat\/ies-serratibonastre\/wp-json\/wp\/v2\/posts\/2047\/revisions"}],"predecessor-version":[{"id":2055,"href":"https:\/\/agora.xtec.cat\/ies-serratibonastre\/wp-json\/wp\/v2\/posts\/2047\/revisions\/2055"}],"wp:featuredmedia":[{"embeddable":true,"href":"https:\/\/agora.xtec.cat\/ies-serratibonastre\/wp-json\/wp\/v2\/media\/2053"}],"wp:attachment":[{"href":"https:\/\/agora.xtec.cat\/ies-serratibonastre\/wp-json\/wp\/v2\/media?parent=2047"}],"wp:term":[{"taxonomy":"category","embeddable":true,"href":"https:\/\/agora.xtec.cat\/ies-serratibonastre\/wp-json\/wp\/v2\/categories?post=2047"},{"taxonomy":"post_tag","embeddable":true,"href":"https:\/\/agora.xtec.cat\/ies-serratibonastre\/wp-json\/wp\/v2\/tags?post=2047"}],"curies":[{"name":"wp","href":"https:\/\/api.w.org\/{rel}","templated":true}]}}