{"id":2036,"date":"2022-03-05T11:39:44","date_gmt":"2022-03-05T10:39:44","guid":{"rendered":"https:\/\/agora.xtec.cat\/ies-serratibonastre\/?p=2036"},"modified":"2022-03-05T11:43:07","modified_gmt":"2022-03-05T10:43:07","slug":"visitem-barcino-amb-1r-deso","status":"publish","type":"post","link":"https:\/\/agora.xtec.cat\/ies-serratibonastre\/general\/visitem-barcino-amb-1r-deso\/","title":{"rendered":"Visitem Barcino amb 1r d&#8217;ESO."},"content":{"rendered":"<p>El passat dimarts 1 de mar\u00e7, els serratins i serratines de 1r d\u2019ESO van fer un viatge en el temps per descobrir la Barcelona romana. Primerament, i de cam\u00ed cap a l\u2019antiga Barcino, van visitar la necr\u00f2polis de la pla\u00e7a de la Vila de Madrid. A continuaci\u00f3, i un cop davant les muralles que envoltaven aleshores la ciutat, van endinsar-se en els carrers de la mateixa per la porta decumana occidental, a l\u2019actual Pla\u00e7a de la Catedral. Despr\u00e9s de fer parada al f\u00f2rum i de visitar-ne el temple d\u2019August, els nostres viatgers i viatgeres van finalment baixar al subsol del Museu d\u2019Hist\u00f2ria de Barcelona (MUHBA), on es conserven les restes arqueol\u00f2giques d\u2019un barri industrial\/artesanal de l\u2019antiga urbs.<\/p>\n<p><a href=\"https:\/\/agora.xtec.cat\/ies-serratibonastre\/wp-content\/uploads\/usu2437\/2022\/03\/20220301_Sortida-Barcino-01.jpg\"><img loading=\"lazy\" decoding=\"async\" class=\"size-large wp-image-2037\" src=\"https:\/\/agora.xtec.cat\/ies-serratibonastre\/wp-content\/uploads\/usu2437\/2022\/03\/20220301_Sortida-Barcino-01-1024x713.jpg\" alt=\"\" width=\"1024\" height=\"713\" \/><\/a><\/p>\n<p><a href=\"https:\/\/agora.xtec.cat\/ies-serratibonastre\/wp-content\/uploads\/usu2437\/2022\/03\/20220301_Sortida-Barcino-02.jpg\"><img loading=\"lazy\" decoding=\"async\" class=\"size-large wp-image-2038\" src=\"https:\/\/agora.xtec.cat\/ies-serratibonastre\/wp-content\/uploads\/usu2437\/2022\/03\/20220301_Sortida-Barcino-02-768x1024.jpg\" alt=\"\" width=\"768\" height=\"1024\" srcset=\"https:\/\/agora.xtec.cat\/ies-serratibonastre\/wp-content\/uploads\/usu2437\/2022\/03\/20220301_Sortida-Barcino-02-768x1024.jpg 768w, https:\/\/agora.xtec.cat\/ies-serratibonastre\/wp-content\/uploads\/usu2437\/2022\/03\/20220301_Sortida-Barcino-02-225x300.jpg 225w, https:\/\/agora.xtec.cat\/ies-serratibonastre\/wp-content\/uploads\/usu2437\/2022\/03\/20220301_Sortida-Barcino-02-1152x1536.jpg 1152w, https:\/\/agora.xtec.cat\/ies-serratibonastre\/wp-content\/uploads\/usu2437\/2022\/03\/20220301_Sortida-Barcino-02.jpg 1350w\" sizes=\"auto, (max-width: 768px) 100vw, 768px\" \/><\/a><\/p>\n<p><a href=\"https:\/\/agora.xtec.cat\/ies-serratibonastre\/wp-content\/uploads\/usu2437\/2022\/03\/20220301_Sortida-Barcino-03.jpg\"><img loading=\"lazy\" decoding=\"async\" class=\"size-large wp-image-2039\" src=\"https:\/\/agora.xtec.cat\/ies-serratibonastre\/wp-content\/uploads\/usu2437\/2022\/03\/20220301_Sortida-Barcino-03-768x1024.jpg\" alt=\"\" width=\"768\" height=\"1024\" srcset=\"https:\/\/agora.xtec.cat\/ies-serratibonastre\/wp-content\/uploads\/usu2437\/2022\/03\/20220301_Sortida-Barcino-03-768x1024.jpg 768w, https:\/\/agora.xtec.cat\/ies-serratibonastre\/wp-content\/uploads\/usu2437\/2022\/03\/20220301_Sortida-Barcino-03-225x300.jpg 225w, https:\/\/agora.xtec.cat\/ies-serratibonastre\/wp-content\/uploads\/usu2437\/2022\/03\/20220301_Sortida-Barcino-03-1152x1536.jpg 1152w, https:\/\/agora.xtec.cat\/ies-serratibonastre\/wp-content\/uploads\/usu2437\/2022\/03\/20220301_Sortida-Barcino-03.jpg 1350w\" sizes=\"auto, (max-width: 768px) 100vw, 768px\" \/><\/a><\/p>\n<p><a href=\"https:\/\/agora.xtec.cat\/ies-serratibonastre\/wp-content\/uploads\/usu2437\/2022\/03\/20220301_Sortida-Barcino-04.jpg\"><img loading=\"lazy\" decoding=\"async\" class=\"size-large wp-image-2040\" src=\"https:\/\/agora.xtec.cat\/ies-serratibonastre\/wp-content\/uploads\/usu2437\/2022\/03\/20220301_Sortida-Barcino-04-768x1024.jpg\" alt=\"\" width=\"768\" height=\"1024\" srcset=\"https:\/\/agora.xtec.cat\/ies-serratibonastre\/wp-content\/uploads\/usu2437\/2022\/03\/20220301_Sortida-Barcino-04-768x1024.jpg 768w, https:\/\/agora.xtec.cat\/ies-serratibonastre\/wp-content\/uploads\/usu2437\/2022\/03\/20220301_Sortida-Barcino-04-225x300.jpg 225w, https:\/\/agora.xtec.cat\/ies-serratibonastre\/wp-content\/uploads\/usu2437\/2022\/03\/20220301_Sortida-Barcino-04-1152x1536.jpg 1152w, https:\/\/agora.xtec.cat\/ies-serratibonastre\/wp-content\/uploads\/usu2437\/2022\/03\/20220301_Sortida-Barcino-04.jpg 1350w\" sizes=\"auto, (max-width: 768px) 100vw, 768px\" \/><\/a><\/p>\n<p><a href=\"https:\/\/agora.xtec.cat\/ies-serratibonastre\/wp-content\/uploads\/usu2437\/2022\/03\/20220301_Sortida-Barcino-05.jpg\"><img loading=\"lazy\" decoding=\"async\" class=\"size-large wp-image-2041\" src=\"https:\/\/agora.xtec.cat\/ies-serratibonastre\/wp-content\/uploads\/usu2437\/2022\/03\/20220301_Sortida-Barcino-05-768x1024.jpg\" alt=\"\" width=\"768\" height=\"1024\" srcset=\"https:\/\/agora.xtec.cat\/ies-serratibonastre\/wp-content\/uploads\/usu2437\/2022\/03\/20220301_Sortida-Barcino-05-768x1024.jpg 768w, https:\/\/agora.xtec.cat\/ies-serratibonastre\/wp-content\/uploads\/usu2437\/2022\/03\/20220301_Sortida-Barcino-05-225x300.jpg 225w, https:\/\/agora.xtec.cat\/ies-serratibonastre\/wp-content\/uploads\/usu2437\/2022\/03\/20220301_Sortida-Barcino-05-1152x1536.jpg 1152w, https:\/\/agora.xtec.cat\/ies-serratibonastre\/wp-content\/uploads\/usu2437\/2022\/03\/20220301_Sortida-Barcino-05.jpg 1350w\" sizes=\"auto, (max-width: 768px) 100vw, 768px\" \/><\/a><\/p>\n<p><a href=\"https:\/\/agora.xtec.cat\/ies-serratibonastre\/wp-content\/uploads\/usu2437\/2022\/03\/20220301_Sortida-Barcino-06.jpg\"><img loading=\"lazy\" decoding=\"async\" class=\"size-large wp-image-2042\" src=\"https:\/\/agora.xtec.cat\/ies-serratibonastre\/wp-content\/uploads\/usu2437\/2022\/03\/20220301_Sortida-Barcino-06-768x1024.jpg\" alt=\"\" width=\"768\" height=\"1024\" srcset=\"https:\/\/agora.xtec.cat\/ies-serratibonastre\/wp-content\/uploads\/usu2437\/2022\/03\/20220301_Sortida-Barcino-06-768x1024.jpg 768w, https:\/\/agora.xtec.cat\/ies-serratibonastre\/wp-content\/uploads\/usu2437\/2022\/03\/20220301_Sortida-Barcino-06-225x300.jpg 225w, https:\/\/agora.xtec.cat\/ies-serratibonastre\/wp-content\/uploads\/usu2437\/2022\/03\/20220301_Sortida-Barcino-06-1152x1536.jpg 1152w, https:\/\/agora.xtec.cat\/ies-serratibonastre\/wp-content\/uploads\/usu2437\/2022\/03\/20220301_Sortida-Barcino-06.jpg 1350w\" sizes=\"auto, (max-width: 768px) 100vw, 768px\" \/><\/a><\/p>\n<p><a href=\"https:\/\/agora.xtec.cat\/ies-serratibonastre\/wp-content\/uploads\/usu2437\/2022\/03\/20220301_Sortida-Barcino-07.jpg\"><img loading=\"lazy\" decoding=\"async\" class=\"size-large wp-image-2043\" src=\"https:\/\/agora.xtec.cat\/ies-serratibonastre\/wp-content\/uploads\/usu2437\/2022\/03\/20220301_Sortida-Barcino-07-1024x768.jpg\" alt=\"\" width=\"1024\" height=\"768\" srcset=\"https:\/\/agora.xtec.cat\/ies-serratibonastre\/wp-content\/uploads\/usu2437\/2022\/03\/20220301_Sortida-Barcino-07-1024x768.jpg 1024w, https:\/\/agora.xtec.cat\/ies-serratibonastre\/wp-content\/uploads\/usu2437\/2022\/03\/20220301_Sortida-Barcino-07-300x225.jpg 300w, https:\/\/agora.xtec.cat\/ies-serratibonastre\/wp-content\/uploads\/usu2437\/2022\/03\/20220301_Sortida-Barcino-07-768x576.jpg 768w, https:\/\/agora.xtec.cat\/ies-serratibonastre\/wp-content\/uploads\/usu2437\/2022\/03\/20220301_Sortida-Barcino-07-1536x1152.jpg 1536w, https:\/\/agora.xtec.cat\/ies-serratibonastre\/wp-content\/uploads\/usu2437\/2022\/03\/20220301_Sortida-Barcino-07-200x150.jpg 200w, https:\/\/agora.xtec.cat\/ies-serratibonastre\/wp-content\/uploads\/usu2437\/2022\/03\/20220301_Sortida-Barcino-07.jpg 1800w\" sizes=\"auto, (max-width: 1024px) 100vw, 1024px\" \/><\/a><\/p>\n<p><a href=\"https:\/\/agora.xtec.cat\/ies-serratibonastre\/wp-content\/uploads\/usu2437\/2022\/03\/20220301_Sortida-Barcino-08.jpg\"><img loading=\"lazy\" decoding=\"async\" class=\"size-large wp-image-2044\" src=\"https:\/\/agora.xtec.cat\/ies-serratibonastre\/wp-content\/uploads\/usu2437\/2022\/03\/20220301_Sortida-Barcino-08-768x1024.jpg\" alt=\"\" width=\"768\" height=\"1024\" srcset=\"https:\/\/agora.xtec.cat\/ies-serratibonastre\/wp-content\/uploads\/usu2437\/2022\/03\/20220301_Sortida-Barcino-08-768x1024.jpg 768w, https:\/\/agora.xtec.cat\/ies-serratibonastre\/wp-content\/uploads\/usu2437\/2022\/03\/20220301_Sortida-Barcino-08-225x300.jpg 225w, https:\/\/agora.xtec.cat\/ies-serratibonastre\/wp-content\/uploads\/usu2437\/2022\/03\/20220301_Sortida-Barcino-08-1152x1536.jpg 1152w, https:\/\/agora.xtec.cat\/ies-serratibonastre\/wp-content\/uploads\/usu2437\/2022\/03\/20220301_Sortida-Barcino-08.jpg 1350w\" sizes=\"auto, (max-width: 768px) 100vw, 768px\" \/><\/a><\/p>\n<p><a href=\"https:\/\/agora.xtec.cat\/ies-serratibonastre\/wp-content\/uploads\/usu2437\/2022\/03\/20220301_Sortida-Barcino-09.jpg\"><img loading=\"lazy\" decoding=\"async\" class=\"size-large wp-image-2045\" src=\"https:\/\/agora.xtec.cat\/ies-serratibonastre\/wp-content\/uploads\/usu2437\/2022\/03\/20220301_Sortida-Barcino-09-781x1024.jpg\" alt=\"\" width=\"781\" height=\"1024\" srcset=\"https:\/\/agora.xtec.cat\/ies-serratibonastre\/wp-content\/uploads\/usu2437\/2022\/03\/20220301_Sortida-Barcino-09-781x1024.jpg 781w, https:\/\/agora.xtec.cat\/ies-serratibonastre\/wp-content\/uploads\/usu2437\/2022\/03\/20220301_Sortida-Barcino-09-229x300.jpg 229w, https:\/\/agora.xtec.cat\/ies-serratibonastre\/wp-content\/uploads\/usu2437\/2022\/03\/20220301_Sortida-Barcino-09-768x1007.jpg 768w, https:\/\/agora.xtec.cat\/ies-serratibonastre\/wp-content\/uploads\/usu2437\/2022\/03\/20220301_Sortida-Barcino-09-1172x1536.jpg 1172w, https:\/\/agora.xtec.cat\/ies-serratibonastre\/wp-content\/uploads\/usu2437\/2022\/03\/20220301_Sortida-Barcino-09.jpg 1373w\" sizes=\"auto, (max-width: 781px) 100vw, 781px\" \/><\/a><\/p>\n","protected":false},"excerpt":{"rendered":"<p>El passat dimarts 1 de mar\u00e7, els serratins i serratines de 1r d\u2019ESO van fer un viatge en el temps per descobrir la Barcelona romana. Primerament, i de cam\u00ed cap a l\u2019antiga Barcino, van visitar la necr\u00f2polis de la pla\u00e7a de la Vila de Madrid.&hellip;  <a href=\"https:\/\/agora.xtec.cat\/ies-serratibonastre\/general\/visitem-barcino-amb-1r-deso\/\" title=\"Read Visitem Barcino amb 1r d&#8217;ESO.\">Llegeix m\u00e9s\u00bb<\/a><\/p>\n","protected":false},"author":1,"featured_media":2037,"comment_status":"open","ping_status":"closed","sticky":false,"template":"","format":"standard","meta":{"_bbp_topic_count":0,"_bbp_reply_count":0,"_bbp_total_topic_count":0,"_bbp_total_reply_count":0,"_bbp_voice_count":0,"_bbp_anonymous_reply_count":0,"_bbp_topic_count_hidden":0,"_bbp_reply_count_hidden":0,"_bbp_forum_subforum_count":0,"footnotes":""},"categories":[3,4,9,10,11,1,29],"tags":[116,284,227,193,39],"class_list":["post-2036","post","type-post","status-publish","format-standard","has-post-thumbnail","hentry","category-eso","category-eso-1","category-eso-1a","category-eso-1b","category-eso-1c","category-general","category-portada","tag-barcelona","tag-barcino","tag-ciencies-socials","tag-espai-globalitzat","tag-sortides"],"post_mailing_queue_ids":[],"_links":{"self":[{"href":"https:\/\/agora.xtec.cat\/ies-serratibonastre\/wp-json\/wp\/v2\/posts\/2036","targetHints":{"allow":["GET"]}}],"collection":[{"href":"https:\/\/agora.xtec.cat\/ies-serratibonastre\/wp-json\/wp\/v2\/posts"}],"about":[{"href":"https:\/\/agora.xtec.cat\/ies-serratibonastre\/wp-json\/wp\/v2\/types\/post"}],"author":[{"embeddable":true,"href":"https:\/\/agora.xtec.cat\/ies-serratibonastre\/wp-json\/wp\/v2\/users\/1"}],"replies":[{"embeddable":true,"href":"https:\/\/agora.xtec.cat\/ies-serratibonastre\/wp-json\/wp\/v2\/comments?post=2036"}],"version-history":[{"count":1,"href":"https:\/\/agora.xtec.cat\/ies-serratibonastre\/wp-json\/wp\/v2\/posts\/2036\/revisions"}],"predecessor-version":[{"id":2046,"href":"https:\/\/agora.xtec.cat\/ies-serratibonastre\/wp-json\/wp\/v2\/posts\/2036\/revisions\/2046"}],"wp:featuredmedia":[{"embeddable":true,"href":"https:\/\/agora.xtec.cat\/ies-serratibonastre\/wp-json\/wp\/v2\/media\/2037"}],"wp:attachment":[{"href":"https:\/\/agora.xtec.cat\/ies-serratibonastre\/wp-json\/wp\/v2\/media?parent=2036"}],"wp:term":[{"taxonomy":"category","embeddable":true,"href":"https:\/\/agora.xtec.cat\/ies-serratibonastre\/wp-json\/wp\/v2\/categories?post=2036"},{"taxonomy":"post_tag","embeddable":true,"href":"https:\/\/agora.xtec.cat\/ies-serratibonastre\/wp-json\/wp\/v2\/tags?post=2036"}],"curies":[{"name":"wp","href":"https:\/\/api.w.org\/{rel}","templated":true}]}}