{"id":1829,"date":"2022-01-31T18:17:36","date_gmt":"2022-01-31T17:17:36","guid":{"rendered":"https:\/\/agora.xtec.cat\/ies-serratibonastre\/?p=1829"},"modified":"2022-02-15T07:20:15","modified_gmt":"2022-02-15T06:20:15","slug":"presentacio-oficial-de-lequip-de-mediacio","status":"publish","type":"post","link":"https:\/\/agora.xtec.cat\/ies-serratibonastre\/eso\/eso-3\/presentacio-oficial-de-lequip-de-mediacio\/","title":{"rendered":"Presentaci\u00f3 oficial de l&#8217;equip de mediaci\u00f3."},"content":{"rendered":"<p>Avui, a les 11.00 hores, al pati de l\u2019institut, l\u2019equip de mediaci\u00f3 del Serrat i Bonastre d\u2019aquest curs ha fet la seva presentaci\u00f3 oficial, fent-la coincidir amb el dia Escolar de la No-Viol\u00e8ncia i de la Pau.<\/p>\n<p>Per commemorar aquesta data, han llegit un manifest en el que s\u2019han comprom\u00e8s com a \u201cdefensors de la pau i entesa entre persones de diferent proced\u00e8ncia i maneres de pensar, a treballar per la resoluci\u00f3 de conflictes i la conviv\u00e8ncia\u201d\u00a0 i han recalcat la necessitat de l\u2019educaci\u00f3 en i per la toler\u00e0ncia, la solidaritat, la conc\u00f2rdia, el respecte als drets humans, la no-viol\u00e8ncia i la pau.<\/p>\n<p>Els alumnes mediadors s\u00f3n voluntaris que han estat formats en gesti\u00f3 i prevenci\u00f3 de conflictes.\u00a0 Durant els darrers dies, han estat elaborant tr\u00edptics i cartells i han portat a terme la campanya de presentaci\u00f3 per a tots els grups de la ESO amb la finalitat de donar a con\u00e8ixer que \u00e9s la mediaci\u00f3 i com es pot sol\u00b7licitar.<\/p>\n<p>Han explicat que la mediaci\u00f3 \u00e9s un m\u00e8tode de resoluci\u00f3 dels conflictes pac\u00edfic que utilitza el di\u00e0leg com a eina per trobar acords entre les parts implicades i que, en el cas que algun alumne vulgui sol\u00b7licitar-la, nom\u00e9s ha de dipositar una sol\u00b7licitud a la b\u00fastia de mediaci\u00f3.<\/p>\n<p>&nbsp;<\/p>\n<p><a href=\"https:\/\/agora.xtec.cat\/ies-serratibonastre\/wp-content\/uploads\/usu2437\/2022\/02\/IMG_7918.jpg\"><img loading=\"lazy\" decoding=\"async\" class=\"alignnone size-full wp-image-1830\" src=\"https:\/\/agora.xtec.cat\/ies-serratibonastre\/wp-content\/uploads\/usu2437\/2022\/02\/IMG_7918.jpg\" alt=\"\" width=\"640\" height=\"556\" srcset=\"https:\/\/agora.xtec.cat\/ies-serratibonastre\/wp-content\/uploads\/usu2437\/2022\/02\/IMG_7918.jpg 640w, https:\/\/agora.xtec.cat\/ies-serratibonastre\/wp-content\/uploads\/usu2437\/2022\/02\/IMG_7918-300x261.jpg 300w\" sizes=\"auto, (max-width: 640px) 100vw, 640px\" \/><\/a><\/p>\n","protected":false},"excerpt":{"rendered":"<p>Avui, a les 11.00 hores, al pati de l\u2019institut, l\u2019equip de mediaci\u00f3 del Serrat i Bonastre d\u2019aquest curs ha fet la seva presentaci\u00f3 oficial, fent-la coincidir amb el dia Escolar de la No-Viol\u00e8ncia i de la Pau.<br \/>\nPer commemorar aquesta data, han llegit un manifest en&hellip;  <a href=\"https:\/\/agora.xtec.cat\/ies-serratibonastre\/eso\/eso-3\/presentacio-oficial-de-lequip-de-mediacio\/\" title=\"Read Presentaci\u00f3 oficial de l&#8217;equip de mediaci\u00f3.\">Llegeix m\u00e9s\u00bb<\/a><\/p>\n","protected":false},"author":1,"featured_media":1830,"comment_status":"open","ping_status":"closed","sticky":false,"template":"","format":"standard","meta":{"_bbp_topic_count":0,"_bbp_reply_count":0,"_bbp_total_topic_count":0,"_bbp_total_reply_count":0,"_bbp_voice_count":0,"_bbp_anonymous_reply_count":0,"_bbp_topic_count_hidden":0,"_bbp_reply_count_hidden":0,"_bbp_forum_subforum_count":0,"footnotes":""},"categories":[6,19,20,21,29],"tags":[134,261,263,262],"class_list":["post-1829","post","type-post","status-publish","format-standard","has-post-thumbnail","hentry","category-eso-3","category-eso-3a","category-eso-3b","category-eso-3c","category-portada","tag-aprenentatge-entre-iguals","tag-mediacio","tag-prevencio-de-conflictes","tag-resolucio-de-conflictes"],"post_mailing_queue_ids":[],"_links":{"self":[{"href":"https:\/\/agora.xtec.cat\/ies-serratibonastre\/wp-json\/wp\/v2\/posts\/1829","targetHints":{"allow":["GET"]}}],"collection":[{"href":"https:\/\/agora.xtec.cat\/ies-serratibonastre\/wp-json\/wp\/v2\/posts"}],"about":[{"href":"https:\/\/agora.xtec.cat\/ies-serratibonastre\/wp-json\/wp\/v2\/types\/post"}],"author":[{"embeddable":true,"href":"https:\/\/agora.xtec.cat\/ies-serratibonastre\/wp-json\/wp\/v2\/users\/1"}],"replies":[{"embeddable":true,"href":"https:\/\/agora.xtec.cat\/ies-serratibonastre\/wp-json\/wp\/v2\/comments?post=1829"}],"version-history":[{"count":1,"href":"https:\/\/agora.xtec.cat\/ies-serratibonastre\/wp-json\/wp\/v2\/posts\/1829\/revisions"}],"predecessor-version":[{"id":1831,"href":"https:\/\/agora.xtec.cat\/ies-serratibonastre\/wp-json\/wp\/v2\/posts\/1829\/revisions\/1831"}],"wp:featuredmedia":[{"embeddable":true,"href":"https:\/\/agora.xtec.cat\/ies-serratibonastre\/wp-json\/wp\/v2\/media\/1830"}],"wp:attachment":[{"href":"https:\/\/agora.xtec.cat\/ies-serratibonastre\/wp-json\/wp\/v2\/media?parent=1829"}],"wp:term":[{"taxonomy":"category","embeddable":true,"href":"https:\/\/agora.xtec.cat\/ies-serratibonastre\/wp-json\/wp\/v2\/categories?post=1829"},{"taxonomy":"post_tag","embeddable":true,"href":"https:\/\/agora.xtec.cat\/ies-serratibonastre\/wp-json\/wp\/v2\/tags?post=1829"}],"curies":[{"name":"wp","href":"https:\/\/api.w.org\/{rel}","templated":true}]}}