{"id":1620,"date":"2021-12-22T12:11:51","date_gmt":"2021-12-22T11:11:51","guid":{"rendered":"https:\/\/agora.xtec.cat\/ies-serratibonastre\/?p=1620"},"modified":"2021-12-23T19:42:13","modified_gmt":"2021-12-23T18:42:13","slug":"fem-barri-amb-1r-deso","status":"publish","type":"post","link":"https:\/\/agora.xtec.cat\/ies-serratibonastre\/general\/fem-barri-amb-1r-deso\/","title":{"rendered":"Fem barri amb 1r d&#8217;ESO."},"content":{"rendered":"<p>1r ESO ha comen\u00e7at un nou projecte anomenat <strong><em>EG4 Fem Barri<\/em><\/strong>. Aquest EG est\u00e0 relacionat amb Gr\u00e0cia i els alumnes estan estudiant aquest barri des de tres disciplines socials: la hist\u00f2ria, la geografia i l\u2019etnografia. Ahir van fer un petit recorregut per alguns carrers i places del barri per tal d\u2019observar-ne la realitat i, a la vegada, van entrevistar a unes persones que porten molts anys (o tota la vida) vivint a Gr\u00e0cia.<\/p>\n<p>Va ser molt enriquidor escoltar el testimoni d\u2019aquests graciencs que ens van explicar com ha canviat el barri al llarg de la seva hist\u00f2ria. Els alumnes es van quedar molt sorpresos davant de viv\u00e8ncies com la de la Montse, que ens va explicar que de petita hi havia vaques al barri i que ella bevia llet fresca de les lleteries. Avui en dia ja no tenim vaques urbanes, per\u00f2 tenim la mem\u00f2ria de ciutadans del barri que ho recorden als m\u00e9s joves.<\/p>\n<p>&nbsp;<\/p>\n<p><a href=\"https:\/\/agora.xtec.cat\/ies-serratibonastre\/wp-content\/uploads\/usu2437\/2021\/12\/20211221_111218.jpg\"><img loading=\"lazy\" decoding=\"async\" class=\"alignnone size-full wp-image-1621\" src=\"https:\/\/agora.xtec.cat\/ies-serratibonastre\/wp-content\/uploads\/usu2437\/2021\/12\/20211221_111218.jpg\" alt=\"\" width=\"1024\" height=\"576\" srcset=\"https:\/\/agora.xtec.cat\/ies-serratibonastre\/wp-content\/uploads\/usu2437\/2021\/12\/20211221_111218.jpg 1024w, https:\/\/agora.xtec.cat\/ies-serratibonastre\/wp-content\/uploads\/usu2437\/2021\/12\/20211221_111218-300x169.jpg 300w, https:\/\/agora.xtec.cat\/ies-serratibonastre\/wp-content\/uploads\/usu2437\/2021\/12\/20211221_111218-768x432.jpg 768w\" sizes=\"auto, (max-width: 1024px) 100vw, 1024px\" \/><\/a><\/p>\n<p><a href=\"https:\/\/agora.xtec.cat\/ies-serratibonastre\/wp-content\/uploads\/usu2437\/2021\/12\/20211221_111648.jpg\"><img loading=\"lazy\" decoding=\"async\" class=\"alignnone size-large wp-image-1622\" src=\"https:\/\/agora.xtec.cat\/ies-serratibonastre\/wp-content\/uploads\/usu2437\/2021\/12\/20211221_111648-576x1024.jpg\" alt=\"\" width=\"576\" height=\"1024\" srcset=\"https:\/\/agora.xtec.cat\/ies-serratibonastre\/wp-content\/uploads\/usu2437\/2021\/12\/20211221_111648-576x1024.jpg 576w, https:\/\/agora.xtec.cat\/ies-serratibonastre\/wp-content\/uploads\/usu2437\/2021\/12\/20211221_111648-169x300.jpg 169w, https:\/\/agora.xtec.cat\/ies-serratibonastre\/wp-content\/uploads\/usu2437\/2021\/12\/20211221_111648-768x1365.jpg 768w, https:\/\/agora.xtec.cat\/ies-serratibonastre\/wp-content\/uploads\/usu2437\/2021\/12\/20211221_111648-864x1536.jpg 864w, https:\/\/agora.xtec.cat\/ies-serratibonastre\/wp-content\/uploads\/usu2437\/2021\/12\/20211221_111648.jpg 1024w\" sizes=\"auto, (max-width: 576px) 100vw, 576px\" \/><\/a><\/p>\n<p><a href=\"https:\/\/agora.xtec.cat\/ies-serratibonastre\/wp-content\/uploads\/usu2437\/2021\/12\/20211221_113026.jpg\"><img loading=\"lazy\" decoding=\"async\" class=\"alignnone size-large wp-image-1623\" src=\"https:\/\/agora.xtec.cat\/ies-serratibonastre\/wp-content\/uploads\/usu2437\/2021\/12\/20211221_113026.jpg\" alt=\"\" width=\"1024\" height=\"576\" srcset=\"https:\/\/agora.xtec.cat\/ies-serratibonastre\/wp-content\/uploads\/usu2437\/2021\/12\/20211221_113026.jpg 1024w, https:\/\/agora.xtec.cat\/ies-serratibonastre\/wp-content\/uploads\/usu2437\/2021\/12\/20211221_113026-300x169.jpg 300w, https:\/\/agora.xtec.cat\/ies-serratibonastre\/wp-content\/uploads\/usu2437\/2021\/12\/20211221_113026-768x432.jpg 768w\" sizes=\"auto, (max-width: 1024px) 100vw, 1024px\" \/><\/a><\/p>\n<p><a href=\"https:\/\/agora.xtec.cat\/ies-serratibonastre\/wp-content\/uploads\/usu2437\/2021\/12\/3.jpg\"><img loading=\"lazy\" decoding=\"async\" class=\"size-large wp-image-1624\" src=\"https:\/\/agora.xtec.cat\/ies-serratibonastre\/wp-content\/uploads\/usu2437\/2021\/12\/3.jpg\" alt=\"\" width=\"1024\" height=\"768\" srcset=\"https:\/\/agora.xtec.cat\/ies-serratibonastre\/wp-content\/uploads\/usu2437\/2021\/12\/3.jpg 1024w, https:\/\/agora.xtec.cat\/ies-serratibonastre\/wp-content\/uploads\/usu2437\/2021\/12\/3-300x225.jpg 300w, https:\/\/agora.xtec.cat\/ies-serratibonastre\/wp-content\/uploads\/usu2437\/2021\/12\/3-768x576.jpg 768w, https:\/\/agora.xtec.cat\/ies-serratibonastre\/wp-content\/uploads\/usu2437\/2021\/12\/3-200x150.jpg 200w\" sizes=\"auto, (max-width: 1024px) 100vw, 1024px\" \/><\/a><\/p>\n<figure class=\"figure wp-caption alignnone\"><a href=\"https:\/\/agora.xtec.cat\/ies-serratibonastre\/wp-content\/uploads\/usu2437\/2021\/12\/7.jpg\"><img loading=\"lazy\" decoding=\"async\" class=\"size-large wp-image-1625\" src=\"https:\/\/agora.xtec.cat\/ies-serratibonastre\/wp-content\/uploads\/usu2437\/2021\/12\/7.jpg\" alt=\"\" width=\"1024\" height=\"768\" srcset=\"https:\/\/agora.xtec.cat\/ies-serratibonastre\/wp-content\/uploads\/usu2437\/2021\/12\/7.jpg 1024w, https:\/\/agora.xtec.cat\/ies-serratibonastre\/wp-content\/uploads\/usu2437\/2021\/12\/7-300x225.jpg 300w, https:\/\/agora.xtec.cat\/ies-serratibonastre\/wp-content\/uploads\/usu2437\/2021\/12\/7-768x576.jpg 768w, https:\/\/agora.xtec.cat\/ies-serratibonastre\/wp-content\/uploads\/usu2437\/2021\/12\/7-200x150.jpg 200w\" sizes=\"auto, (max-width: 1024px) 100vw, 1024px\" \/><\/a><figcaption class=\"wp-caption-text\">oznor<\/figcaption><\/figure>\n<p><a href=\"https:\/\/agora.xtec.cat\/ies-serratibonastre\/wp-content\/uploads\/usu2437\/2021\/12\/20211221_111426.jpg\"><img loading=\"lazy\" decoding=\"async\" class=\"alignnone size-large wp-image-1626\" src=\"https:\/\/agora.xtec.cat\/ies-serratibonastre\/wp-content\/uploads\/usu2437\/2021\/12\/20211221_111426-576x1024.jpg\" alt=\"\" width=\"576\" height=\"1024\" srcset=\"https:\/\/agora.xtec.cat\/ies-serratibonastre\/wp-content\/uploads\/usu2437\/2021\/12\/20211221_111426-576x1024.jpg 576w, https:\/\/agora.xtec.cat\/ies-serratibonastre\/wp-content\/uploads\/usu2437\/2021\/12\/20211221_111426-169x300.jpg 169w, https:\/\/agora.xtec.cat\/ies-serratibonastre\/wp-content\/uploads\/usu2437\/2021\/12\/20211221_111426-768x1365.jpg 768w, https:\/\/agora.xtec.cat\/ies-serratibonastre\/wp-content\/uploads\/usu2437\/2021\/12\/20211221_111426-864x1536.jpg 864w, https:\/\/agora.xtec.cat\/ies-serratibonastre\/wp-content\/uploads\/usu2437\/2021\/12\/20211221_111426.jpg 1024w\" sizes=\"auto, (max-width: 576px) 100vw, 576px\" \/><\/a><\/p>\n<p><a href=\"https:\/\/agora.xtec.cat\/ies-serratibonastre\/wp-content\/uploads\/usu2437\/2021\/12\/1.jpg\"><img loading=\"lazy\" decoding=\"async\" class=\"size-large wp-image-1627\" src=\"https:\/\/agora.xtec.cat\/ies-serratibonastre\/wp-content\/uploads\/usu2437\/2021\/12\/1.jpg\" alt=\"\" width=\"1024\" height=\"768\" srcset=\"https:\/\/agora.xtec.cat\/ies-serratibonastre\/wp-content\/uploads\/usu2437\/2021\/12\/1.jpg 1024w, https:\/\/agora.xtec.cat\/ies-serratibonastre\/wp-content\/uploads\/usu2437\/2021\/12\/1-300x225.jpg 300w, https:\/\/agora.xtec.cat\/ies-serratibonastre\/wp-content\/uploads\/usu2437\/2021\/12\/1-768x576.jpg 768w, https:\/\/agora.xtec.cat\/ies-serratibonastre\/wp-content\/uploads\/usu2437\/2021\/12\/1-200x150.jpg 200w\" sizes=\"auto, (max-width: 1024px) 100vw, 1024px\" \/><\/a><\/p>\n","protected":false},"excerpt":{"rendered":"<p>1r ESO ha comen\u00e7at un nou projecte anomenat EG4 Fem Barri. Aquest EG est\u00e0 relacionat amb Gr\u00e0cia i els alumnes estan estudiant aquest barri des de tres disciplines socials: la hist\u00f2ria, la geografia i l\u2019etnografia. Ahir van fer un petit recorregut per alguns carrers i&hellip;  <a href=\"https:\/\/agora.xtec.cat\/ies-serratibonastre\/general\/fem-barri-amb-1r-deso\/\" title=\"Read Fem barri amb 1r d&#8217;ESO.\">Llegeix m\u00e9s\u00bb<\/a><\/p>\n","protected":false},"author":1,"featured_media":1627,"comment_status":"open","ping_status":"closed","sticky":false,"template":"","format":"standard","meta":{"_bbp_topic_count":0,"_bbp_reply_count":0,"_bbp_total_topic_count":0,"_bbp_total_reply_count":0,"_bbp_voice_count":0,"_bbp_anonymous_reply_count":0,"_bbp_topic_count_hidden":0,"_bbp_reply_count_hidden":0,"_bbp_forum_subforum_count":0,"footnotes":""},"categories":[4,9,10,11,1,29],"tags":[244,206,241,242,243],"class_list":["post-1620","post","type-post","status-publish","format-standard","has-post-thumbnail","hentry","category-eso-1","category-eso-1a","category-eso-1b","category-eso-1c","category-general","category-portada","tag-dialeg-entre-generacions","tag-etnografia","tag-fem-barri","tag-gracia","tag-historia-del-barri"],"post_mailing_queue_ids":[],"_links":{"self":[{"href":"https:\/\/agora.xtec.cat\/ies-serratibonastre\/wp-json\/wp\/v2\/posts\/1620","targetHints":{"allow":["GET"]}}],"collection":[{"href":"https:\/\/agora.xtec.cat\/ies-serratibonastre\/wp-json\/wp\/v2\/posts"}],"about":[{"href":"https:\/\/agora.xtec.cat\/ies-serratibonastre\/wp-json\/wp\/v2\/types\/post"}],"author":[{"embeddable":true,"href":"https:\/\/agora.xtec.cat\/ies-serratibonastre\/wp-json\/wp\/v2\/users\/1"}],"replies":[{"embeddable":true,"href":"https:\/\/agora.xtec.cat\/ies-serratibonastre\/wp-json\/wp\/v2\/comments?post=1620"}],"version-history":[{"count":1,"href":"https:\/\/agora.xtec.cat\/ies-serratibonastre\/wp-json\/wp\/v2\/posts\/1620\/revisions"}],"predecessor-version":[{"id":1628,"href":"https:\/\/agora.xtec.cat\/ies-serratibonastre\/wp-json\/wp\/v2\/posts\/1620\/revisions\/1628"}],"wp:featuredmedia":[{"embeddable":true,"href":"https:\/\/agora.xtec.cat\/ies-serratibonastre\/wp-json\/wp\/v2\/media\/1627"}],"wp:attachment":[{"href":"https:\/\/agora.xtec.cat\/ies-serratibonastre\/wp-json\/wp\/v2\/media?parent=1620"}],"wp:term":[{"taxonomy":"category","embeddable":true,"href":"https:\/\/agora.xtec.cat\/ies-serratibonastre\/wp-json\/wp\/v2\/categories?post=1620"},{"taxonomy":"post_tag","embeddable":true,"href":"https:\/\/agora.xtec.cat\/ies-serratibonastre\/wp-json\/wp\/v2\/tags?post=1620"}],"curies":[{"name":"wp","href":"https:\/\/api.w.org\/{rel}","templated":true}]}}