{"id":9952,"date":"2024-06-28T11:47:13","date_gmt":"2024-06-28T09:47:13","guid":{"rendered":"https:\/\/agora.xtec.cat\/ies-seros\/?p=9952"},"modified":"2024-07-02T09:18:27","modified_gmt":"2024-07-02T07:18:27","slug":"ben-aviat-podreu-llegir-la-montmaneu-n-9","status":"publish","type":"post","link":"https:\/\/agora.xtec.cat\/ies-seros\/general\/ben-aviat-podreu-llegir-la-montmaneu-n-9\/","title":{"rendered":"Ja podeu llegir la Montmaneu n.9!"},"content":{"rendered":"<p><a href=\"https:\/\/agora.xtec.cat\/ies-seros\/wp-content\/uploads\/usu323\/2024\/06\/REVISTA-MONTMANEU-N.-8-724x1024-1.jpg\"><img loading=\"lazy\" decoding=\"async\" class=\" wp-image-9953 aligncenter\" src=\"https:\/\/agora.xtec.cat\/ies-seros\/wp-content\/uploads\/usu323\/2024\/06\/REVISTA-MONTMANEU-N.-8-724x1024-1.jpg\" alt=\"\" width=\"1403\" height=\"252\" srcset=\"https:\/\/agora.xtec.cat\/ies-seros\/wp-content\/uploads\/usu323\/2024\/06\/REVISTA-MONTMANEU-N.-8-724x1024-1.jpg 724w, https:\/\/agora.xtec.cat\/ies-seros\/wp-content\/uploads\/usu323\/2024\/06\/REVISTA-MONTMANEU-N.-8-724x1024-1-300x54.jpg 300w\" sizes=\"auto, (max-width: 1403px) 100vw, 1403px\" \/><\/a><\/p>\n<p>La nova revista del centre ja est\u00e0 disponible, la trobareu al seg\u00fcent enlla\u00e7, si la desitgeu llegir o b\u00e9 descarregar, juntament amb les anteriors que s&#8217;han realitzat al llarg dels anys. Esperem que us fascini i molt bones vacances!!<\/p>\n<p><span style=\"color: #ff6600;\"><strong>Hemeroteca de revistes antigues:<\/strong><\/span><\/p>\n<p><a href=\"https:\/\/agora.xtec.cat\/ies-seros\/general\/revistes-antigues\/\">https:\/\/agora.xtec.cat\/ies-seros\/general\/revistes-antigues\/<\/a><\/p>\n<p>&nbsp;<\/p>\n<p><span style=\"color: #ff6600;\"><strong>Revista Montmaneu n.9;<\/strong><\/span><\/p>\n<p><a href=\"https:\/\/drive.google.com\/file\/d\/1iyj5V2CguWMwirCwVn-hFlewMXrt3F9Y\/view?pli=1\">https:\/\/drive.google.com\/file\/d\/1iyj5V2CguWMwirCwVn-hFlewMXrt3F9Y\/view?pli=1<\/a><\/p>\n<p style=\"text-align: center;\">[Cr\u00e8dit de la imatge: JMCO]<\/p>\n","protected":false},"excerpt":{"rendered":"<p><a href=\"https:\/\/agora.xtec.cat\/ies-seros\/wp-content\/uploads\/usu323\/2024\/06\/REVISTA-MONTMANEU-N.-8-724x1024-1.jpg\"><\/a><br \/>\nLa nova revista del centre ja est\u00e0 disponible, la trobareu al seg\u00fcent enlla\u00e7, si la desitgeu llegir o b\u00e9 descarregar, juntament amb les anteriors que s&#8217;han realitzat al llarg dels anys. Esperem que us fascini i molt bones vacances!!<br \/>\nHemeroteca de revistes antigues:<br \/>\n<a href=\"https:\/\/agora.xtec.cat\/ies-seros\/general\/revistes-antigues\/\">https:\/\/agora.xtec.cat\/ies-seros\/general\/revistes-antigues\/<\/a><br \/>\n&nbsp;<br \/>\nRevista Montmaneu&hellip;  <a href=\"https:\/\/agora.xtec.cat\/ies-seros\/general\/ben-aviat-podreu-llegir-la-montmaneu-n-9\/\" title=\"Read Ja podeu llegir la Montmaneu n.9!\">Llegeix m\u00e9s\u00bb<\/a><\/p>\n","protected":false},"author":37,"featured_media":9953,"comment_status":"open","ping_status":"closed","sticky":true,"template":"","format":"standard","meta":{"_bbp_topic_count":0,"_bbp_reply_count":0,"_bbp_total_topic_count":0,"_bbp_total_reply_count":0,"_bbp_voice_count":0,"_bbp_anonymous_reply_count":0,"_bbp_topic_count_hidden":0,"_bbp_reply_count_hidden":0,"_bbp_forum_subforum_count":0,"footnotes":""},"categories":[201,1,29],"tags":[],"class_list":["post-9952","post","type-post","status-publish","format-standard","has-post-thumbnail","hentry","category-biblioseros","category-general","category-portada"],"post_mailing_queue_ids":[],"_links":{"self":[{"href":"https:\/\/agora.xtec.cat\/ies-seros\/wp-json\/wp\/v2\/posts\/9952","targetHints":{"allow":["GET"]}}],"collection":[{"href":"https:\/\/agora.xtec.cat\/ies-seros\/wp-json\/wp\/v2\/posts"}],"about":[{"href":"https:\/\/agora.xtec.cat\/ies-seros\/wp-json\/wp\/v2\/types\/post"}],"author":[{"embeddable":true,"href":"https:\/\/agora.xtec.cat\/ies-seros\/wp-json\/wp\/v2\/users\/37"}],"replies":[{"embeddable":true,"href":"https:\/\/agora.xtec.cat\/ies-seros\/wp-json\/wp\/v2\/comments?post=9952"}],"version-history":[{"count":4,"href":"https:\/\/agora.xtec.cat\/ies-seros\/wp-json\/wp\/v2\/posts\/9952\/revisions"}],"predecessor-version":[{"id":9961,"href":"https:\/\/agora.xtec.cat\/ies-seros\/wp-json\/wp\/v2\/posts\/9952\/revisions\/9961"}],"wp:featuredmedia":[{"embeddable":true,"href":"https:\/\/agora.xtec.cat\/ies-seros\/wp-json\/wp\/v2\/media\/9953"}],"wp:attachment":[{"href":"https:\/\/agora.xtec.cat\/ies-seros\/wp-json\/wp\/v2\/media?parent=9952"}],"wp:term":[{"taxonomy":"category","embeddable":true,"href":"https:\/\/agora.xtec.cat\/ies-seros\/wp-json\/wp\/v2\/categories?post=9952"},{"taxonomy":"post_tag","embeddable":true,"href":"https:\/\/agora.xtec.cat\/ies-seros\/wp-json\/wp\/v2\/tags?post=9952"}],"curies":[{"name":"wp","href":"https:\/\/api.w.org\/{rel}","templated":true}]}}