{"id":9820,"date":"2024-06-10T11:44:46","date_gmt":"2024-06-10T09:44:46","guid":{"rendered":"https:\/\/agora.xtec.cat\/ies-seros\/?p=9820"},"modified":"2024-06-16T18:34:54","modified_gmt":"2024-06-16T16:34:54","slug":"3a-jornada-del-torneig-intercomarcal-descacs-en-linia-2023-2204","status":"publish","type":"post","link":"https:\/\/agora.xtec.cat\/ies-seros\/general\/3a-jornada-del-torneig-intercomarcal-descacs-en-linia-2023-2204\/","title":{"rendered":"3a jornada del Torneig Intercomarcal d&#8217;Escacs en l\u00ednia 2023-2024"},"content":{"rendered":"<p>&nbsp;<\/p>\n<p style=\"text-align: center;\"><a href=\"https:\/\/agora.xtec.cat\/ies-seros\/wp-content\/uploads\/usu323\/2024\/06\/Cartell-Escacs-en-linia.png\"><img loading=\"lazy\" decoding=\"async\" class=\"alignnone wp-image-9821\" src=\"https:\/\/agora.xtec.cat\/ies-seros\/wp-content\/uploads\/usu323\/2024\/06\/Cartell-Escacs-en-linia-724x1024.png\" alt=\"\" width=\"456\" height=\"645\" srcset=\"https:\/\/agora.xtec.cat\/ies-seros\/wp-content\/uploads\/usu323\/2024\/06\/Cartell-Escacs-en-linia-724x1024.png 724w, https:\/\/agora.xtec.cat\/ies-seros\/wp-content\/uploads\/usu323\/2024\/06\/Cartell-Escacs-en-linia-212x300.png 212w, https:\/\/agora.xtec.cat\/ies-seros\/wp-content\/uploads\/usu323\/2024\/06\/Cartell-Escacs-en-linia-768x1086.png 768w, https:\/\/agora.xtec.cat\/ies-seros\/wp-content\/uploads\/usu323\/2024\/06\/Cartell-Escacs-en-linia-1086x1536.png 1086w, https:\/\/agora.xtec.cat\/ies-seros\/wp-content\/uploads\/usu323\/2024\/06\/Cartell-Escacs-en-linia-1448x2048.png 1448w, https:\/\/agora.xtec.cat\/ies-seros\/wp-content\/uploads\/usu323\/2024\/06\/Cartell-Escacs-en-linia.png 1587w\" sizes=\"auto, (max-width: 456px) 100vw, 456px\" \/><\/a><\/p>\n<p>Tothom qui ho desitgi ja es pot inscriure a la<strong> 3a jornada i final del Torneig Intercomarcal d&#8217;Escacs en l\u00ednia<\/strong>. Darrer en el qual participarem aquest curs! Recordar que ja s&#8217;han realitzar dues jornades competitives i que els punts aconseguits computen en la classificaci\u00f3 final.<span style=\"color: #ff0000;\"><strong> L&#8217;activitat \u00e9s gratu\u00efta<\/strong><\/span>. Sobretot, els interessats, practiqueu una mica perqu\u00e8 <span style=\"color: #ff9900;\"><strong>el nivell \u00e9s molt alt<\/strong><\/span> i hi participen jugadors\/es de tot Catalunya, alguns federats i tot, per\u00f2 <span style=\"color: #008080;\"><strong>el que compta \u00e9s participar i gaudir dels escacs! <span style=\"color: #993366;\">No hi ha premis, ja que \u00e9s un torneig amb car\u00e0cter amist\u00f3s.<\/span><\/strong><\/span><\/p>\n<p><span style=\"color: #ff00ff;\"><strong>Passos per a la inscripci\u00f3:<\/strong><\/span><\/p>\n<ol>\n<li><span style=\"color: #0000ff;\"><strong>Tenir un usuari a Lichess.org. Si no en tens cap cal crear-ne un.<\/strong><\/span><\/li>\n<\/ol>\n<p><span style=\"color: #0000ff;\"><strong>2. Emplenar el seg\u00fcent formulari clicant a l&#8217;enlla\u00e7. No uns oblideu de posar a entitat escolar: Ins Ser\u00f2s. Avinganya Club d&#8217;Escacs Ins Ser\u00f2s.<\/strong><\/span><\/p>\n<p><a href=\"https:\/\/docs.google.com\/forms\/d\/e\/1FAIpQLScWkNKklWLAvy9rrFSIuY17gDMrwYU80OQGmm36SWRAKiKYZg\/viewform\">https:\/\/docs.google.com\/forms\/d\/e\/1FAIpQLScWkNKklWLAvy9rrFSIuY17gDMrwYU80OQGmm36SWRAKiKYZg\/viewform<\/a><\/p>\n<p><strong><span style=\"color: #0000ff;\">3. Llegir-se el reglament del torneig. Cada partida \u00e9s de 14&#8242;. Es juga per categories.<\/span><\/strong><\/p>\n<p><a href=\"https:\/\/cebllob.cat\/wp-content\/uploads\/2023\/12\/Info-Intercomacal-escacs.pdf\">https:\/\/cebllob.cat\/wp-content\/uploads\/2023\/12\/Info-Intercomacal-escacs.pdf<\/a><\/p>\n<p>Prebenjamina 2016 \u2013 2017<br \/>\nBenjamina 2014 \u2013 2015<br \/>\nAlevina 2012 \u2013 2013<br \/>\nInfantil 2010 \u2013 2011<br \/>\nCadet 2008 \u2013 2009<br \/>\nJuvenil 2006 \u2013 2007<br \/>\nS\u00e8nior 2005 i anteriors<\/p>\n<p><span style=\"color: #0000ff;\"><strong>4. Horaris de competici\u00f3:<\/strong><\/span><\/p>\n<p>Prebenjamins, benjamins i alevins: de 10:00h a 11:30h.<\/p>\n<p>Infantils, cadets, juvenils i s\u00e8niors: de 16:00h a 17:30h.<\/p>\n<p>Competeixen a la mateixa hora per\u00f2 cadasc\u00fa amb la seva categoria. En cas que no haguessin<br \/>\nsuficients participants d\u2019una categoria, l\u2019organitzaci\u00f3 es permet la possibilitat d\u2019agrupar-les.<\/p>\n<p><strong><span style=\"color: #0000ff;\">5. Diumenge rebr\u00e0s un enlla\u00e7 al correu electr\u00f2nic on haur\u00e0s de clicar per al torneig.<\/span><\/strong><\/p>\n<p><span style=\"color: #0000ff;\"><strong>6. Connectar-se el diumenge 16 de juny a les 15:50. Deu minuts abans de comen\u00e7ar.<\/strong><\/span><\/p>\n<p><strong><span style=\"color: #0000ff;\">7. Posar-se m\u00fasica relaxant de fons mentre jugues.<\/span><\/strong><\/p>\n<p><span style=\"color: #0000ff;\"><strong>8. Despr\u00e9s de cada partida, clicar &#8220;tornar al torneig&#8221;, per al proper emparellament.<\/strong><\/span><\/p>\n<p><span style=\"color: #0000ff;\"><strong>9. \u00c9sser respectu\u00f3s i cort\u00e9s si escrius al xat del torneig.<\/strong><\/span><\/p>\n<p>&nbsp;<\/p>\n<p><span style=\"color: #ff0000;\"><strong>.Classificacions de la 1a i la 2a jornada del torneig:<\/strong><\/span><\/p>\n<p>23 de desembre, 24 de mar\u00e7.<\/p>\n<p><a href=\"https:\/\/www.ceanoia.cat\/uploads\/JEE\/2023-2024\/indivduals\/ESCACS\/en%20l%C3%ADnia\/resultats\/2a\/2a%20tot.pdf\">https:\/\/www.ceanoia.cat\/uploads\/JEE\/2023-2024\/indivduals\/ESCACS\/en%20l%C3%ADnia\/resultats\/2a\/2a%20tot.pdf<\/a><\/p>\n","protected":false},"excerpt":{"rendered":"<p>&nbsp;<br \/>\n<a href=\"https:\/\/agora.xtec.cat\/ies-seros\/wp-content\/uploads\/usu323\/2024\/06\/Cartell-Escacs-en-linia.png\"><\/a><br \/>\nTothom qui ho desitgi ja es pot inscriure a la 3a jornada i final del Torneig Intercomarcal d&#8217;Escacs en l\u00ednia. Darrer en el qual participarem aquest curs! Recordar que ja s&#8217;han realitzar dues jornades competitives i que els punts aconseguits computen en la classificaci\u00f3&hellip;  <a href=\"https:\/\/agora.xtec.cat\/ies-seros\/general\/3a-jornada-del-torneig-intercomarcal-descacs-en-linia-2023-2204\/\" title=\"Read 3a jornada del Torneig Intercomarcal d&#8217;Escacs en l\u00ednia 2023-2024\">Llegeix m\u00e9s\u00bb<\/a><\/p>\n","protected":false},"author":37,"featured_media":9821,"comment_status":"open","ping_status":"closed","sticky":true,"template":"","format":"standard","meta":{"_bbp_topic_count":0,"_bbp_reply_count":0,"_bbp_total_topic_count":0,"_bbp_total_reply_count":0,"_bbp_voice_count":0,"_bbp_anonymous_reply_count":0,"_bbp_topic_count_hidden":0,"_bbp_reply_count_hidden":0,"_bbp_forum_subforum_count":0,"footnotes":""},"categories":[201,1,29],"tags":[400],"class_list":["post-9820","post","type-post","status-publish","format-standard","has-post-thumbnail","hentry","category-biblioseros","category-general","category-portada","tag-activitats"],"post_mailing_queue_ids":[],"_links":{"self":[{"href":"https:\/\/agora.xtec.cat\/ies-seros\/wp-json\/wp\/v2\/posts\/9820","targetHints":{"allow":["GET"]}}],"collection":[{"href":"https:\/\/agora.xtec.cat\/ies-seros\/wp-json\/wp\/v2\/posts"}],"about":[{"href":"https:\/\/agora.xtec.cat\/ies-seros\/wp-json\/wp\/v2\/types\/post"}],"author":[{"embeddable":true,"href":"https:\/\/agora.xtec.cat\/ies-seros\/wp-json\/wp\/v2\/users\/37"}],"replies":[{"embeddable":true,"href":"https:\/\/agora.xtec.cat\/ies-seros\/wp-json\/wp\/v2\/comments?post=9820"}],"version-history":[{"count":6,"href":"https:\/\/agora.xtec.cat\/ies-seros\/wp-json\/wp\/v2\/posts\/9820\/revisions"}],"predecessor-version":[{"id":9862,"href":"https:\/\/agora.xtec.cat\/ies-seros\/wp-json\/wp\/v2\/posts\/9820\/revisions\/9862"}],"wp:featuredmedia":[{"embeddable":true,"href":"https:\/\/agora.xtec.cat\/ies-seros\/wp-json\/wp\/v2\/media\/9821"}],"wp:attachment":[{"href":"https:\/\/agora.xtec.cat\/ies-seros\/wp-json\/wp\/v2\/media?parent=9820"}],"wp:term":[{"taxonomy":"category","embeddable":true,"href":"https:\/\/agora.xtec.cat\/ies-seros\/wp-json\/wp\/v2\/categories?post=9820"},{"taxonomy":"post_tag","embeddable":true,"href":"https:\/\/agora.xtec.cat\/ies-seros\/wp-json\/wp\/v2\/tags?post=9820"}],"curies":[{"name":"wp","href":"https:\/\/api.w.org\/{rel}","templated":true}]}}