{"id":9801,"date":"2024-06-06T12:03:21","date_gmt":"2024-06-06T10:03:21","guid":{"rendered":"https:\/\/agora.xtec.cat\/ies-seros\/?p=9801"},"modified":"2024-06-06T12:09:20","modified_gmt":"2024-06-06T10:09:20","slug":"el-nou-rei-del-4t-biblioescacs","status":"publish","type":"post","link":"https:\/\/agora.xtec.cat\/ies-seros\/general\/el-nou-rei-del-4t-biblioescacs\/","title":{"rendered":"El nou rei del 4t Biblioescacs!"},"content":{"rendered":"<p>Ja tenim campi\u00f3 i subcampi\u00f3 del 4t Biblioescacs, el torneig d&#8217;escacs de la biblioteca. La partida n\u00famero set ha estat la clau, guanyada per Leo. Resultat final:<\/p>\n<p style=\"text-align: center;\">Leo Cintas 6&#8217;5 &#8212; Jordi Baranda 0&#8217;5<\/p>\n<p><a href=\"https:\/\/agora.xtec.cat\/ies-seros\/wp-content\/uploads\/usu323\/2024\/06\/20240606_110413-scaled.jpg\"><img loading=\"lazy\" decoding=\"async\" class=\" wp-image-9803 aligncenter\" src=\"https:\/\/agora.xtec.cat\/ies-seros\/wp-content\/uploads\/usu323\/2024\/06\/20240606_110413-1024x576.jpg\" alt=\"\" width=\"608\" height=\"342\" srcset=\"https:\/\/agora.xtec.cat\/ies-seros\/wp-content\/uploads\/usu323\/2024\/06\/20240606_110413-1024x576.jpg 1024w, https:\/\/agora.xtec.cat\/ies-seros\/wp-content\/uploads\/usu323\/2024\/06\/20240606_110413-300x169.jpg 300w, https:\/\/agora.xtec.cat\/ies-seros\/wp-content\/uploads\/usu323\/2024\/06\/20240606_110413-768x432.jpg 768w, https:\/\/agora.xtec.cat\/ies-seros\/wp-content\/uploads\/usu323\/2024\/06\/20240606_110413-1536x864.jpg 1536w, https:\/\/agora.xtec.cat\/ies-seros\/wp-content\/uploads\/usu323\/2024\/06\/20240606_110413-2048x1152.jpg 2048w\" sizes=\"auto, (max-width: 608px) 100vw, 608px\" \/><\/a><\/p>\n<p>Enhorabona a tots dos per les partides espectaculars i tamb\u00e9 a tothom que hi heu participat i ens heu fet gaudir amb partides emocionants i jugades interessants.<\/p>\n<p>Per tant, els premiats en aquesta edici\u00f3 han estat:<\/p>\n<p><strong><span style=\"color: #ff6600;\">1r Leo Cintas:<\/span> trofeu + diploma + val en material escolar.<\/strong><\/p>\n<p><strong><span style=\"color: #ff6600;\">2n Jordi Baranda:<\/span> diploma + val en material escolar.<\/strong><\/p>\n<p><strong><span style=\"color: #ff6600;\">3r Mohamed Hajjar:<\/span> diploma + val en material escolar.<\/strong><\/p>\n<p>El lliurament de premis es realitzar\u00e0 durant la festa de final de curs. Ah, s\u00ed i us esperem al 5\u00e8 Biblioescacs, que comen\u00e7ar\u00e0 el mar\u00e7 del 2025.<\/p>\n<p><a href=\"https:\/\/agora.xtec.cat\/ies-seros\/wp-content\/uploads\/usu323\/2024\/06\/20240606_105703-1-1-1.jpg\"><img loading=\"lazy\" decoding=\"async\" class=\"size-large wp-image-9804 aligncenter\" src=\"https:\/\/agora.xtec.cat\/ies-seros\/wp-content\/uploads\/usu323\/2024\/06\/20240606_105703-1-1-1-1024x778.jpg\" alt=\"\" width=\"1024\" height=\"778\" srcset=\"https:\/\/agora.xtec.cat\/ies-seros\/wp-content\/uploads\/usu323\/2024\/06\/20240606_105703-1-1-1-1024x778.jpg 1024w, https:\/\/agora.xtec.cat\/ies-seros\/wp-content\/uploads\/usu323\/2024\/06\/20240606_105703-1-1-1-300x228.jpg 300w, https:\/\/agora.xtec.cat\/ies-seros\/wp-content\/uploads\/usu323\/2024\/06\/20240606_105703-1-1-1-768x583.jpg 768w, https:\/\/agora.xtec.cat\/ies-seros\/wp-content\/uploads\/usu323\/2024\/06\/20240606_105703-1-1-1-1536x1167.jpg 1536w, https:\/\/agora.xtec.cat\/ies-seros\/wp-content\/uploads\/usu323\/2024\/06\/20240606_105703-1-1-1-2048x1556.jpg 2048w\" sizes=\"auto, (max-width: 1024px) 100vw, 1024px\" \/><\/a><\/p>\n<p style=\"text-align: center;\"><span style=\"color: #ff00ff;\"><strong>PALMAR\u00c8S DELS CAMPIONS DEL BIBLIOESCACS<\/strong><\/span><\/p>\n<p style=\"text-align: center;\"><span style=\"color: #ff9900;\"><strong>TORNEIG D\u2019ESCACS BIBLIOTECA INS SER\u00d2S<\/strong><\/span><\/p>\n<p style=\"text-align: center;\"><span style=\"color: #ff0000;\"><strong>2021:<\/strong>\u00a0<\/span>Jes\u00fas L\u00f3pez (1p) \u2013\u00a0<span style=\"color: #339966;\"><strong>Josep Maria Corretger<\/strong><\/span>\u00a0(7p)<\/p>\n<p style=\"text-align: center;\"><span style=\"color: #ff0000;\"><strong>2022:<\/strong>\u00a0<\/span>Sabrine Rhiate (1\u20195p) \u2013<span style=\"color: #339966;\">\u00a0<strong>Dylan Arest\u00e9<\/strong><\/span>\u00a0(6\u20195p)<\/p>\n<p style=\"text-align: center;\"><span style=\"color: #ff0000;\"><strong>2023:<\/strong><\/span>\u00a0<span style=\"color: #339966;\"><strong>Leo Cintas<\/strong><\/span>\u00a0(7p) \u2013 Dylan Arest\u00e9 (1p)<\/p>\n<p style=\"text-align: center;\"><span style=\"color: #ff0000;\"><strong>2024<\/strong>:<\/span> Jordi Baranda (0\u20195p) \u2013 <span style=\"color: #339966;\"><strong>Leo Cintas<\/strong><\/span> (6\u20195p)<\/p>\n<p style=\"text-align: center;\">[Cr\u00e8dits fotogr\u00e0fics: JMCO]<\/p>\n<p style=\"text-align: center;\">[Imatge de portada: Escacs Lira Vendrellenca]<\/p>\n<p>&nbsp;<\/p>\n","protected":false},"excerpt":{"rendered":"<p>Ja tenim campi\u00f3 i subcampi\u00f3 del 4t Biblioescacs, el torneig d&#8217;escacs de la biblioteca. La partida n\u00famero set ha estat la clau, guanyada per Leo. Resultat final:<br \/>\nLeo Cintas 6&#8217;5 &#8212; Jordi Baranda 0&#8217;5<br \/>\n<a href=\"https:\/\/agora.xtec.cat\/ies-seros\/wp-content\/uploads\/usu323\/2024\/06\/20240606_110413-scaled.jpg\"><\/a><br \/>\nEnhorabona a tots dos per les partides espectaculars i tamb\u00e9 a tothom&hellip;  <a href=\"https:\/\/agora.xtec.cat\/ies-seros\/general\/el-nou-rei-del-4t-biblioescacs\/\" title=\"Read El nou rei del 4t Biblioescacs!\">Llegeix m\u00e9s\u00bb<\/a><\/p>\n","protected":false},"author":37,"featured_media":9805,"comment_status":"open","ping_status":"closed","sticky":true,"template":"","format":"standard","meta":{"_bbp_topic_count":0,"_bbp_reply_count":0,"_bbp_total_topic_count":0,"_bbp_total_reply_count":0,"_bbp_voice_count":0,"_bbp_anonymous_reply_count":0,"_bbp_topic_count_hidden":0,"_bbp_reply_count_hidden":0,"_bbp_forum_subforum_count":0,"footnotes":""},"categories":[201,1,29],"tags":[400],"class_list":["post-9801","post","type-post","status-publish","format-standard","has-post-thumbnail","hentry","category-biblioseros","category-general","category-portada","tag-activitats"],"post_mailing_queue_ids":[],"_links":{"self":[{"href":"https:\/\/agora.xtec.cat\/ies-seros\/wp-json\/wp\/v2\/posts\/9801","targetHints":{"allow":["GET"]}}],"collection":[{"href":"https:\/\/agora.xtec.cat\/ies-seros\/wp-json\/wp\/v2\/posts"}],"about":[{"href":"https:\/\/agora.xtec.cat\/ies-seros\/wp-json\/wp\/v2\/types\/post"}],"author":[{"embeddable":true,"href":"https:\/\/agora.xtec.cat\/ies-seros\/wp-json\/wp\/v2\/users\/37"}],"replies":[{"embeddable":true,"href":"https:\/\/agora.xtec.cat\/ies-seros\/wp-json\/wp\/v2\/comments?post=9801"}],"version-history":[{"count":6,"href":"https:\/\/agora.xtec.cat\/ies-seros\/wp-json\/wp\/v2\/posts\/9801\/revisions"}],"predecessor-version":[{"id":9812,"href":"https:\/\/agora.xtec.cat\/ies-seros\/wp-json\/wp\/v2\/posts\/9801\/revisions\/9812"}],"wp:featuredmedia":[{"embeddable":true,"href":"https:\/\/agora.xtec.cat\/ies-seros\/wp-json\/wp\/v2\/media\/9805"}],"wp:attachment":[{"href":"https:\/\/agora.xtec.cat\/ies-seros\/wp-json\/wp\/v2\/media?parent=9801"}],"wp:term":[{"taxonomy":"category","embeddable":true,"href":"https:\/\/agora.xtec.cat\/ies-seros\/wp-json\/wp\/v2\/categories?post=9801"},{"taxonomy":"post_tag","embeddable":true,"href":"https:\/\/agora.xtec.cat\/ies-seros\/wp-json\/wp\/v2\/tags?post=9801"}],"curies":[{"name":"wp","href":"https:\/\/api.w.org\/{rel}","templated":true}]}}