{"id":9745,"date":"2024-05-29T12:38:43","date_gmt":"2024-05-29T10:38:43","guid":{"rendered":"https:\/\/agora.xtec.cat\/ies-seros\/?p=9745"},"modified":"2024-05-29T12:42:32","modified_gmt":"2024-05-29T10:42:32","slug":"actualitzades-les-etiquetes-de-reciclatge","status":"publish","type":"post","link":"https:\/\/agora.xtec.cat\/ies-seros\/portada\/actualitzades-les-etiquetes-de-reciclatge\/","title":{"rendered":"Actualitzem els cartells de reciclatge de la biblioteca!"},"content":{"rendered":"<p>Recentment, hem actualitzat els cartells dels contenidors de reciclatge de l&#8217;interior de la biblioteca. Ara n&#8217;hi ha unes de m\u00e9s modernes i atractives:<\/p>\n<p><span style=\"color: #3366ff;\"><strong>.Paper i cartr\u00f3:<\/strong><\/span> s&#8217;ha de plegar i cap al recipient!<\/p>\n<p><a href=\"https:\/\/agora.xtec.cat\/ies-seros\/wp-content\/uploads\/usu323\/2024\/05\/Paper.jpg\"><img loading=\"lazy\" decoding=\"async\" class=\"size-large wp-image-9747 aligncenter\" src=\"https:\/\/agora.xtec.cat\/ies-seros\/wp-content\/uploads\/usu323\/2024\/05\/Paper-1024x725.jpg\" alt=\"\" width=\"1024\" height=\"725\" srcset=\"https:\/\/agora.xtec.cat\/ies-seros\/wp-content\/uploads\/usu323\/2024\/05\/Paper-1024x725.jpg 1024w, https:\/\/agora.xtec.cat\/ies-seros\/wp-content\/uploads\/usu323\/2024\/05\/Paper-300x212.jpg 300w, https:\/\/agora.xtec.cat\/ies-seros\/wp-content\/uploads\/usu323\/2024\/05\/Paper-768x543.jpg 768w, https:\/\/agora.xtec.cat\/ies-seros\/wp-content\/uploads\/usu323\/2024\/05\/Paper-1536x1087.jpg 1536w, https:\/\/agora.xtec.cat\/ies-seros\/wp-content\/uploads\/usu323\/2024\/05\/Paper.jpg 1754w\" sizes=\"auto, (max-width: 1024px) 100vw, 1024px\" \/><\/a><\/p>\n<p><span style=\"color: #ffcc00;\"><strong>.Envasos:<\/strong><\/span> pl\u00e0stics i brics. No t&#8217;equivoquis!<\/p>\n<p><a href=\"https:\/\/agora.xtec.cat\/ies-seros\/wp-content\/uploads\/usu323\/2024\/05\/Envasos.jpg\"><img loading=\"lazy\" decoding=\"async\" class=\"size-large wp-image-9748 aligncenter\" src=\"https:\/\/agora.xtec.cat\/ies-seros\/wp-content\/uploads\/usu323\/2024\/05\/Envasos-1024x725.jpg\" alt=\"\" width=\"1024\" height=\"725\" srcset=\"https:\/\/agora.xtec.cat\/ies-seros\/wp-content\/uploads\/usu323\/2024\/05\/Envasos-1024x725.jpg 1024w, https:\/\/agora.xtec.cat\/ies-seros\/wp-content\/uploads\/usu323\/2024\/05\/Envasos-300x212.jpg 300w, https:\/\/agora.xtec.cat\/ies-seros\/wp-content\/uploads\/usu323\/2024\/05\/Envasos-768x543.jpg 768w, https:\/\/agora.xtec.cat\/ies-seros\/wp-content\/uploads\/usu323\/2024\/05\/Envasos-1536x1087.jpg 1536w, https:\/\/agora.xtec.cat\/ies-seros\/wp-content\/uploads\/usu323\/2024\/05\/Envasos.jpg 1754w\" sizes=\"auto, (max-width: 1024px) 100vw, 1024px\" \/><\/a><\/p>\n<p><span style=\"color: #808080;\"><strong>.Rebuig:<\/strong> <\/span>brossa no recliclable. Tot el que no sigui menjar!<\/p>\n<p><a href=\"https:\/\/agora.xtec.cat\/ies-seros\/wp-content\/uploads\/usu323\/2024\/05\/Rebuig.jpg\"><img loading=\"lazy\" decoding=\"async\" class=\"size-large wp-image-9746 aligncenter\" src=\"https:\/\/agora.xtec.cat\/ies-seros\/wp-content\/uploads\/usu323\/2024\/05\/Rebuig-1024x725.jpg\" alt=\"\" width=\"1024\" height=\"725\" srcset=\"https:\/\/agora.xtec.cat\/ies-seros\/wp-content\/uploads\/usu323\/2024\/05\/Rebuig-1024x725.jpg 1024w, https:\/\/agora.xtec.cat\/ies-seros\/wp-content\/uploads\/usu323\/2024\/05\/Rebuig-300x212.jpg 300w, https:\/\/agora.xtec.cat\/ies-seros\/wp-content\/uploads\/usu323\/2024\/05\/Rebuig-768x543.jpg 768w, https:\/\/agora.xtec.cat\/ies-seros\/wp-content\/uploads\/usu323\/2024\/05\/Rebuig-1536x1087.jpg 1536w, https:\/\/agora.xtec.cat\/ies-seros\/wp-content\/uploads\/usu323\/2024\/05\/Rebuig.jpg 1754w\" sizes=\"auto, (max-width: 1024px) 100vw, 1024px\" \/><\/a><\/p>\n<p><span style=\"color: #0000ff;\"><strong>Recordar que a l&#8217;interior de la biblioteca no es pot menjar absolutament res i si ho fas, haur\u00e0s de reciclar-ho al contenidor corresponent del pati.<\/strong><\/span><\/p>\n<p><span style=\"color: #ff0000;\"><strong>No es poden llen\u00e7ar restes de menjar al rebuig<\/strong><\/span>, sin\u00f3 que \u00e9s org\u00e0nic, <strong><span style=\"color: #ff0000;\">i aquest recipient no el tenim a la bibliotec<\/span><span style=\"color: #ff0000;\">a<\/span><\/strong> per evitar males olors i insectes. Haur\u00e0s d&#8217;anar als contenidors exteriors.<\/p>\n<p><span style=\"color: #ff00ff;\"><strong>N.B.<\/strong><\/span> <span style=\"color: #008000;\"><strong>Al lavabo de la biblioteca s&#8217;hi ha d&#8217;entrar d&#8217;un en un i no es pot entrar amb menjar ni brics de begudes.<\/strong><\/span><\/p>\n<p>Fem-ho b\u00e9! El futur del planeta est\u00e0 a les nostres mans! Moltes gr\u00e0cies per col\u00b7laborar.<\/p>\n<p>&nbsp;<\/p>\n<p style=\"text-align: center;\">[Imatges extretes de: CRAJ, \u00c0gora Xtec)<\/p>\n","protected":false},"excerpt":{"rendered":"<p>Recentment, hem actualitzat els cartells dels contenidors de reciclatge de l&#8217;interior de la biblioteca. Ara n&#8217;hi ha unes de m\u00e9s modernes i atractives:<br \/>\n.Paper i cartr\u00f3: s&#8217;ha de plegar i cap al recipient!<br \/>\n<a href=\"https:\/\/agora.xtec.cat\/ies-seros\/wp-content\/uploads\/usu323\/2024\/05\/Paper.jpg\"><\/a><br \/>\n.Envasos: pl\u00e0stics i brics. No t&#8217;equivoquis!<br \/>\n<a href=\"https:\/\/agora.xtec.cat\/ies-seros\/wp-content\/uploads\/usu323\/2024\/05\/Envasos.jpg\"><\/a><br \/>\n.Rebuig: brossa no recliclable. Tot el que&hellip;  <a href=\"https:\/\/agora.xtec.cat\/ies-seros\/portada\/actualitzades-les-etiquetes-de-reciclatge\/\" title=\"Read Actualitzem els cartells de reciclatge de la biblioteca!\">Llegeix m\u00e9s\u00bb<\/a><\/p>\n","protected":false},"author":37,"featured_media":9749,"comment_status":"open","ping_status":"closed","sticky":true,"template":"","format":"standard","meta":{"_bbp_topic_count":0,"_bbp_reply_count":0,"_bbp_total_topic_count":0,"_bbp_total_reply_count":0,"_bbp_voice_count":0,"_bbp_anonymous_reply_count":0,"_bbp_topic_count_hidden":0,"_bbp_reply_count_hidden":0,"_bbp_forum_subforum_count":0,"footnotes":""},"categories":[201,29],"tags":[],"class_list":["post-9745","post","type-post","status-publish","format-standard","has-post-thumbnail","hentry","category-biblioseros","category-portada"],"post_mailing_queue_ids":[],"_links":{"self":[{"href":"https:\/\/agora.xtec.cat\/ies-seros\/wp-json\/wp\/v2\/posts\/9745","targetHints":{"allow":["GET"]}}],"collection":[{"href":"https:\/\/agora.xtec.cat\/ies-seros\/wp-json\/wp\/v2\/posts"}],"about":[{"href":"https:\/\/agora.xtec.cat\/ies-seros\/wp-json\/wp\/v2\/types\/post"}],"author":[{"embeddable":true,"href":"https:\/\/agora.xtec.cat\/ies-seros\/wp-json\/wp\/v2\/users\/37"}],"replies":[{"embeddable":true,"href":"https:\/\/agora.xtec.cat\/ies-seros\/wp-json\/wp\/v2\/comments?post=9745"}],"version-history":[{"count":3,"href":"https:\/\/agora.xtec.cat\/ies-seros\/wp-json\/wp\/v2\/posts\/9745\/revisions"}],"predecessor-version":[{"id":9752,"href":"https:\/\/agora.xtec.cat\/ies-seros\/wp-json\/wp\/v2\/posts\/9745\/revisions\/9752"}],"wp:featuredmedia":[{"embeddable":true,"href":"https:\/\/agora.xtec.cat\/ies-seros\/wp-json\/wp\/v2\/media\/9749"}],"wp:attachment":[{"href":"https:\/\/agora.xtec.cat\/ies-seros\/wp-json\/wp\/v2\/media?parent=9745"}],"wp:term":[{"taxonomy":"category","embeddable":true,"href":"https:\/\/agora.xtec.cat\/ies-seros\/wp-json\/wp\/v2\/categories?post=9745"},{"taxonomy":"post_tag","embeddable":true,"href":"https:\/\/agora.xtec.cat\/ies-seros\/wp-json\/wp\/v2\/tags?post=9745"}],"curies":[{"name":"wp","href":"https:\/\/api.w.org\/{rel}","templated":true}]}}