{"id":9666,"date":"2024-05-18T17:27:13","date_gmt":"2024-05-18T15:27:13","guid":{"rendered":"https:\/\/agora.xtec.cat\/ies-seros\/?p=9666"},"modified":"2024-05-29T11:58:46","modified_gmt":"2024-05-29T09:58:46","slug":"ja-tenim-aqui-la-2a-lleida-chess-cup-escolar","status":"publish","type":"post","link":"https:\/\/agora.xtec.cat\/ies-seros\/portada\/ja-tenim-aqui-la-2a-lleida-chess-cup-escolar\/","title":{"rendered":"Ja tenim aqu\u00ed la 2a Lleida Chess Cup Escolar"},"content":{"rendered":"<p><strong>El dissabte 1 de juny<\/strong> es disputa aquest torneig escolar d&#8217;escacs per equips. <strong>A la pla\u00e7a Ricard Vinyes de Lleida, de les 10:30 a les 13:00<\/strong>. Els interessats contacteu amb el coordinador de biblioteca. Us convidaran a esmorzar, aix\u00f2 s\u00ed,<span style=\"color: #ff6600;\"><strong> porteu una gorra, pel sol i aigua.<\/strong><\/span><\/p>\n<p><strong>Els equips han de ser de quatre persones.<\/strong> L&#8217;ideal \u00e9s poder <strong>fer almenys un equip<\/strong>, dos ja seria una gran \u00e8xit. Per\u00f2, com ja sabeu, \u00e9s en dissabte pel mat\u00ed i el futbol i d&#8217;altres activitats ens fan el mat!<\/p>\n<p><span style=\"color: #ff00ff;\"><strong>Els que s&#8217;apuntin tenen el comprom\u00eds de presentar-se<\/strong><\/span>, perqu\u00e8 cada jugador que manca compta com a derrota quan l&#8217;adversari t\u00e9 l&#8217;equip complet.<\/p>\n<p><strong>Us encoratjo a animar-vos<\/strong>, i poder presentar altre cop un equip, \u00e9s una experi\u00e8ncia molt bonica de viure!<\/p>\n<p>Provisional tenim 2 equips fets:<\/p>\n<div><span style=\"color: #ff0000;\"><strong>Avinganya. Ins Ser\u00f2s 1\u00a0<\/strong><\/span><\/div>\n<div><\/div>\n<div>Sabrine Rhiate<\/div>\n<div><\/div>\n<div>Yassine Boudiaf<\/div>\n<div><\/div>\n<div>Mahfoud Boudiaf<\/div>\n<div><\/div>\n<div>Hugo Cintas<\/div>\n<div><\/div>\n<div><\/div>\n<div><\/div>\n<div><strong><span style=\"color: #ff0000;\">Avinganya. Ins Ser\u00f2s 2<\/span><\/strong><\/div>\n<div><\/div>\n<div><\/div>\n<div>Blau Mart\u00ednez<\/div>\n<div><\/div>\n<div>Vlad Tribu<\/div>\n<div><\/div>\n<div>Deniss Illa<\/div>\n<div><\/div>\n<div>Sara Rhiate<\/div>\n<div><\/div>\n<div><\/div>\n<div><\/div>\n<div><\/div>\n<p><strong><span style=\"color: #ff0000;\">Avinganya. Ins Ser\u00f2s 3<\/span><\/strong><\/p>\n<p>Felipe Amaya<\/p>\n<p>Mohamed Reda<\/p>\n<p>S\u00e0mia Aoulad<\/p>\n<p>L\u00e0mia Aoulad<\/p>\n<p><a href=\"https:\/\/agora.xtec.cat\/ies-seros\/wp-content\/uploads\/usu323\/2024\/05\/2a-Lleida-Chess-Cup.jpg\"><img loading=\"lazy\" decoding=\"async\" class=\" wp-image-9667 aligncenter\" src=\"https:\/\/agora.xtec.cat\/ies-seros\/wp-content\/uploads\/usu323\/2024\/05\/2a-Lleida-Chess-Cup-724x1024.jpg\" alt=\"\" width=\"1087\" height=\"1537\" srcset=\"https:\/\/agora.xtec.cat\/ies-seros\/wp-content\/uploads\/usu323\/2024\/05\/2a-Lleida-Chess-Cup-724x1024.jpg 724w, https:\/\/agora.xtec.cat\/ies-seros\/wp-content\/uploads\/usu323\/2024\/05\/2a-Lleida-Chess-Cup-212x300.jpg 212w, https:\/\/agora.xtec.cat\/ies-seros\/wp-content\/uploads\/usu323\/2024\/05\/2a-Lleida-Chess-Cup-768x1086.jpg 768w, https:\/\/agora.xtec.cat\/ies-seros\/wp-content\/uploads\/usu323\/2024\/05\/2a-Lleida-Chess-Cup-1086x1536.jpg 1086w, https:\/\/agora.xtec.cat\/ies-seros\/wp-content\/uploads\/usu323\/2024\/05\/2a-Lleida-Chess-Cup.jpg 1414w\" sizes=\"auto, (max-width: 1087px) 100vw, 1087px\" \/><\/a><\/p>\n<p style=\"text-align: center;\">[Imatge extreta de: Josep Oms, Acad\u00e8mia d&#8217;Escacs]<\/p>\n<p>&nbsp;<\/p>\n","protected":false},"excerpt":{"rendered":"<p>El dissabte 1 de juny es disputa aquest torneig escolar d&#8217;escacs per equips. A la pla\u00e7a Ricard Vinyes de Lleida, de les 10:30 a les 13:00. Els interessats contacteu amb el coordinador de biblioteca. Us convidaran a esmorzar, aix\u00f2 s\u00ed, porteu una gorra, pel sol&hellip;  <a href=\"https:\/\/agora.xtec.cat\/ies-seros\/portada\/ja-tenim-aqui-la-2a-lleida-chess-cup-escolar\/\" title=\"Read Ja tenim aqu\u00ed la 2a Lleida Chess Cup Escolar\">Llegeix m\u00e9s\u00bb<\/a><\/p>\n","protected":false},"author":37,"featured_media":9667,"comment_status":"open","ping_status":"closed","sticky":true,"template":"","format":"standard","meta":{"_bbp_topic_count":0,"_bbp_reply_count":0,"_bbp_total_topic_count":0,"_bbp_total_reply_count":0,"_bbp_voice_count":0,"_bbp_anonymous_reply_count":0,"_bbp_topic_count_hidden":0,"_bbp_reply_count_hidden":0,"_bbp_forum_subforum_count":0,"footnotes":""},"categories":[201,29],"tags":[],"class_list":["post-9666","post","type-post","status-publish","format-standard","has-post-thumbnail","hentry","category-biblioseros","category-portada"],"post_mailing_queue_ids":[],"_links":{"self":[{"href":"https:\/\/agora.xtec.cat\/ies-seros\/wp-json\/wp\/v2\/posts\/9666","targetHints":{"allow":["GET"]}}],"collection":[{"href":"https:\/\/agora.xtec.cat\/ies-seros\/wp-json\/wp\/v2\/posts"}],"about":[{"href":"https:\/\/agora.xtec.cat\/ies-seros\/wp-json\/wp\/v2\/types\/post"}],"author":[{"embeddable":true,"href":"https:\/\/agora.xtec.cat\/ies-seros\/wp-json\/wp\/v2\/users\/37"}],"replies":[{"embeddable":true,"href":"https:\/\/agora.xtec.cat\/ies-seros\/wp-json\/wp\/v2\/comments?post=9666"}],"version-history":[{"count":6,"href":"https:\/\/agora.xtec.cat\/ies-seros\/wp-json\/wp\/v2\/posts\/9666\/revisions"}],"predecessor-version":[{"id":9744,"href":"https:\/\/agora.xtec.cat\/ies-seros\/wp-json\/wp\/v2\/posts\/9666\/revisions\/9744"}],"wp:featuredmedia":[{"embeddable":true,"href":"https:\/\/agora.xtec.cat\/ies-seros\/wp-json\/wp\/v2\/media\/9667"}],"wp:attachment":[{"href":"https:\/\/agora.xtec.cat\/ies-seros\/wp-json\/wp\/v2\/media?parent=9666"}],"wp:term":[{"taxonomy":"category","embeddable":true,"href":"https:\/\/agora.xtec.cat\/ies-seros\/wp-json\/wp\/v2\/categories?post=9666"},{"taxonomy":"post_tag","embeddable":true,"href":"https:\/\/agora.xtec.cat\/ies-seros\/wp-json\/wp\/v2\/tags?post=9666"}],"curies":[{"name":"wp","href":"https:\/\/api.w.org\/{rel}","templated":true}]}}