{"id":9460,"date":"2024-04-17T14:50:47","date_gmt":"2024-04-17T12:50:47","guid":{"rendered":"https:\/\/agora.xtec.cat\/ies-seros\/?p=9460"},"modified":"2025-01-24T19:33:36","modified_gmt":"2025-01-24T18:33:36","slug":"taller-de-consum-per-a-lalumnat-de-3r-eso","status":"publish","type":"post","link":"https:\/\/agora.xtec.cat\/ies-seros\/general\/taller-de-consum-per-a-lalumnat-de-3r-eso\/","title":{"rendered":"Taller de Consum per a l&#8217;alumnat de 3r ESO"},"content":{"rendered":"<p>L&#8217;Ag\u00e8ncia Catalana de Consum ha portat a terme uns tallers,din\u00e0mics i profitosos, sobre el consum i els nostres h\u00e0bits a l&#8217;alumnat de 3r ESO. Seguim..<\/p>\n<p><img loading=\"lazy\" decoding=\"async\" class=\"aligncenter size-large wp-image-9461\" src=\"https:\/\/agora.xtec.cat\/ies-seros\/wp-content\/uploads\/usu323\/2024\/04\/IMG_20240417_142932_076-1024x1024.webp\" alt=\"\" width=\"1024\" height=\"1024\" srcset=\"https:\/\/agora.xtec.cat\/ies-seros\/wp-content\/uploads\/usu323\/2024\/04\/IMG_20240417_142932_076-1024x1024.webp 1024w, https:\/\/agora.xtec.cat\/ies-seros\/wp-content\/uploads\/usu323\/2024\/04\/IMG_20240417_142932_076-300x300.webp 300w, https:\/\/agora.xtec.cat\/ies-seros\/wp-content\/uploads\/usu323\/2024\/04\/IMG_20240417_142932_076-150x150.webp 150w, https:\/\/agora.xtec.cat\/ies-seros\/wp-content\/uploads\/usu323\/2024\/04\/IMG_20240417_142932_076-768x768.webp 768w, https:\/\/agora.xtec.cat\/ies-seros\/wp-content\/uploads\/usu323\/2024\/04\/IMG_20240417_142932_076.webp 1440w\" sizes=\"auto, (max-width: 1024px) 100vw, 1024px\" \/> <img loading=\"lazy\" decoding=\"async\" class=\"aligncenter size-large wp-image-9462\" src=\"https:\/\/agora.xtec.cat\/ies-seros\/wp-content\/uploads\/usu323\/2024\/04\/IMG_20240417_142932_338-1-1024x1024.webp\" alt=\"\" width=\"1024\" height=\"1024\" srcset=\"https:\/\/agora.xtec.cat\/ies-seros\/wp-content\/uploads\/usu323\/2024\/04\/IMG_20240417_142932_338-1-1024x1024.webp 1024w, https:\/\/agora.xtec.cat\/ies-seros\/wp-content\/uploads\/usu323\/2024\/04\/IMG_20240417_142932_338-1-300x300.webp 300w, https:\/\/agora.xtec.cat\/ies-seros\/wp-content\/uploads\/usu323\/2024\/04\/IMG_20240417_142932_338-1-150x150.webp 150w, https:\/\/agora.xtec.cat\/ies-seros\/wp-content\/uploads\/usu323\/2024\/04\/IMG_20240417_142932_338-1-768x768.webp 768w, https:\/\/agora.xtec.cat\/ies-seros\/wp-content\/uploads\/usu323\/2024\/04\/IMG_20240417_142932_338-1.webp 1440w\" sizes=\"auto, (max-width: 1024px) 100vw, 1024px\" \/> <img loading=\"lazy\" decoding=\"async\" class=\"aligncenter size-large wp-image-9463\" src=\"https:\/\/agora.xtec.cat\/ies-seros\/wp-content\/uploads\/usu323\/2024\/04\/IMG_20240417_142932_466-1024x1024.webp\" alt=\"\" width=\"1024\" height=\"1024\" srcset=\"https:\/\/agora.xtec.cat\/ies-seros\/wp-content\/uploads\/usu323\/2024\/04\/IMG_20240417_142932_466-1024x1024.webp 1024w, https:\/\/agora.xtec.cat\/ies-seros\/wp-content\/uploads\/usu323\/2024\/04\/IMG_20240417_142932_466-300x300.webp 300w, https:\/\/agora.xtec.cat\/ies-seros\/wp-content\/uploads\/usu323\/2024\/04\/IMG_20240417_142932_466-150x150.webp 150w, https:\/\/agora.xtec.cat\/ies-seros\/wp-content\/uploads\/usu323\/2024\/04\/IMG_20240417_142932_466-768x768.webp 768w, https:\/\/agora.xtec.cat\/ies-seros\/wp-content\/uploads\/usu323\/2024\/04\/IMG_20240417_142932_466.webp 1440w\" sizes=\"auto, (max-width: 1024px) 100vw, 1024px\" \/> <img loading=\"lazy\" decoding=\"async\" class=\"aligncenter size-large wp-image-9464\" src=\"https:\/\/agora.xtec.cat\/ies-seros\/wp-content\/uploads\/usu323\/2024\/04\/IMG_20240417_142932_537-1024x1024.webp\" alt=\"\" width=\"1024\" height=\"1024\" srcset=\"https:\/\/agora.xtec.cat\/ies-seros\/wp-content\/uploads\/usu323\/2024\/04\/IMG_20240417_142932_537-1024x1024.webp 1024w, https:\/\/agora.xtec.cat\/ies-seros\/wp-content\/uploads\/usu323\/2024\/04\/IMG_20240417_142932_537-300x300.webp 300w, https:\/\/agora.xtec.cat\/ies-seros\/wp-content\/uploads\/usu323\/2024\/04\/IMG_20240417_142932_537-150x150.webp 150w, https:\/\/agora.xtec.cat\/ies-seros\/wp-content\/uploads\/usu323\/2024\/04\/IMG_20240417_142932_537-768x768.webp 768w, https:\/\/agora.xtec.cat\/ies-seros\/wp-content\/uploads\/usu323\/2024\/04\/IMG_20240417_142932_537.webp 1440w\" sizes=\"auto, (max-width: 1024px) 100vw, 1024px\" \/><\/p>\n","protected":false},"excerpt":{"rendered":"<p>L&#8217;Ag\u00e8ncia Catalana de Consum ha portat a terme uns tallers,din\u00e0mics i profitosos, sobre el consum i els nostres h\u00e0bits a l&#8217;alumnat de 3r ESO. Seguim..<\/p>\n","protected":false},"author":1,"featured_media":9466,"comment_status":"open","ping_status":"closed","sticky":true,"template":"","format":"standard","meta":{"_bbp_topic_count":0,"_bbp_reply_count":0,"_bbp_total_topic_count":0,"_bbp_total_reply_count":0,"_bbp_voice_count":0,"_bbp_anonymous_reply_count":0,"_bbp_topic_count_hidden":0,"_bbp_reply_count_hidden":0,"_bbp_forum_subforum_count":0,"footnotes":""},"categories":[116,6,1,29],"tags":[415],"class_list":["post-9460","post","type-post","status-publish","format-standard","has-post-thumbnail","hentry","category-escola-verda","category-eso-3","category-general","category-portada","tag-escolesverdes25"],"post_mailing_queue_ids":[],"_links":{"self":[{"href":"https:\/\/agora.xtec.cat\/ies-seros\/wp-json\/wp\/v2\/posts\/9460","targetHints":{"allow":["GET"]}}],"collection":[{"href":"https:\/\/agora.xtec.cat\/ies-seros\/wp-json\/wp\/v2\/posts"}],"about":[{"href":"https:\/\/agora.xtec.cat\/ies-seros\/wp-json\/wp\/v2\/types\/post"}],"author":[{"embeddable":true,"href":"https:\/\/agora.xtec.cat\/ies-seros\/wp-json\/wp\/v2\/users\/1"}],"replies":[{"embeddable":true,"href":"https:\/\/agora.xtec.cat\/ies-seros\/wp-json\/wp\/v2\/comments?post=9460"}],"version-history":[{"count":1,"href":"https:\/\/agora.xtec.cat\/ies-seros\/wp-json\/wp\/v2\/posts\/9460\/revisions"}],"predecessor-version":[{"id":9465,"href":"https:\/\/agora.xtec.cat\/ies-seros\/wp-json\/wp\/v2\/posts\/9460\/revisions\/9465"}],"wp:featuredmedia":[{"embeddable":true,"href":"https:\/\/agora.xtec.cat\/ies-seros\/wp-json\/wp\/v2\/media\/9466"}],"wp:attachment":[{"href":"https:\/\/agora.xtec.cat\/ies-seros\/wp-json\/wp\/v2\/media?parent=9460"}],"wp:term":[{"taxonomy":"category","embeddable":true,"href":"https:\/\/agora.xtec.cat\/ies-seros\/wp-json\/wp\/v2\/categories?post=9460"},{"taxonomy":"post_tag","embeddable":true,"href":"https:\/\/agora.xtec.cat\/ies-seros\/wp-json\/wp\/v2\/tags?post=9460"}],"curies":[{"name":"wp","href":"https:\/\/api.w.org\/{rel}","templated":true}]}}