{"id":9414,"date":"2024-04-17T07:53:19","date_gmt":"2024-04-17T05:53:19","guid":{"rendered":"https:\/\/agora.xtec.cat\/ies-seros\/?p=9414"},"modified":"2024-04-17T11:41:27","modified_gmt":"2024-04-17T09:41:27","slug":"trobada-intermunicipal-descacs-a-aitona-27-dabril","status":"publish","type":"post","link":"https:\/\/agora.xtec.cat\/ies-seros\/general\/trobada-intermunicipal-descacs-a-aitona-27-dabril\/","title":{"rendered":"Trobada intermunicipal d&#8217;escacs a Aitona. 27 d&#8217;abril"},"content":{"rendered":"<p>&nbsp;<\/p>\n<p style=\"text-align: center;\"><a href=\"https:\/\/agora.xtec.cat\/ies-seros\/wp-content\/uploads\/usu323\/2024\/04\/Trobades-Intermunicipals-dEscacs-al-Segria_actualitzat-862x1219-1.png\"><img loading=\"lazy\" decoding=\"async\" class=\"alignnone wp-image-9415\" src=\"https:\/\/agora.xtec.cat\/ies-seros\/wp-content\/uploads\/usu323\/2024\/04\/Trobades-Intermunicipals-dEscacs-al-Segria_actualitzat-862x1219-1-724x1024.png\" alt=\"\" width=\"843\" height=\"1192\" srcset=\"https:\/\/agora.xtec.cat\/ies-seros\/wp-content\/uploads\/usu323\/2024\/04\/Trobades-Intermunicipals-dEscacs-al-Segria_actualitzat-862x1219-1-724x1024.png 724w, https:\/\/agora.xtec.cat\/ies-seros\/wp-content\/uploads\/usu323\/2024\/04\/Trobades-Intermunicipals-dEscacs-al-Segria_actualitzat-862x1219-1-212x300.png 212w, https:\/\/agora.xtec.cat\/ies-seros\/wp-content\/uploads\/usu323\/2024\/04\/Trobades-Intermunicipals-dEscacs-al-Segria_actualitzat-862x1219-1-768x1086.png 768w, https:\/\/agora.xtec.cat\/ies-seros\/wp-content\/uploads\/usu323\/2024\/04\/Trobades-Intermunicipals-dEscacs-al-Segria_actualitzat-862x1219-1.png 862w\" sizes=\"auto, (max-width: 843px) 100vw, 843px\" \/><\/a><\/p>\n<p>El dissabte a quarts de deu del mat\u00ed hi haur\u00e0 una trobada d&#8217;escacs on es competir\u00e0 en sis rondes. Tot l&#8217;alumnat que hi estigui interessat, caldr\u00e0 que s&#8217;inscrigui mitjan\u00e7ant un formulari en aquest enlla\u00e7:<\/p>\n<p><a href=\"https:\/\/cesegria.cat\/inscripcio\/trobada-descacs-aitona\/\">https:\/\/cesegria.cat\/inscripcio\/trobada-descacs-aitona\/<\/a><\/p>\n<p><strong>Categories:<\/strong><\/p>\n<p>Prebenjam\u00ed 2016\/2017<\/p>\n<p>Benjam\u00ed 2014\/2015<\/p>\n<p>Alev\u00ed 2012\/2013<\/p>\n<p>Cadet 2008\/2009<\/p>\n<p>Juvenil 2006\/2007<\/p>\n<p>SENIOR OBERTA 1984 &#8211; 2005<\/p>\n<p>SENIOR VETER\u00c0 1983 &#8211; ANTERIOR<\/p>\n<p>POLLET 2018\u2026<\/p>\n<p><strong>Data l\u00edmit d&#8217;inscripci\u00f3: dimecres 24 d&#8217;abril.<\/strong><\/p>\n<p>L&#8217;activitat \u00e9s gratu\u00efta. Alguns membres de l&#8217;equip Avinganya. Club d&#8217;escacs Ins Ser\u00f2s hi anirem. Hi estiu convidats\/ades!<\/p>\n<p>&nbsp;<\/p>\n<p style=\"text-align: center;\">[Cr\u00e8dit de la imatge: organitzaci\u00f3 del torneig]<\/p>\n","protected":false},"excerpt":{"rendered":"<p>&nbsp;<br \/>\n<a href=\"https:\/\/agora.xtec.cat\/ies-seros\/wp-content\/uploads\/usu323\/2024\/04\/Trobades-Intermunicipals-dEscacs-al-Segria_actualitzat-862x1219-1.png\"><\/a><br \/>\nEl dissabte a quarts de deu del mat\u00ed hi haur\u00e0 una trobada d&#8217;escacs on es competir\u00e0 en sis rondes. Tot l&#8217;alumnat que hi estigui interessat, caldr\u00e0 que s&#8217;inscrigui mitjan\u00e7ant un formulari en aquest enlla\u00e7:<br \/>\n<a href=\"https:\/\/cesegria.cat\/inscripcio\/trobada-descacs-aitona\/\">https:\/\/cesegria.cat\/inscripcio\/trobada-descacs-aitona\/<\/a><br \/>\nCategories:<br \/>\nPrebenjam\u00ed 2016\/2017<br \/>\nBenjam\u00ed 2014\/2015<br \/>\nAlev\u00ed 2012\/2013<br \/>\nCadet 2008\/2009<br \/>\nJuvenil 2006\/2007<br \/>\nSENIOR OBERTA 1984 &#8211; 2005<br \/>\nSENIOR&hellip;  <a href=\"https:\/\/agora.xtec.cat\/ies-seros\/general\/trobada-intermunicipal-descacs-a-aitona-27-dabril\/\" title=\"Read Trobada intermunicipal d&#8217;escacs a Aitona. 27 d&#8217;abril\">Llegeix m\u00e9s\u00bb<\/a><\/p>\n","protected":false},"author":37,"featured_media":9415,"comment_status":"open","ping_status":"closed","sticky":true,"template":"","format":"standard","meta":{"_bbp_topic_count":0,"_bbp_reply_count":0,"_bbp_total_topic_count":0,"_bbp_total_reply_count":0,"_bbp_voice_count":0,"_bbp_anonymous_reply_count":0,"_bbp_topic_count_hidden":0,"_bbp_reply_count_hidden":0,"_bbp_forum_subforum_count":0,"footnotes":""},"categories":[201,1,29],"tags":[],"class_list":["post-9414","post","type-post","status-publish","format-standard","has-post-thumbnail","hentry","category-biblioseros","category-general","category-portada"],"post_mailing_queue_ids":[],"_links":{"self":[{"href":"https:\/\/agora.xtec.cat\/ies-seros\/wp-json\/wp\/v2\/posts\/9414","targetHints":{"allow":["GET"]}}],"collection":[{"href":"https:\/\/agora.xtec.cat\/ies-seros\/wp-json\/wp\/v2\/posts"}],"about":[{"href":"https:\/\/agora.xtec.cat\/ies-seros\/wp-json\/wp\/v2\/types\/post"}],"author":[{"embeddable":true,"href":"https:\/\/agora.xtec.cat\/ies-seros\/wp-json\/wp\/v2\/users\/37"}],"replies":[{"embeddable":true,"href":"https:\/\/agora.xtec.cat\/ies-seros\/wp-json\/wp\/v2\/comments?post=9414"}],"version-history":[{"count":4,"href":"https:\/\/agora.xtec.cat\/ies-seros\/wp-json\/wp\/v2\/posts\/9414\/revisions"}],"predecessor-version":[{"id":9452,"href":"https:\/\/agora.xtec.cat\/ies-seros\/wp-json\/wp\/v2\/posts\/9414\/revisions\/9452"}],"wp:featuredmedia":[{"embeddable":true,"href":"https:\/\/agora.xtec.cat\/ies-seros\/wp-json\/wp\/v2\/media\/9415"}],"wp:attachment":[{"href":"https:\/\/agora.xtec.cat\/ies-seros\/wp-json\/wp\/v2\/media?parent=9414"}],"wp:term":[{"taxonomy":"category","embeddable":true,"href":"https:\/\/agora.xtec.cat\/ies-seros\/wp-json\/wp\/v2\/categories?post=9414"},{"taxonomy":"post_tag","embeddable":true,"href":"https:\/\/agora.xtec.cat\/ies-seros\/wp-json\/wp\/v2\/tags?post=9414"}],"curies":[{"name":"wp","href":"https:\/\/api.w.org\/{rel}","templated":true}]}}