{"id":9398,"date":"2024-04-12T14:43:58","date_gmt":"2024-04-12T12:43:58","guid":{"rendered":"https:\/\/agora.xtec.cat\/ies-seros\/?p=9398"},"modified":"2024-04-24T10:36:57","modified_gmt":"2024-04-24T08:36:57","slug":"iv-torneig-descacs-interinstituts-terres-de-lleida-2024","status":"publish","type":"post","link":"https:\/\/agora.xtec.cat\/ies-seros\/general\/iv-torneig-descacs-interinstituts-terres-de-lleida-2024\/","title":{"rendered":"IV Torneig d&#8217;Escacs Interinstituts Terres de Lleida 2024"},"content":{"rendered":"<p>&nbsp;<\/p>\n<p style=\"text-align: center;\"><a href=\"https:\/\/agora.xtec.cat\/ies-seros\/wp-content\/uploads\/usu323\/2024\/04\/iv-torneig-descacs_page-0001-scaled.jpg\"><img loading=\"lazy\" decoding=\"async\" class=\"alignnone wp-image-9399\" src=\"https:\/\/agora.xtec.cat\/ies-seros\/wp-content\/uploads\/usu323\/2024\/04\/iv-torneig-descacs_page-0001-724x1024.jpg\" alt=\"\" width=\"815\" height=\"1153\" srcset=\"https:\/\/agora.xtec.cat\/ies-seros\/wp-content\/uploads\/usu323\/2024\/04\/iv-torneig-descacs_page-0001-724x1024.jpg 724w, https:\/\/agora.xtec.cat\/ies-seros\/wp-content\/uploads\/usu323\/2024\/04\/iv-torneig-descacs_page-0001-212x300.jpg 212w, https:\/\/agora.xtec.cat\/ies-seros\/wp-content\/uploads\/usu323\/2024\/04\/iv-torneig-descacs_page-0001-768x1086.jpg 768w, https:\/\/agora.xtec.cat\/ies-seros\/wp-content\/uploads\/usu323\/2024\/04\/iv-torneig-descacs_page-0001-1086x1536.jpg 1086w, https:\/\/agora.xtec.cat\/ies-seros\/wp-content\/uploads\/usu323\/2024\/04\/iv-torneig-descacs_page-0001-1448x2048.jpg 1448w, https:\/\/agora.xtec.cat\/ies-seros\/wp-content\/uploads\/usu323\/2024\/04\/iv-torneig-descacs_page-0001-scaled.jpg 1810w\" sizes=\"auto, (max-width: 815px) 100vw, 815px\" \/><\/a><\/p>\n<p>Aquest 24 d&#8217;abril en horari lectiu l&#8217;equip <strong>Avinganya. Club d&#8217;Escacs Ins Ser\u00f2s, fundat l&#8217;octubre del 2021,<\/strong>\u00a0anirem a competir per segona vegada en aquest torneig presencial a Torrefarrera, organitzat per l&#8217;Institut Joan Sol\u00e0. Juntament amb d&#8217;altres set instituts. All\u00ed gaudirem dels escacs i hi haur\u00e0 <strong>un total de 150 alumnes d&#8217;ESO competint<\/strong>. <strong>Les partides seran de 16&#8242;<\/strong>. L&#8217;activitat es porta a terme en horari lectiu. Aquell dia <strong>no us oblideu de portar-vos quelcom per a menjar i per a beure<\/strong>, per a complementar el que us donaran. Podeu venir a practicar a la biblioteca els que vulgueu i a competir al 4t Biblioescacs els que hi estiu inscrits.<\/p>\n<p>Alguns dels nostres alumnes tamb\u00e9 competeixen al Torneig Intercormarcal d&#8217;escacs en l\u00ednia.<\/p>\n<p>Recordeu que <strong>el fonamental \u00e9s ser persona, participar i aprendre tant a guanyar com a perdre. L&#8217;important \u00e9s ser-hi!!<\/strong><\/p>\n<p><strong>Agrair a tothom del centre que ho ha fet possible altra vegada.<\/strong><\/p>\n<p style=\"text-align: center;\"><a href=\"https:\/\/agora.xtec.cat\/ies-seros\/wp-content\/uploads\/usu323\/2023\/04\/Avinganya.-Club-d_escacs-Ins-Seros.jpg\"><img loading=\"lazy\" decoding=\"async\" class=\"alignnone wp-image-7426\" src=\"https:\/\/agora.xtec.cat\/ies-seros\/wp-content\/uploads\/usu323\/2023\/04\/Avinganya.-Club-d_escacs-Ins-Seros-724x1024.jpg\" alt=\"\" width=\"575\" height=\"813\" srcset=\"https:\/\/agora.xtec.cat\/ies-seros\/wp-content\/uploads\/usu323\/2023\/04\/Avinganya.-Club-d_escacs-Ins-Seros-724x1024.jpg 724w, https:\/\/agora.xtec.cat\/ies-seros\/wp-content\/uploads\/usu323\/2023\/04\/Avinganya.-Club-d_escacs-Ins-Seros-212x300.jpg 212w, https:\/\/agora.xtec.cat\/ies-seros\/wp-content\/uploads\/usu323\/2023\/04\/Avinganya.-Club-d_escacs-Ins-Seros-768x1086.jpg 768w, https:\/\/agora.xtec.cat\/ies-seros\/wp-content\/uploads\/usu323\/2023\/04\/Avinganya.-Club-d_escacs-Ins-Seros-1086x1536.jpg 1086w, https:\/\/agora.xtec.cat\/ies-seros\/wp-content\/uploads\/usu323\/2023\/04\/Avinganya.-Club-d_escacs-Ins-Seros-1448x2048.jpg 1448w, https:\/\/agora.xtec.cat\/ies-seros\/wp-content\/uploads\/usu323\/2023\/04\/Avinganya.-Club-d_escacs-Ins-Seros.jpg 1654w\" sizes=\"auto, (max-width: 575px) 100vw, 575px\" \/><\/a><\/p>\n<p><strong>El nostre equip estar\u00e0 format pels seg\u00fcents alumnes, en total 20.<\/strong> Deu m\u00e9s que en l&#8217;edici\u00f3 anterior. Que la for\u00e7a us acompanyi!!<\/p>\n<p>Hugo Cintas Esteve, 1r ESO<\/p>\n<p>Andrea Pily Lausin Cabestany, 1r ESO<\/p>\n<p>F\u00e8lix Torn\u00e9 Re\u00f1\u00e9, 1r ESO<\/p>\n<p>Oriol Royo Clua, 1r ESO<\/p>\n<p>Deniss Illa Puigvert, 1r ESO<\/p>\n<p>&nbsp;<\/p>\n<p>Mohamed Hajjar, 2n ESO<\/p>\n<p>Joel P\u00e9rez Farran, 2n ESO<\/p>\n<p>Jordi Baranda Prim, 2n ESO<\/p>\n<p>Francisco Mercad\u00e9 Royo, 2n ESO<\/p>\n<p>&nbsp;<\/p>\n<p>Dylan Arest\u00e9 Albareda, 3r ESO<\/p>\n<p>Adri\u00e0 Torn\u00e9 Esteve, 3r ESO<\/p>\n<p>Adam Perera P\u00e9rez, 3r ESO<\/p>\n<p>Leo Cintas Esteve, 3r ESO<\/p>\n<p>Yassine Boudiaf Sereir, 3r ESO<\/p>\n<p>Paula Ribes Vargas, 3r ESO<\/p>\n<p>Rayan Boussouf Arzi, 3r ESO<\/p>\n<p>David Fern\u00e1ndez Bagu\u00e9, 3r ESO<\/p>\n<p>&nbsp;<\/p>\n<p>Sabrine Rhiate Rhiate, 4t ESO<\/p>\n<p>Richard V\u00e9liz Vera, 4t ESO<\/p>\n<p>Samia Aoulad Belayachi, 4 ESO<\/p>\n<p>&nbsp;<\/p>\n<p><strong>Reserves:<\/strong><\/p>\n<p>Juli\u00e0 Ribes Sanjuan, 3r ESO<\/p>\n<p>Pol L\u00f3pez Calzada, 1r ESO<\/p>\n<p>Miquel Badia Escoda, 3r ESO<\/p>\n<p>Guillem Novell Farr\u00e9, 2n ESO<\/p>\n<p>Moaad Ghzili Essadki, 2n ESO<\/p>\n<p>Mohamed Kerchaoui, 2n ESO<\/p>\n<p>&nbsp;<\/p>\n<p><span style=\"color: #ff00ff;\"><strong>&#8220;S&#8217;apr\u00e8n m\u00e9s d&#8217;una derrota que de cent vict\u00f2ries&#8221;<\/strong><\/span>, Jos\u00e9 Ra\u00fal Capablanca Gaupera (1888-1942), jugador d&#8217;escacs.<\/p>\n<p>&nbsp;<\/p>\n<p><strong>ORGANITZACI\u00d3\u00a0 DEL TORNEIG<\/strong><\/p>\n<p><strong>Quadre horari:<\/strong><\/p>\n<p>08:45h: Arribada dels autocars.<br \/>\n09:15h: Parlaments.<br \/>\n09:30-11:00h: Inici del torneig i realitzaci\u00f3 de les primeres quatre rondes de 8 minuts finish.<br \/>\n11:00-11:30h: Esmorzar de coca i xocolata.<br \/>\n11:30-13:00h: Realitzaci\u00f3 de les \u00faltimes quatre rondes.<br \/>\n13:30h: Entrega de premis i \u00faltims parlaments.<br \/>\n14:00h: Tornada dels autocars.<\/p>\n<p><strong>Premis:<\/strong><br \/>\n1 medalla per participant.<br \/>\nCopa per als 3 primers de la categoria 1r i 2n ESO.<br \/>\nCopa per als 3 primers de la categoria 3r i 4t ESO.<br \/>\nCopa per al guanyador absolut.<br \/>\nCopa per a la guanyadora absoluta.<br \/>\nCopa per al millor institut.<\/p>\n<p><strong>Altres aspectes:<\/strong><br \/>\n\uf0b7 Les activitats del quadre horari s\u00f3n les previstes per\u00f2 l\u2019organitzaci\u00f3 es reserva<br \/>\nel dret a modificar-ho per ajustar-se a les hores d\u2019arribada i sortida.<\/p>\n<p><strong>NORMES TORNEIG<\/strong><br \/>\n\uf0b7 Es disputaran vuit rondes de vuit minuts finish utiltzant el sistema su\u00eds.<\/p>\n<p>\uf0b7 A l\u2019inici de cada partida els jugadors han de saludar-se i assegurar-se que estan<br \/>\na la taula correcta, al costat adequat i amb l\u2019oponent assignat.<\/p>\n<p>\uf0b7 Al final de cada partida els jugadors hauran d\u2019aixecar la m\u00e0 per tal que els jutges<br \/>\ns\u2019hi apropin per anotar el resultat i a continuaci\u00f3 hauran de posar les peces al<br \/>\nseu lloc.<\/p>\n<p>\uf0b7 Els emparellaments es publicaran despr\u00e9s de cada ronda. Seran penjats en tres<br \/>\nllocs diferents per tal que els alumnes els puguin consultar. Els jugadors que<br \/>\nconsten al costat esquerra juguen amb blanques i els de la dreta amb negres.<br \/>\nCada taula est\u00e0 enumerada. A m\u00e9s a m\u00e9s, tant els emparellaments com la<br \/>\nclassificaci\u00f3 en temps real podran ser consultats a chess-results a trav\u00e9s del codi<br \/>\nQR que facilitar\u00e0 l\u2019organitzaci\u00f3.<\/p>\n<p>\uf0b7 El primer emparellament ser\u00e0 notificat amb alguns dies d\u2019antelaci\u00f3 per tal que<br \/>\ncada institut ja ho pugui comunicar al seu alumnat.<\/p>\n<p>\uf0b7 Qualsevol conflicte s\u2019ha de resoldre de forma amistosa entre l\u2019alumnat. Tothom<br \/>\nes pot equivocar. Si fos necessari, el professorat acompanyant ajudar\u00e0 en la<br \/>\nresoluci\u00f3 del conflicte<\/p>\n<p>&nbsp;<\/p>\n<p style=\"text-align: center;\">[Cr\u00e8dit de la imatge: Organitzaci\u00f3 del torneig]<\/p>\n","protected":false},"excerpt":{"rendered":"<p>&nbsp;<br \/>\n<a href=\"https:\/\/agora.xtec.cat\/ies-seros\/wp-content\/uploads\/usu323\/2024\/04\/iv-torneig-descacs_page-0001-scaled.jpg\"><\/a><br \/>\nAquest 24 d&#8217;abril en horari lectiu l&#8217;equip Avinganya. Club d&#8217;Escacs Ins Ser\u00f2s, fundat l&#8217;octubre del 2021,\u00a0anirem a competir per segona vegada en aquest torneig presencial a Torrefarrera, organitzat per l&#8217;Institut Joan Sol\u00e0. Juntament amb d&#8217;altres set instituts. All\u00ed gaudirem dels escacs i hi haur\u00e0&hellip;  <a href=\"https:\/\/agora.xtec.cat\/ies-seros\/general\/iv-torneig-descacs-interinstituts-terres-de-lleida-2024\/\" title=\"Read IV Torneig d&#8217;Escacs Interinstituts Terres de Lleida 2024\">Llegeix m\u00e9s\u00bb<\/a><\/p>\n","protected":false},"author":37,"featured_media":9399,"comment_status":"open","ping_status":"closed","sticky":true,"template":"","format":"standard","meta":{"_bbp_topic_count":0,"_bbp_reply_count":0,"_bbp_total_topic_count":0,"_bbp_total_reply_count":0,"_bbp_voice_count":0,"_bbp_anonymous_reply_count":0,"_bbp_topic_count_hidden":0,"_bbp_reply_count_hidden":0,"_bbp_forum_subforum_count":0,"footnotes":""},"categories":[201,1,29],"tags":[],"class_list":["post-9398","post","type-post","status-publish","format-standard","has-post-thumbnail","hentry","category-biblioseros","category-general","category-portada"],"post_mailing_queue_ids":[],"_links":{"self":[{"href":"https:\/\/agora.xtec.cat\/ies-seros\/wp-json\/wp\/v2\/posts\/9398","targetHints":{"allow":["GET"]}}],"collection":[{"href":"https:\/\/agora.xtec.cat\/ies-seros\/wp-json\/wp\/v2\/posts"}],"about":[{"href":"https:\/\/agora.xtec.cat\/ies-seros\/wp-json\/wp\/v2\/types\/post"}],"author":[{"embeddable":true,"href":"https:\/\/agora.xtec.cat\/ies-seros\/wp-json\/wp\/v2\/users\/37"}],"replies":[{"embeddable":true,"href":"https:\/\/agora.xtec.cat\/ies-seros\/wp-json\/wp\/v2\/comments?post=9398"}],"version-history":[{"count":6,"href":"https:\/\/agora.xtec.cat\/ies-seros\/wp-json\/wp\/v2\/posts\/9398\/revisions"}],"predecessor-version":[{"id":9513,"href":"https:\/\/agora.xtec.cat\/ies-seros\/wp-json\/wp\/v2\/posts\/9398\/revisions\/9513"}],"wp:featuredmedia":[{"embeddable":true,"href":"https:\/\/agora.xtec.cat\/ies-seros\/wp-json\/wp\/v2\/media\/9399"}],"wp:attachment":[{"href":"https:\/\/agora.xtec.cat\/ies-seros\/wp-json\/wp\/v2\/media?parent=9398"}],"wp:term":[{"taxonomy":"category","embeddable":true,"href":"https:\/\/agora.xtec.cat\/ies-seros\/wp-json\/wp\/v2\/categories?post=9398"},{"taxonomy":"post_tag","embeddable":true,"href":"https:\/\/agora.xtec.cat\/ies-seros\/wp-json\/wp\/v2\/tags?post=9398"}],"curies":[{"name":"wp","href":"https:\/\/api.w.org\/{rel}","templated":true}]}}