{"id":9327,"date":"2024-03-23T09:42:22","date_gmt":"2024-03-23T08:42:22","guid":{"rendered":"https:\/\/agora.xtec.cat\/ies-seros\/?p=9327"},"modified":"2024-03-23T09:43:47","modified_gmt":"2024-03-23T08:43:47","slug":"ja-podeu-llegir-la-revista-montmaneu-n-8","status":"publish","type":"post","link":"https:\/\/agora.xtec.cat\/ies-seros\/general\/ja-podeu-llegir-la-revista-montmaneu-n-8\/","title":{"rendered":"Ja est\u00e0 aqu\u00ed la Montmaneu n. 8!"},"content":{"rendered":"<p>Ahir es va compartir la Montmaneu n. 8. Revista de l&#8217;Ins Ser\u00f2s. A l&#8217;interior de les seves p\u00e0gines hi trobareu continguts ben interessants instigats per l&#8217;equip de la revista, us els perdreu??<\/p>\n<p>Recordeu que tots els n\u00fameros els podeu trobar emmagatzemats i per a descarregar dins del servei d&#8217;hemeroteca digital, en el Nodes de la Biblioteca de l&#8217;Ins Ser\u00f2s i all\u00ed quedaran per a sempre, per al record, per a treballar-ne escrits, realitzar consultes o per qu\u00e8 no, llegir-ne fragments en algunes classes:<\/p>\n<p><a href=\"https:\/\/agora.xtec.cat\/ies-seros\/general\/revistes-antigues\/\">https:\/\/agora.xtec.cat\/ies-seros\/general\/revistes-antigues\/<\/a><\/p>\n<p>Esperem que gaudiu d&#8217;una bona lectura i com no, us animem a participar-hi!!<\/p>\n<p><a href=\"https:\/\/agora.xtec.cat\/ies-seros\/wp-content\/uploads\/usu323\/2024\/03\/REVISTA-MONTMANEU-N.-8.jpg\"><img loading=\"lazy\" decoding=\"async\" class=\"size-large wp-image-9328 aligncenter\" src=\"https:\/\/agora.xtec.cat\/ies-seros\/wp-content\/uploads\/usu323\/2024\/03\/REVISTA-MONTMANEU-N.-8-724x1024.jpg\" alt=\"\" width=\"724\" height=\"1024\" srcset=\"https:\/\/agora.xtec.cat\/ies-seros\/wp-content\/uploads\/usu323\/2024\/03\/REVISTA-MONTMANEU-N.-8-724x1024.jpg 724w, https:\/\/agora.xtec.cat\/ies-seros\/wp-content\/uploads\/usu323\/2024\/03\/REVISTA-MONTMANEU-N.-8-212x300.jpg 212w, https:\/\/agora.xtec.cat\/ies-seros\/wp-content\/uploads\/usu323\/2024\/03\/REVISTA-MONTMANEU-N.-8-768x1086.jpg 768w, https:\/\/agora.xtec.cat\/ies-seros\/wp-content\/uploads\/usu323\/2024\/03\/REVISTA-MONTMANEU-N.-8-1086x1536.jpg 1086w, https:\/\/agora.xtec.cat\/ies-seros\/wp-content\/uploads\/usu323\/2024\/03\/REVISTA-MONTMANEU-N.-8.jpg 1414w\" sizes=\"auto, (max-width: 724px) 100vw, 724px\" \/><\/a><\/p>\n<p>&nbsp;<\/p>\n<p style=\"text-align: center;\">[Cr\u00e8dit de la imatge: JMCO]<\/p>\n<p>&nbsp;<\/p>\n<p>&nbsp;<\/p>\n","protected":false},"excerpt":{"rendered":"<p>Ahir es va compartir la Montmaneu n. 8. Revista de l&#8217;Ins Ser\u00f2s. A l&#8217;interior de les seves p\u00e0gines hi trobareu continguts ben interessants instigats per l&#8217;equip de la revista, us els perdreu??<br \/>\nRecordeu que tots els n\u00fameros els podeu trobar emmagatzemats i per a descarregar dins&hellip;  <a href=\"https:\/\/agora.xtec.cat\/ies-seros\/general\/ja-podeu-llegir-la-revista-montmaneu-n-8\/\" title=\"Read Ja est\u00e0 aqu\u00ed la Montmaneu n. 8!\">Llegeix m\u00e9s\u00bb<\/a><\/p>\n","protected":false},"author":37,"featured_media":9328,"comment_status":"open","ping_status":"closed","sticky":true,"template":"","format":"standard","meta":{"_bbp_topic_count":0,"_bbp_reply_count":0,"_bbp_total_topic_count":0,"_bbp_total_reply_count":0,"_bbp_voice_count":0,"_bbp_anonymous_reply_count":0,"_bbp_topic_count_hidden":0,"_bbp_reply_count_hidden":0,"_bbp_forum_subforum_count":0,"footnotes":""},"categories":[201,1,29],"tags":[],"class_list":["post-9327","post","type-post","status-publish","format-standard","has-post-thumbnail","hentry","category-biblioseros","category-general","category-portada"],"post_mailing_queue_ids":[],"_links":{"self":[{"href":"https:\/\/agora.xtec.cat\/ies-seros\/wp-json\/wp\/v2\/posts\/9327","targetHints":{"allow":["GET"]}}],"collection":[{"href":"https:\/\/agora.xtec.cat\/ies-seros\/wp-json\/wp\/v2\/posts"}],"about":[{"href":"https:\/\/agora.xtec.cat\/ies-seros\/wp-json\/wp\/v2\/types\/post"}],"author":[{"embeddable":true,"href":"https:\/\/agora.xtec.cat\/ies-seros\/wp-json\/wp\/v2\/users\/37"}],"replies":[{"embeddable":true,"href":"https:\/\/agora.xtec.cat\/ies-seros\/wp-json\/wp\/v2\/comments?post=9327"}],"version-history":[{"count":3,"href":"https:\/\/agora.xtec.cat\/ies-seros\/wp-json\/wp\/v2\/posts\/9327\/revisions"}],"predecessor-version":[{"id":9331,"href":"https:\/\/agora.xtec.cat\/ies-seros\/wp-json\/wp\/v2\/posts\/9327\/revisions\/9331"}],"wp:featuredmedia":[{"embeddable":true,"href":"https:\/\/agora.xtec.cat\/ies-seros\/wp-json\/wp\/v2\/media\/9328"}],"wp:attachment":[{"href":"https:\/\/agora.xtec.cat\/ies-seros\/wp-json\/wp\/v2\/media?parent=9327"}],"wp:term":[{"taxonomy":"category","embeddable":true,"href":"https:\/\/agora.xtec.cat\/ies-seros\/wp-json\/wp\/v2\/categories?post=9327"},{"taxonomy":"post_tag","embeddable":true,"href":"https:\/\/agora.xtec.cat\/ies-seros\/wp-json\/wp\/v2\/tags?post=9327"}],"curies":[{"name":"wp","href":"https:\/\/api.w.org\/{rel}","templated":true}]}}