{"id":9301,"date":"2024-03-15T13:59:32","date_gmt":"2024-03-15T12:59:32","guid":{"rendered":"https:\/\/agora.xtec.cat\/ies-seros\/?p=9301"},"modified":"2024-03-15T14:01:11","modified_gmt":"2024-03-15T13:01:11","slug":"taller-mercat-de-treball-4t-eso","status":"publish","type":"post","link":"https:\/\/agora.xtec.cat\/ies-seros\/eso-4\/taller-mercat-de-treball-4t-eso\/","title":{"rendered":"TALLER MERCAT DE TREBALL 4t ESO"},"content":{"rendered":"<p>Avui tenim una visita molt especial. Ens acompanyen antics alumnes per explicar la seva experi\u00e8ncia acad\u00e8mica despr\u00e9s de l&#8217;institut a tot l&#8217;alumnat de 4t ESO. Estem molt contents i agra\u00efts per aquesta trobada. La xarxa Ins Ser\u00f2s creix i es fa gran! Seguim endavant&#8230;<\/p>\n<p><img loading=\"lazy\" decoding=\"async\" class=\"aligncenter size-large wp-image-9302\" src=\"https:\/\/agora.xtec.cat\/ies-seros\/wp-content\/uploads\/usu323\/2024\/03\/IMG_20240315_135435_292-1024x768.webp\" alt=\"\" width=\"1024\" height=\"768\" srcset=\"https:\/\/agora.xtec.cat\/ies-seros\/wp-content\/uploads\/usu323\/2024\/03\/IMG_20240315_135435_292-1024x768.webp 1024w, https:\/\/agora.xtec.cat\/ies-seros\/wp-content\/uploads\/usu323\/2024\/03\/IMG_20240315_135435_292-300x225.webp 300w, https:\/\/agora.xtec.cat\/ies-seros\/wp-content\/uploads\/usu323\/2024\/03\/IMG_20240315_135435_292-768x576.webp 768w, https:\/\/agora.xtec.cat\/ies-seros\/wp-content\/uploads\/usu323\/2024\/03\/IMG_20240315_135435_292-200x150.webp 200w, https:\/\/agora.xtec.cat\/ies-seros\/wp-content\/uploads\/usu323\/2024\/03\/IMG_20240315_135435_292.webp 1440w\" sizes=\"auto, (max-width: 1024px) 100vw, 1024px\" \/> <img loading=\"lazy\" decoding=\"async\" class=\"aligncenter size-large wp-image-9303\" src=\"https:\/\/agora.xtec.cat\/ies-seros\/wp-content\/uploads\/usu323\/2024\/03\/IMG_20240315_135435_354-1024x768.webp\" alt=\"\" width=\"1024\" height=\"768\" srcset=\"https:\/\/agora.xtec.cat\/ies-seros\/wp-content\/uploads\/usu323\/2024\/03\/IMG_20240315_135435_354-1024x768.webp 1024w, https:\/\/agora.xtec.cat\/ies-seros\/wp-content\/uploads\/usu323\/2024\/03\/IMG_20240315_135435_354-300x225.webp 300w, https:\/\/agora.xtec.cat\/ies-seros\/wp-content\/uploads\/usu323\/2024\/03\/IMG_20240315_135435_354-768x576.webp 768w, https:\/\/agora.xtec.cat\/ies-seros\/wp-content\/uploads\/usu323\/2024\/03\/IMG_20240315_135435_354-200x150.webp 200w, https:\/\/agora.xtec.cat\/ies-seros\/wp-content\/uploads\/usu323\/2024\/03\/IMG_20240315_135435_354.webp 1440w\" sizes=\"auto, (max-width: 1024px) 100vw, 1024px\" \/><\/p>\n<p>&nbsp;<\/p>\n","protected":false},"excerpt":{"rendered":"<p>Avui tenim una visita molt especial. Ens acompanyen antics alumnes per explicar la seva experi\u00e8ncia acad\u00e8mica despr\u00e9s de l&#8217;institut a tot l&#8217;alumnat de 4t ESO. Estem molt contents i agra\u00efts per aquesta trobada. La xarxa Ins Ser\u00f2s creix i es fa gran! Seguim endavant&#8230;<\/p>\n<p>&nbsp;<\/p>\n","protected":false},"author":1,"featured_media":9302,"comment_status":"open","ping_status":"closed","sticky":true,"template":"","format":"standard","meta":{"_bbp_topic_count":0,"_bbp_reply_count":0,"_bbp_total_topic_count":0,"_bbp_total_reply_count":0,"_bbp_voice_count":0,"_bbp_anonymous_reply_count":0,"_bbp_topic_count_hidden":0,"_bbp_reply_count_hidden":0,"_bbp_forum_subforum_count":0,"footnotes":""},"categories":[385,7,29],"tags":[],"class_list":["post-9301","post","type-post","status-publish","format-standard","has-post-thumbnail","hentry","category-departament-dorientacio","category-eso-4","category-portada"],"post_mailing_queue_ids":[],"_links":{"self":[{"href":"https:\/\/agora.xtec.cat\/ies-seros\/wp-json\/wp\/v2\/posts\/9301","targetHints":{"allow":["GET"]}}],"collection":[{"href":"https:\/\/agora.xtec.cat\/ies-seros\/wp-json\/wp\/v2\/posts"}],"about":[{"href":"https:\/\/agora.xtec.cat\/ies-seros\/wp-json\/wp\/v2\/types\/post"}],"author":[{"embeddable":true,"href":"https:\/\/agora.xtec.cat\/ies-seros\/wp-json\/wp\/v2\/users\/1"}],"replies":[{"embeddable":true,"href":"https:\/\/agora.xtec.cat\/ies-seros\/wp-json\/wp\/v2\/comments?post=9301"}],"version-history":[{"count":1,"href":"https:\/\/agora.xtec.cat\/ies-seros\/wp-json\/wp\/v2\/posts\/9301\/revisions"}],"predecessor-version":[{"id":9304,"href":"https:\/\/agora.xtec.cat\/ies-seros\/wp-json\/wp\/v2\/posts\/9301\/revisions\/9304"}],"wp:featuredmedia":[{"embeddable":true,"href":"https:\/\/agora.xtec.cat\/ies-seros\/wp-json\/wp\/v2\/media\/9302"}],"wp:attachment":[{"href":"https:\/\/agora.xtec.cat\/ies-seros\/wp-json\/wp\/v2\/media?parent=9301"}],"wp:term":[{"taxonomy":"category","embeddable":true,"href":"https:\/\/agora.xtec.cat\/ies-seros\/wp-json\/wp\/v2\/categories?post=9301"},{"taxonomy":"post_tag","embeddable":true,"href":"https:\/\/agora.xtec.cat\/ies-seros\/wp-json\/wp\/v2\/tags?post=9301"}],"curies":[{"name":"wp","href":"https:\/\/api.w.org\/{rel}","templated":true}]}}