{"id":9277,"date":"2024-03-13T16:31:39","date_gmt":"2024-03-13T15:31:39","guid":{"rendered":"https:\/\/agora.xtec.cat\/ies-seros\/?p=9277"},"modified":"2024-03-13T16:35:19","modified_gmt":"2024-03-13T15:35:19","slug":"jornada-portes-obertes-12-03-24","status":"publish","type":"post","link":"https:\/\/agora.xtec.cat\/ies-seros\/general\/jornada-portes-obertes-12-03-24\/","title":{"rendered":"Jornada Portes Obertes (12.03.24)"},"content":{"rendered":"<p style=\"text-align: justify;\">Ahir va ser un dia molt especial a l&#8217;Institut de Ser\u00f2s. Ens van visitar els alumnes de La granja d&#8217;Escarp, Massalcoreig, Aitona, Maials i Ser\u00f2s que al juny s&#8217;acomiadaran dels seus col\u00b7legis i de l&#8217;etapa d&#8217;Educaci\u00f3 Prim\u00e0ria i al setembre rebrem com alumnes a l&#8217;institut.<\/p>\n<p style=\"text-align: justify;\">Durant aquesta primera presa de contacte amb l&#8217;Institut, van poder les instal\u00b7lacions del centre, entrar a les classes i parlar amb els futurs companys i professors. Gr\u00e0cies als alumnes guies de cada grup, van con\u00e8ixer els aspectes m\u00e9s importants del dia a dia al centre, els programes educatius on participem, els diferents professionals que treballem al centre, les exposicions que els alumnes han preparat durant el curs, etc. A m\u00e9s, van fer un tastet de diferents activitats que realitzem a l&#8217;institut gr\u00e0cies als tallers organitzats per alumnes d&#8217;ESO i Batxillerat com el taller de Visual i Pl\u00e0stica, rob\u00f2tica, experiments cient\u00edfics, concerts, taller Escoles Verdes, presentaci\u00f3 del nostre hort, activitats l\u00fadiques en angl\u00e8s, etc.<\/p>\n<p style=\"text-align: justify;\">Al final del mat\u00ed, va ser el torn de rebre a les fam\u00edlies, les quals tamb\u00e9 van poder con\u00e8ixer els diferents espais del centre, les activitats i programes que portem a terme, etc.<\/p>\n<p style=\"text-align: justify;\">Aprofitem per donar les gr\u00e0cies a tots i totes els que vau venir ahir a l&#8217;institut. Tamb\u00e9 a tots aquells alumnes i professors\/es que han aportat el seu granet de sorra per a que el dia d&#8217;ahir fos possible. Seguim!<\/p>\n<p style=\"text-align: justify;\"><img loading=\"lazy\" decoding=\"async\" class=\"size-large wp-image-9278\" src=\"https:\/\/agora.xtec.cat\/ies-seros\/wp-content\/uploads\/usu323\/2024\/03\/foto-1-819x1024.jpg\" alt=\"\" width=\"819\" height=\"1024\" srcset=\"https:\/\/agora.xtec.cat\/ies-seros\/wp-content\/uploads\/usu323\/2024\/03\/foto-1-819x1024.jpg 819w, https:\/\/agora.xtec.cat\/ies-seros\/wp-content\/uploads\/usu323\/2024\/03\/foto-1-240x300.jpg 240w, https:\/\/agora.xtec.cat\/ies-seros\/wp-content\/uploads\/usu323\/2024\/03\/foto-1-768x960.jpg 768w, https:\/\/agora.xtec.cat\/ies-seros\/wp-content\/uploads\/usu323\/2024\/03\/foto-1-1229x1536.jpg 1229w, https:\/\/agora.xtec.cat\/ies-seros\/wp-content\/uploads\/usu323\/2024\/03\/foto-1.jpg 1536w\" sizes=\"auto, (max-width: 819px) 100vw, 819px\" \/> <img loading=\"lazy\" decoding=\"async\" class=\"aligncenter size-large wp-image-9279\" src=\"https:\/\/agora.xtec.cat\/ies-seros\/wp-content\/uploads\/usu323\/2024\/03\/foto-2-819x1024.jpg\" alt=\"\" width=\"819\" height=\"1024\" srcset=\"https:\/\/agora.xtec.cat\/ies-seros\/wp-content\/uploads\/usu323\/2024\/03\/foto-2-819x1024.jpg 819w, https:\/\/agora.xtec.cat\/ies-seros\/wp-content\/uploads\/usu323\/2024\/03\/foto-2-240x300.jpg 240w, https:\/\/agora.xtec.cat\/ies-seros\/wp-content\/uploads\/usu323\/2024\/03\/foto-2-768x960.jpg 768w, https:\/\/agora.xtec.cat\/ies-seros\/wp-content\/uploads\/usu323\/2024\/03\/foto-2-1229x1536.jpg 1229w, https:\/\/agora.xtec.cat\/ies-seros\/wp-content\/uploads\/usu323\/2024\/03\/foto-2.jpg 1536w\" sizes=\"auto, (max-width: 819px) 100vw, 819px\" \/> <img loading=\"lazy\" decoding=\"async\" class=\"aligncenter size-large wp-image-9280\" src=\"https:\/\/agora.xtec.cat\/ies-seros\/wp-content\/uploads\/usu323\/2024\/03\/foto3-819x1024.jpg\" alt=\"\" width=\"819\" height=\"1024\" srcset=\"https:\/\/agora.xtec.cat\/ies-seros\/wp-content\/uploads\/usu323\/2024\/03\/foto3-819x1024.jpg 819w, https:\/\/agora.xtec.cat\/ies-seros\/wp-content\/uploads\/usu323\/2024\/03\/foto3-240x300.jpg 240w, https:\/\/agora.xtec.cat\/ies-seros\/wp-content\/uploads\/usu323\/2024\/03\/foto3-768x960.jpg 768w, https:\/\/agora.xtec.cat\/ies-seros\/wp-content\/uploads\/usu323\/2024\/03\/foto3-1229x1536.jpg 1229w, https:\/\/agora.xtec.cat\/ies-seros\/wp-content\/uploads\/usu323\/2024\/03\/foto3.jpg 1536w\" sizes=\"auto, (max-width: 819px) 100vw, 819px\" \/> <img loading=\"lazy\" decoding=\"async\" class=\"aligncenter size-large wp-image-9281\" src=\"https:\/\/agora.xtec.cat\/ies-seros\/wp-content\/uploads\/usu323\/2024\/03\/foto4-819x1024.jpg\" alt=\"\" width=\"819\" height=\"1024\" srcset=\"https:\/\/agora.xtec.cat\/ies-seros\/wp-content\/uploads\/usu323\/2024\/03\/foto4-819x1024.jpg 819w, https:\/\/agora.xtec.cat\/ies-seros\/wp-content\/uploads\/usu323\/2024\/03\/foto4-240x300.jpg 240w, https:\/\/agora.xtec.cat\/ies-seros\/wp-content\/uploads\/usu323\/2024\/03\/foto4-768x960.jpg 768w, https:\/\/agora.xtec.cat\/ies-seros\/wp-content\/uploads\/usu323\/2024\/03\/foto4-1229x1536.jpg 1229w, https:\/\/agora.xtec.cat\/ies-seros\/wp-content\/uploads\/usu323\/2024\/03\/foto4.jpg 1536w\" sizes=\"auto, (max-width: 819px) 100vw, 819px\" \/> <img loading=\"lazy\" decoding=\"async\" class=\"aligncenter size-large wp-image-9282\" src=\"https:\/\/agora.xtec.cat\/ies-seros\/wp-content\/uploads\/usu323\/2024\/03\/foto5-819x1024.jpg\" alt=\"\" width=\"819\" height=\"1024\" srcset=\"https:\/\/agora.xtec.cat\/ies-seros\/wp-content\/uploads\/usu323\/2024\/03\/foto5-819x1024.jpg 819w, https:\/\/agora.xtec.cat\/ies-seros\/wp-content\/uploads\/usu323\/2024\/03\/foto5-240x300.jpg 240w, https:\/\/agora.xtec.cat\/ies-seros\/wp-content\/uploads\/usu323\/2024\/03\/foto5-768x960.jpg 768w, https:\/\/agora.xtec.cat\/ies-seros\/wp-content\/uploads\/usu323\/2024\/03\/foto5-1229x1536.jpg 1229w, https:\/\/agora.xtec.cat\/ies-seros\/wp-content\/uploads\/usu323\/2024\/03\/foto5.jpg 1536w\" sizes=\"auto, (max-width: 819px) 100vw, 819px\" \/> <img loading=\"lazy\" decoding=\"async\" class=\"aligncenter size-large wp-image-9283\" src=\"https:\/\/agora.xtec.cat\/ies-seros\/wp-content\/uploads\/usu323\/2024\/03\/foto6-819x1024.jpg\" alt=\"\" width=\"819\" height=\"1024\" srcset=\"https:\/\/agora.xtec.cat\/ies-seros\/wp-content\/uploads\/usu323\/2024\/03\/foto6-819x1024.jpg 819w, https:\/\/agora.xtec.cat\/ies-seros\/wp-content\/uploads\/usu323\/2024\/03\/foto6-240x300.jpg 240w, https:\/\/agora.xtec.cat\/ies-seros\/wp-content\/uploads\/usu323\/2024\/03\/foto6-768x960.jpg 768w, https:\/\/agora.xtec.cat\/ies-seros\/wp-content\/uploads\/usu323\/2024\/03\/foto6-1229x1536.jpg 1229w, https:\/\/agora.xtec.cat\/ies-seros\/wp-content\/uploads\/usu323\/2024\/03\/foto6.jpg 1536w\" sizes=\"auto, (max-width: 819px) 100vw, 819px\" \/><\/p>\n","protected":false},"excerpt":{"rendered":"<p>Ahir va ser un dia molt especial a l&#8217;Institut de Ser\u00f2s. Ens van visitar els alumnes de La granja d&#8217;Escarp, Massalcoreig, Aitona, Maials i Ser\u00f2s que al juny s&#8217;acomiadaran dels seus col\u00b7legis i de l&#8217;etapa d&#8217;Educaci\u00f3 Prim\u00e0ria i al setembre rebrem com alumnes a l&#8217;institut.<br \/>\nDurant&hellip;  <a href=\"https:\/\/agora.xtec.cat\/ies-seros\/general\/jornada-portes-obertes-12-03-24\/\" title=\"Read Jornada Portes Obertes (12.03.24)\">Llegeix m\u00e9s\u00bb<\/a><\/p>\n","protected":false},"author":1,"featured_media":9282,"comment_status":"open","ping_status":"closed","sticky":true,"template":"","format":"standard","meta":{"_bbp_topic_count":0,"_bbp_reply_count":0,"_bbp_total_topic_count":0,"_bbp_total_reply_count":0,"_bbp_voice_count":0,"_bbp_anonymous_reply_count":0,"_bbp_topic_count_hidden":0,"_bbp_reply_count_hidden":0,"_bbp_forum_subforum_count":0,"footnotes":""},"categories":[208,3,1,29],"tags":[],"class_list":["post-9277","post","type-post","status-publish","format-standard","has-post-thumbnail","hentry","category-escoles","category-eso","category-general","category-portada"],"post_mailing_queue_ids":[],"_links":{"self":[{"href":"https:\/\/agora.xtec.cat\/ies-seros\/wp-json\/wp\/v2\/posts\/9277","targetHints":{"allow":["GET"]}}],"collection":[{"href":"https:\/\/agora.xtec.cat\/ies-seros\/wp-json\/wp\/v2\/posts"}],"about":[{"href":"https:\/\/agora.xtec.cat\/ies-seros\/wp-json\/wp\/v2\/types\/post"}],"author":[{"embeddable":true,"href":"https:\/\/agora.xtec.cat\/ies-seros\/wp-json\/wp\/v2\/users\/1"}],"replies":[{"embeddable":true,"href":"https:\/\/agora.xtec.cat\/ies-seros\/wp-json\/wp\/v2\/comments?post=9277"}],"version-history":[{"count":2,"href":"https:\/\/agora.xtec.cat\/ies-seros\/wp-json\/wp\/v2\/posts\/9277\/revisions"}],"predecessor-version":[{"id":9285,"href":"https:\/\/agora.xtec.cat\/ies-seros\/wp-json\/wp\/v2\/posts\/9277\/revisions\/9285"}],"wp:featuredmedia":[{"embeddable":true,"href":"https:\/\/agora.xtec.cat\/ies-seros\/wp-json\/wp\/v2\/media\/9282"}],"wp:attachment":[{"href":"https:\/\/agora.xtec.cat\/ies-seros\/wp-json\/wp\/v2\/media?parent=9277"}],"wp:term":[{"taxonomy":"category","embeddable":true,"href":"https:\/\/agora.xtec.cat\/ies-seros\/wp-json\/wp\/v2\/categories?post=9277"},{"taxonomy":"post_tag","embeddable":true,"href":"https:\/\/agora.xtec.cat\/ies-seros\/wp-json\/wp\/v2\/tags?post=9277"}],"curies":[{"name":"wp","href":"https:\/\/api.w.org\/{rel}","templated":true}]}}