{"id":9228,"date":"2024-03-07T21:40:46","date_gmt":"2024-03-07T20:40:46","guid":{"rendered":"https:\/\/agora.xtec.cat\/ies-seros\/?p=9228"},"modified":"2024-03-08T14:44:39","modified_gmt":"2024-03-08T13:44:39","slug":"xerrades-mossos-desquadra-a-2n-eso-xarxes-socials","status":"publish","type":"post","link":"https:\/\/agora.xtec.cat\/ies-seros\/general\/xerrades-mossos-desquadra-a-2n-eso-xarxes-socials\/","title":{"rendered":"Xerrades Mossos d&#8217;esquadra a 2n ESO: Xarxes socials"},"content":{"rendered":"<p>Aquesta setmana els Mossos d&#8217;Esquadra han visitat als alumnes de 2n ESO i els hi han fet unes xerrades informatives molt importants i interessants sobre les Xarxes Socials per tal d&#8217;advertir-los dels perills que un mal \u00fas d&#8217;aquestes pot portar, delictes relacionats, conseq\u00fc\u00e8ncies&#8230; A trav\u00e9s de diferents experi\u00e8ncies i v\u00eddeos, ens han fet reflexionar molt sobre aquesta problem\u00e0tica.<\/p>\n<p><img loading=\"lazy\" decoding=\"async\" class=\"aligncenter size-large wp-image-9229\" src=\"https:\/\/agora.xtec.cat\/ies-seros\/wp-content\/uploads\/usu323\/2024\/03\/unnamed-819x1024.jpg\" alt=\"\" width=\"819\" height=\"1024\" srcset=\"https:\/\/agora.xtec.cat\/ies-seros\/wp-content\/uploads\/usu323\/2024\/03\/unnamed-819x1024.jpg 819w, https:\/\/agora.xtec.cat\/ies-seros\/wp-content\/uploads\/usu323\/2024\/03\/unnamed-240x300.jpg 240w, https:\/\/agora.xtec.cat\/ies-seros\/wp-content\/uploads\/usu323\/2024\/03\/unnamed-768x960.jpg 768w, https:\/\/agora.xtec.cat\/ies-seros\/wp-content\/uploads\/usu323\/2024\/03\/unnamed-1229x1536.jpg 1229w, https:\/\/agora.xtec.cat\/ies-seros\/wp-content\/uploads\/usu323\/2024\/03\/unnamed.jpg 1536w\" sizes=\"auto, (max-width: 819px) 100vw, 819px\" \/><\/p>\n","protected":false},"excerpt":{"rendered":"<p>Aquesta setmana els Mossos d&#8217;Esquadra han visitat als alumnes de 2n ESO i els hi han fet unes xerrades informatives molt importants i interessants sobre les Xarxes Socials per tal d&#8217;advertir-los dels perills que un mal \u00fas d&#8217;aquestes pot portar, delictes relacionats, conseq\u00fc\u00e8ncies&#8230; A trav\u00e9s&hellip;  <a href=\"https:\/\/agora.xtec.cat\/ies-seros\/general\/xerrades-mossos-desquadra-a-2n-eso-xarxes-socials\/\" title=\"Read Xerrades Mossos d&#8217;esquadra a 2n ESO: Xarxes socials\">Llegeix m\u00e9s\u00bb<\/a><\/p>\n","protected":false},"author":1,"featured_media":9229,"comment_status":"open","ping_status":"closed","sticky":true,"template":"","format":"standard","meta":{"_bbp_topic_count":0,"_bbp_reply_count":0,"_bbp_total_topic_count":0,"_bbp_total_reply_count":0,"_bbp_voice_count":0,"_bbp_anonymous_reply_count":0,"_bbp_topic_count_hidden":0,"_bbp_reply_count_hidden":0,"_bbp_forum_subforum_count":0,"footnotes":""},"categories":[5,1,29],"tags":[],"class_list":["post-9228","post","type-post","status-publish","format-standard","has-post-thumbnail","hentry","category-eso-2","category-general","category-portada"],"post_mailing_queue_ids":[],"_links":{"self":[{"href":"https:\/\/agora.xtec.cat\/ies-seros\/wp-json\/wp\/v2\/posts\/9228","targetHints":{"allow":["GET"]}}],"collection":[{"href":"https:\/\/agora.xtec.cat\/ies-seros\/wp-json\/wp\/v2\/posts"}],"about":[{"href":"https:\/\/agora.xtec.cat\/ies-seros\/wp-json\/wp\/v2\/types\/post"}],"author":[{"embeddable":true,"href":"https:\/\/agora.xtec.cat\/ies-seros\/wp-json\/wp\/v2\/users\/1"}],"replies":[{"embeddable":true,"href":"https:\/\/agora.xtec.cat\/ies-seros\/wp-json\/wp\/v2\/comments?post=9228"}],"version-history":[{"count":1,"href":"https:\/\/agora.xtec.cat\/ies-seros\/wp-json\/wp\/v2\/posts\/9228\/revisions"}],"predecessor-version":[{"id":9230,"href":"https:\/\/agora.xtec.cat\/ies-seros\/wp-json\/wp\/v2\/posts\/9228\/revisions\/9230"}],"wp:featuredmedia":[{"embeddable":true,"href":"https:\/\/agora.xtec.cat\/ies-seros\/wp-json\/wp\/v2\/media\/9229"}],"wp:attachment":[{"href":"https:\/\/agora.xtec.cat\/ies-seros\/wp-json\/wp\/v2\/media?parent=9228"}],"wp:term":[{"taxonomy":"category","embeddable":true,"href":"https:\/\/agora.xtec.cat\/ies-seros\/wp-json\/wp\/v2\/categories?post=9228"},{"taxonomy":"post_tag","embeddable":true,"href":"https:\/\/agora.xtec.cat\/ies-seros\/wp-json\/wp\/v2\/tags?post=9228"}],"curies":[{"name":"wp","href":"https:\/\/api.w.org\/{rel}","templated":true}]}}