{"id":9113,"date":"2024-02-28T13:48:15","date_gmt":"2024-02-28T12:48:15","guid":{"rendered":"https:\/\/agora.xtec.cat\/ies-seros\/?p=9113"},"modified":"2024-02-28T13:48:15","modified_gmt":"2024-02-28T12:48:15","slug":"12-de-marc-jornada-de-portes-obertes","status":"publish","type":"post","link":"https:\/\/agora.xtec.cat\/ies-seros\/general\/12-de-marc-jornada-de-portes-obertes\/","title":{"rendered":"12 de mar\u00e7. JORNADA DE PORTES OBERTES"},"content":{"rendered":"<div class=\"adn ads\" data-message-id=\"#msg-a:r-7388363694532963480\" data-legacy-message-id=\"18defbe478d29b46\">\n<div class=\"gs\">\n<div class=\"\">\n<div id=\":m2\" class=\"ii gt\">\n<div id=\":m3\" class=\"a3s aiL \">\n<div>Us convidem a la jornada de portes obertes de l&#8217;Institut de Ser\u00f2s. Tindr\u00e0 lloc el dimarts 12 de mar\u00e7.<\/div>\n<div>De <span style=\"color: #ffcc00;\"><strong>9:00 a 12:45<\/strong><\/span> ens visitaran els alumnes de les escoles adscrites juntament amb els professors. Els alumnes tindran l&#8217;oportunitat de fer un tour per l&#8217;institut i aix\u00ed con\u00e8ixer les instal\u00b7lacions a i als seus futurs professors i companys, realitzar diferents tallers organitzats pels alumnes de l&#8217;ESO, etc.<\/div>\n<div>De <span style=\"color: #ffcc00;\"><strong>13:30 a 14:45<\/strong><\/span> ser\u00e0 el torn de les fam\u00edlies dels alumnes. L&#8217;institut estar\u00e0 obert a tothom.<\/div>\n<h5><\/h5>\n<h5 style=\"text-align: center;\"><span style=\"color: #0000ff;\"><strong>Us convidem a venir a con\u00e8ixer l&#8217;institut!<\/strong><\/span><\/h5>\n<div class=\"yj6qo\"><\/div>\n<div class=\"adL\"><\/div>\n<\/div>\n<\/div>\n<div class=\"hi\"><img loading=\"lazy\" decoding=\"async\" class=\"aligncenter size-large wp-image-9114\" src=\"https:\/\/agora.xtec.cat\/ies-seros\/wp-content\/uploads\/usu323\/2024\/02\/12-de-marc-768x1024.jpg\" alt=\"\" width=\"768\" height=\"1024\" srcset=\"https:\/\/agora.xtec.cat\/ies-seros\/wp-content\/uploads\/usu323\/2024\/02\/12-de-marc-768x1024.jpg 768w, https:\/\/agora.xtec.cat\/ies-seros\/wp-content\/uploads\/usu323\/2024\/02\/12-de-marc-225x300.jpg 225w, https:\/\/agora.xtec.cat\/ies-seros\/wp-content\/uploads\/usu323\/2024\/02\/12-de-marc-1152x1536.jpg 1152w, https:\/\/agora.xtec.cat\/ies-seros\/wp-content\/uploads\/usu323\/2024\/02\/12-de-marc.jpg 1200w\" sizes=\"auto, (max-width: 768px) 100vw, 768px\" \/><\/div>\n<\/div>\n<\/div>\n<\/div>\n<div class=\"gA gt acV\">\n<div class=\"gB xu\">\n<div class=\"ip iq\">\n<div id=\":m1\"><\/div>\n<\/div>\n<\/div>\n<\/div>\n","protected":false},"excerpt":{"rendered":"<p>Us convidem a la jornada de portes obertes de l&#8217;Institut de Ser\u00f2s. Tindr\u00e0 lloc el dimarts 12 de mar\u00e7.<br \/>\nDe 9:00 a 12:45 ens visitaran els alumnes de les escoles adscrites juntament amb els professors. Els alumnes tindran l&#8217;oportunitat de fer un tour per l&#8217;institut i&hellip;  <a href=\"https:\/\/agora.xtec.cat\/ies-seros\/general\/12-de-marc-jornada-de-portes-obertes\/\" title=\"Read 12 de mar\u00e7. JORNADA DE PORTES OBERTES\">Llegeix m\u00e9s\u00bb<\/a><\/p>\n","protected":false},"author":1,"featured_media":9114,"comment_status":"open","ping_status":"closed","sticky":true,"template":"","format":"standard","meta":{"_bbp_topic_count":0,"_bbp_reply_count":0,"_bbp_total_topic_count":0,"_bbp_total_reply_count":0,"_bbp_voice_count":0,"_bbp_anonymous_reply_count":0,"_bbp_topic_count_hidden":0,"_bbp_reply_count_hidden":0,"_bbp_forum_subforum_count":0,"footnotes":""},"categories":[208,3,1,29],"tags":[],"class_list":["post-9113","post","type-post","status-publish","format-standard","has-post-thumbnail","hentry","category-escoles","category-eso","category-general","category-portada"],"post_mailing_queue_ids":[],"_links":{"self":[{"href":"https:\/\/agora.xtec.cat\/ies-seros\/wp-json\/wp\/v2\/posts\/9113","targetHints":{"allow":["GET"]}}],"collection":[{"href":"https:\/\/agora.xtec.cat\/ies-seros\/wp-json\/wp\/v2\/posts"}],"about":[{"href":"https:\/\/agora.xtec.cat\/ies-seros\/wp-json\/wp\/v2\/types\/post"}],"author":[{"embeddable":true,"href":"https:\/\/agora.xtec.cat\/ies-seros\/wp-json\/wp\/v2\/users\/1"}],"replies":[{"embeddable":true,"href":"https:\/\/agora.xtec.cat\/ies-seros\/wp-json\/wp\/v2\/comments?post=9113"}],"version-history":[{"count":2,"href":"https:\/\/agora.xtec.cat\/ies-seros\/wp-json\/wp\/v2\/posts\/9113\/revisions"}],"predecessor-version":[{"id":9116,"href":"https:\/\/agora.xtec.cat\/ies-seros\/wp-json\/wp\/v2\/posts\/9113\/revisions\/9116"}],"wp:featuredmedia":[{"embeddable":true,"href":"https:\/\/agora.xtec.cat\/ies-seros\/wp-json\/wp\/v2\/media\/9114"}],"wp:attachment":[{"href":"https:\/\/agora.xtec.cat\/ies-seros\/wp-json\/wp\/v2\/media?parent=9113"}],"wp:term":[{"taxonomy":"category","embeddable":true,"href":"https:\/\/agora.xtec.cat\/ies-seros\/wp-json\/wp\/v2\/categories?post=9113"},{"taxonomy":"post_tag","embeddable":true,"href":"https:\/\/agora.xtec.cat\/ies-seros\/wp-json\/wp\/v2\/tags?post=9113"}],"curies":[{"name":"wp","href":"https:\/\/api.w.org\/{rel}","templated":true}]}}