{"id":9108,"date":"2024-02-27T20:47:26","date_gmt":"2024-02-27T19:47:26","guid":{"rendered":"https:\/\/agora.xtec.cat\/ies-seros\/?p=9108"},"modified":"2025-01-24T19:33:56","modified_gmt":"2025-01-24T18:33:56","slug":"ultims-dies-per-participar-al-mercat-dintercanvi-de-roba","status":"publish","type":"post","link":"https:\/\/agora.xtec.cat\/ies-seros\/general\/ultims-dies-per-participar-al-mercat-dintercanvi-de-roba\/","title":{"rendered":"\u00daltims dies per participar al mercat d&#8217;intercanvi de roba"},"content":{"rendered":"<p>Recordem que la setmana vinent tindr\u00e0 lloc la segona edici\u00f3 del mercat d&#8217;intercanvi de roba. Estem acabant de recollir roba perqu\u00e8 aviat pugueu intercanviar-la per altres peces que us agradin. A tots aquells que encara no ho heu fet, us animem a participar i a portar totes aquelles peces de roba que ja no en feu \u00fas. <strong><span style=\"color: #339966;\">Apostem per la moda circular!<\/span><\/strong><\/p>\n<p><strong> <img loading=\"lazy\" decoding=\"async\" class=\"aligncenter size-full wp-image-9109\" src=\"https:\/\/agora.xtec.cat\/ies-seros\/wp-content\/uploads\/usu323\/2024\/02\/PHOTO-2024-02-27-17-29-59.jpg\" alt=\"\" width=\"842\" height=\"595\" srcset=\"https:\/\/agora.xtec.cat\/ies-seros\/wp-content\/uploads\/usu323\/2024\/02\/PHOTO-2024-02-27-17-29-59.jpg 842w, https:\/\/agora.xtec.cat\/ies-seros\/wp-content\/uploads\/usu323\/2024\/02\/PHOTO-2024-02-27-17-29-59-300x212.jpg 300w, https:\/\/agora.xtec.cat\/ies-seros\/wp-content\/uploads\/usu323\/2024\/02\/PHOTO-2024-02-27-17-29-59-768x543.jpg 768w\" sizes=\"auto, (max-width: 842px) 100vw, 842px\" \/> <img loading=\"lazy\" decoding=\"async\" class=\"aligncenter size-large wp-image-9110\" src=\"https:\/\/agora.xtec.cat\/ies-seros\/wp-content\/uploads\/usu323\/2024\/02\/PHOTO-2024-02-27-17-30-14.jpg\" alt=\"\" width=\"842\" height=\"595\" srcset=\"https:\/\/agora.xtec.cat\/ies-seros\/wp-content\/uploads\/usu323\/2024\/02\/PHOTO-2024-02-27-17-30-14.jpg 842w, https:\/\/agora.xtec.cat\/ies-seros\/wp-content\/uploads\/usu323\/2024\/02\/PHOTO-2024-02-27-17-30-14-300x212.jpg 300w, https:\/\/agora.xtec.cat\/ies-seros\/wp-content\/uploads\/usu323\/2024\/02\/PHOTO-2024-02-27-17-30-14-768x543.jpg 768w\" sizes=\"auto, (max-width: 842px) 100vw, 842px\" \/> <img loading=\"lazy\" decoding=\"async\" class=\"aligncenter size-large wp-image-9111\" src=\"https:\/\/agora.xtec.cat\/ies-seros\/wp-content\/uploads\/usu323\/2024\/02\/PHOTO-2024-02-27-17-30-29-1024x1024.jpg\" alt=\"\" width=\"1024\" height=\"1024\" srcset=\"https:\/\/agora.xtec.cat\/ies-seros\/wp-content\/uploads\/usu323\/2024\/02\/PHOTO-2024-02-27-17-30-29-1024x1024.jpg 1024w, https:\/\/agora.xtec.cat\/ies-seros\/wp-content\/uploads\/usu323\/2024\/02\/PHOTO-2024-02-27-17-30-29-300x300.jpg 300w, https:\/\/agora.xtec.cat\/ies-seros\/wp-content\/uploads\/usu323\/2024\/02\/PHOTO-2024-02-27-17-30-29-150x150.jpg 150w, https:\/\/agora.xtec.cat\/ies-seros\/wp-content\/uploads\/usu323\/2024\/02\/PHOTO-2024-02-27-17-30-29-768x768.jpg 768w, https:\/\/agora.xtec.cat\/ies-seros\/wp-content\/uploads\/usu323\/2024\/02\/PHOTO-2024-02-27-17-30-29-1536x1536.jpg 1536w, https:\/\/agora.xtec.cat\/ies-seros\/wp-content\/uploads\/usu323\/2024\/02\/PHOTO-2024-02-27-17-30-29.jpg 1920w\" sizes=\"auto, (max-width: 1024px) 100vw, 1024px\" \/><\/strong><\/p>\n","protected":false},"excerpt":{"rendered":"<p>Recordem que la setmana vinent tindr\u00e0 lloc la segona edici\u00f3 del mercat d&#8217;intercanvi de roba. Estem acabant de recollir roba perqu\u00e8 aviat pugueu intercanviar-la per altres peces que us agradin. A tots aquells que encara no ho heu fet, us animem a participar i a&hellip;  <a href=\"https:\/\/agora.xtec.cat\/ies-seros\/general\/ultims-dies-per-participar-al-mercat-dintercanvi-de-roba\/\" title=\"Read \u00daltims dies per participar al mercat d&#8217;intercanvi de roba\">Llegeix m\u00e9s\u00bb<\/a><\/p>\n","protected":false},"author":1,"featured_media":9110,"comment_status":"open","ping_status":"closed","sticky":true,"template":"","format":"standard","meta":{"_bbp_topic_count":0,"_bbp_reply_count":0,"_bbp_total_topic_count":0,"_bbp_total_reply_count":0,"_bbp_voice_count":0,"_bbp_anonymous_reply_count":0,"_bbp_topic_count_hidden":0,"_bbp_reply_count_hidden":0,"_bbp_forum_subforum_count":0,"footnotes":""},"categories":[116,1,29],"tags":[415],"class_list":["post-9108","post","type-post","status-publish","format-standard","has-post-thumbnail","hentry","category-escola-verda","category-general","category-portada","tag-escolesverdes25"],"post_mailing_queue_ids":[],"_links":{"self":[{"href":"https:\/\/agora.xtec.cat\/ies-seros\/wp-json\/wp\/v2\/posts\/9108","targetHints":{"allow":["GET"]}}],"collection":[{"href":"https:\/\/agora.xtec.cat\/ies-seros\/wp-json\/wp\/v2\/posts"}],"about":[{"href":"https:\/\/agora.xtec.cat\/ies-seros\/wp-json\/wp\/v2\/types\/post"}],"author":[{"embeddable":true,"href":"https:\/\/agora.xtec.cat\/ies-seros\/wp-json\/wp\/v2\/users\/1"}],"replies":[{"embeddable":true,"href":"https:\/\/agora.xtec.cat\/ies-seros\/wp-json\/wp\/v2\/comments?post=9108"}],"version-history":[{"count":1,"href":"https:\/\/agora.xtec.cat\/ies-seros\/wp-json\/wp\/v2\/posts\/9108\/revisions"}],"predecessor-version":[{"id":9112,"href":"https:\/\/agora.xtec.cat\/ies-seros\/wp-json\/wp\/v2\/posts\/9108\/revisions\/9112"}],"wp:featuredmedia":[{"embeddable":true,"href":"https:\/\/agora.xtec.cat\/ies-seros\/wp-json\/wp\/v2\/media\/9110"}],"wp:attachment":[{"href":"https:\/\/agora.xtec.cat\/ies-seros\/wp-json\/wp\/v2\/media?parent=9108"}],"wp:term":[{"taxonomy":"category","embeddable":true,"href":"https:\/\/agora.xtec.cat\/ies-seros\/wp-json\/wp\/v2\/categories?post=9108"},{"taxonomy":"post_tag","embeddable":true,"href":"https:\/\/agora.xtec.cat\/ies-seros\/wp-json\/wp\/v2\/tags?post=9108"}],"curies":[{"name":"wp","href":"https:\/\/api.w.org\/{rel}","templated":true}]}}