{"id":9049,"date":"2024-02-26T12:05:33","date_gmt":"2024-02-26T11:05:33","guid":{"rendered":"https:\/\/agora.xtec.cat\/ies-seros\/?p=9049"},"modified":"2024-06-19T12:11:40","modified_gmt":"2024-06-19T10:11:40","slug":"recomanans-un-llibre-podcast-de-recomanacions-lectores","status":"publish","type":"post","link":"https:\/\/agora.xtec.cat\/ies-seros\/general\/recomanans-un-llibre-podcast-de-recomanacions-lectores\/","title":{"rendered":"Recomana&#8217;ns un llibre! Podcast de recomanacions lectores"},"content":{"rendered":"<p>&nbsp;<\/p>\n<p style=\"text-align: center;\"><a href=\"https:\/\/agora.xtec.cat\/ies-seros\/wp-content\/uploads\/usu323\/2024\/02\/llibre-5-scaled-1.jpg\"><img loading=\"lazy\" decoding=\"async\" class=\"alignnone wp-image-9050\" src=\"https:\/\/agora.xtec.cat\/ies-seros\/wp-content\/uploads\/usu323\/2024\/02\/llibre-5-scaled-1-1024x678.jpg\" alt=\"\" width=\"760\" height=\"503\" srcset=\"https:\/\/agora.xtec.cat\/ies-seros\/wp-content\/uploads\/usu323\/2024\/02\/llibre-5-scaled-1-1024x678.jpg 1024w, https:\/\/agora.xtec.cat\/ies-seros\/wp-content\/uploads\/usu323\/2024\/02\/llibre-5-scaled-1-300x199.jpg 300w, https:\/\/agora.xtec.cat\/ies-seros\/wp-content\/uploads\/usu323\/2024\/02\/llibre-5-scaled-1-768x509.jpg 768w, https:\/\/agora.xtec.cat\/ies-seros\/wp-content\/uploads\/usu323\/2024\/02\/llibre-5-scaled-1-1536x1018.jpg 1536w, https:\/\/agora.xtec.cat\/ies-seros\/wp-content\/uploads\/usu323\/2024\/02\/llibre-5-scaled-1-2048x1357.jpg 2048w\" sizes=\"auto, (max-width: 760px) 100vw, 760px\" \/><\/a><\/p>\n<p>Des d&#8217;aqu\u00ed convidem a tota la comunitat educativa a recomanar un llibre. Penjarem una recomanaci\u00f3 lectora cada setmana per tal d&#8217;incentivar el cuquet lector. Com ho farem?<\/p>\n<p>Gravaci\u00f3 en \u00e0udio d&#8217;1 minut m\u00e0xim. Amb el m\u00f2bil i s&#8217;envia al coordinador de biblioteca. Vinga, animeu-vos, i a recomanar llibres!! Som-hi!!!<\/p>\n<p>&nbsp;<\/p>\n<p>Estructura de la gravaci\u00f3:<\/p>\n<ol>\n<li><strong>Presenta&#8217;t breument:<\/strong><\/li>\n<\/ol>\n<p>Exemple, soc en __________, alumne de __ d&#8217;ESO \/ professora \/ conserge \/ administratiu \/ senyora de la neteja \/ coordinadora de menjador.<\/p>\n<p>&nbsp;<\/p>\n<p><strong>2. Esmenta el t\u00edtol del llibre i l&#8217;autor.<\/strong><\/p>\n<p>&nbsp;<\/p>\n<p><strong>3. Explica una mica l&#8217;argument.<\/strong><\/p>\n<p>&nbsp;<\/p>\n<p><strong>4. Per qu\u00e8 el recomanaries o no?<\/strong><\/p>\n<p>&nbsp;<\/p>\n<p>T&#8217;animem a participar!! Fem que el Nodes de la Biblioteca de l&#8217;Ins Ser\u00f2s s&#8217;empleni de recomanacions lectores!! Tota la comunitat educativa de l&#8217;Ins Ser\u00f2s hi pot participar!!<\/p>\n","protected":false},"excerpt":{"rendered":"<p>&nbsp;<br \/>\n<a href=\"https:\/\/agora.xtec.cat\/ies-seros\/wp-content\/uploads\/usu323\/2024\/02\/llibre-5-scaled-1.jpg\"><\/a><br \/>\nDes d&#8217;aqu\u00ed convidem a tota la comunitat educativa a recomanar un llibre. Penjarem una recomanaci\u00f3 lectora cada setmana per tal d&#8217;incentivar el cuquet lector. Com ho farem?<br \/>\nGravaci\u00f3 en \u00e0udio d&#8217;1 minut m\u00e0xim. Amb el m\u00f2bil i s&#8217;envia al coordinador de biblioteca. Vinga, animeu-vos, i&hellip;  <a href=\"https:\/\/agora.xtec.cat\/ies-seros\/general\/recomanans-un-llibre-podcast-de-recomanacions-lectores\/\" title=\"Read Recomana&#8217;ns un llibre! Podcast de recomanacions lectores\">Llegeix m\u00e9s\u00bb<\/a><\/p>\n","protected":false},"author":37,"featured_media":9050,"comment_status":"open","ping_status":"closed","sticky":true,"template":"","format":"standard","meta":{"_bbp_topic_count":0,"_bbp_reply_count":0,"_bbp_total_topic_count":0,"_bbp_total_reply_count":0,"_bbp_voice_count":0,"_bbp_anonymous_reply_count":0,"_bbp_topic_count_hidden":0,"_bbp_reply_count_hidden":0,"_bbp_forum_subforum_count":0,"footnotes":""},"categories":[201,380,382,387,383,385,379,381,370,384,386,368,388,1,29],"tags":[400],"class_list":["post-9049","post","type-post","status-publish","format-standard","has-post-thumbnail","hentry","category-biblioseros","category-classiques","category-departament-deducacio-fisica","category-departament-dexpressio","category-departament-didiomes","category-departament-dorientacio","category-departament-de-castella","category-departament-de-catala","category-depce","category-departament-de-matematiques","category-deptsocials","category-diairi-aa","category-dibuix","category-general","category-portada","tag-activitats"],"post_mailing_queue_ids":[],"_links":{"self":[{"href":"https:\/\/agora.xtec.cat\/ies-seros\/wp-json\/wp\/v2\/posts\/9049","targetHints":{"allow":["GET"]}}],"collection":[{"href":"https:\/\/agora.xtec.cat\/ies-seros\/wp-json\/wp\/v2\/posts"}],"about":[{"href":"https:\/\/agora.xtec.cat\/ies-seros\/wp-json\/wp\/v2\/types\/post"}],"author":[{"embeddable":true,"href":"https:\/\/agora.xtec.cat\/ies-seros\/wp-json\/wp\/v2\/users\/37"}],"replies":[{"embeddable":true,"href":"https:\/\/agora.xtec.cat\/ies-seros\/wp-json\/wp\/v2\/comments?post=9049"}],"version-history":[{"count":2,"href":"https:\/\/agora.xtec.cat\/ies-seros\/wp-json\/wp\/v2\/posts\/9049\/revisions"}],"predecessor-version":[{"id":9052,"href":"https:\/\/agora.xtec.cat\/ies-seros\/wp-json\/wp\/v2\/posts\/9049\/revisions\/9052"}],"wp:featuredmedia":[{"embeddable":true,"href":"https:\/\/agora.xtec.cat\/ies-seros\/wp-json\/wp\/v2\/media\/9050"}],"wp:attachment":[{"href":"https:\/\/agora.xtec.cat\/ies-seros\/wp-json\/wp\/v2\/media?parent=9049"}],"wp:term":[{"taxonomy":"category","embeddable":true,"href":"https:\/\/agora.xtec.cat\/ies-seros\/wp-json\/wp\/v2\/categories?post=9049"},{"taxonomy":"post_tag","embeddable":true,"href":"https:\/\/agora.xtec.cat\/ies-seros\/wp-json\/wp\/v2\/tags?post=9049"}],"curies":[{"name":"wp","href":"https:\/\/api.w.org\/{rel}","templated":true}]}}