{"id":8996,"date":"2024-02-09T13:32:26","date_gmt":"2024-02-09T12:32:26","guid":{"rendered":"https:\/\/agora.xtec.cat\/ies-seros\/?p=8996"},"modified":"2024-02-09T13:32:26","modified_gmt":"2024-02-09T12:32:26","slug":"fem-esport-a-lekke-4t-eso","status":"publish","type":"post","link":"https:\/\/agora.xtec.cat\/ies-seros\/general\/fem-esport-a-lekke-4t-eso\/","title":{"rendered":"Fem esport a l&#8217;Ekke. 4t ESO"},"content":{"rendered":"<p>Ahir els alumnes de 4t d&#8217;ESO i 1r de batxillerat van anar a Lleida a l&#8217;Ekke, on van poder disfrutar de classes monitoritzades de cos i ment, skill, p\u00e0del i cycling per tal d&#8217;introduir-se en diferents disciplines de l&#8217;Educaci\u00f3 F<img loading=\"lazy\" decoding=\"async\" class=\"aligncenter size-large wp-image-8997\" src=\"https:\/\/agora.xtec.cat\/ies-seros\/wp-content\/uploads\/usu323\/2024\/02\/WhatsApp-Image-2024-02-09-at-13.27.54-1024x768.jpeg\" alt=\"\" width=\"1024\" height=\"768\" srcset=\"https:\/\/agora.xtec.cat\/ies-seros\/wp-content\/uploads\/usu323\/2024\/02\/WhatsApp-Image-2024-02-09-at-13.27.54-1024x768.jpeg 1024w, https:\/\/agora.xtec.cat\/ies-seros\/wp-content\/uploads\/usu323\/2024\/02\/WhatsApp-Image-2024-02-09-at-13.27.54-300x225.jpeg 300w, https:\/\/agora.xtec.cat\/ies-seros\/wp-content\/uploads\/usu323\/2024\/02\/WhatsApp-Image-2024-02-09-at-13.27.54-768x576.jpeg 768w, https:\/\/agora.xtec.cat\/ies-seros\/wp-content\/uploads\/usu323\/2024\/02\/WhatsApp-Image-2024-02-09-at-13.27.54-1536x1152.jpeg 1536w, https:\/\/agora.xtec.cat\/ies-seros\/wp-content\/uploads\/usu323\/2024\/02\/WhatsApp-Image-2024-02-09-at-13.27.54-200x150.jpeg 200w, https:\/\/agora.xtec.cat\/ies-seros\/wp-content\/uploads\/usu323\/2024\/02\/WhatsApp-Image-2024-02-09-at-13.27.54.jpeg 2000w\" sizes=\"auto, (max-width: 1024px) 100vw, 1024px\" \/> <img loading=\"lazy\" decoding=\"async\" class=\"aligncenter size-large wp-image-8998\" src=\"https:\/\/agora.xtec.cat\/ies-seros\/wp-content\/uploads\/usu323\/2024\/02\/WhatsApp-Image-2024-02-09-at-13.27.54-1-1024x768.jpeg\" alt=\"\" width=\"1024\" height=\"768\" srcset=\"https:\/\/agora.xtec.cat\/ies-seros\/wp-content\/uploads\/usu323\/2024\/02\/WhatsApp-Image-2024-02-09-at-13.27.54-1-1024x768.jpeg 1024w, https:\/\/agora.xtec.cat\/ies-seros\/wp-content\/uploads\/usu323\/2024\/02\/WhatsApp-Image-2024-02-09-at-13.27.54-1-300x225.jpeg 300w, https:\/\/agora.xtec.cat\/ies-seros\/wp-content\/uploads\/usu323\/2024\/02\/WhatsApp-Image-2024-02-09-at-13.27.54-1-768x576.jpeg 768w, https:\/\/agora.xtec.cat\/ies-seros\/wp-content\/uploads\/usu323\/2024\/02\/WhatsApp-Image-2024-02-09-at-13.27.54-1-1536x1152.jpeg 1536w, https:\/\/agora.xtec.cat\/ies-seros\/wp-content\/uploads\/usu323\/2024\/02\/WhatsApp-Image-2024-02-09-at-13.27.54-1-200x150.jpeg 200w, https:\/\/agora.xtec.cat\/ies-seros\/wp-content\/uploads\/usu323\/2024\/02\/WhatsApp-Image-2024-02-09-at-13.27.54-1.jpeg 2000w\" sizes=\"auto, (max-width: 1024px) 100vw, 1024px\" \/> <img loading=\"lazy\" decoding=\"async\" class=\"aligncenter size-large wp-image-8999\" src=\"https:\/\/agora.xtec.cat\/ies-seros\/wp-content\/uploads\/usu323\/2024\/02\/WhatsApp-Image-2024-02-09-at-13.27.54-2-1024x768.jpeg\" alt=\"\" width=\"1024\" height=\"768\" srcset=\"https:\/\/agora.xtec.cat\/ies-seros\/wp-content\/uploads\/usu323\/2024\/02\/WhatsApp-Image-2024-02-09-at-13.27.54-2-1024x768.jpeg 1024w, https:\/\/agora.xtec.cat\/ies-seros\/wp-content\/uploads\/usu323\/2024\/02\/WhatsApp-Image-2024-02-09-at-13.27.54-2-300x225.jpeg 300w, https:\/\/agora.xtec.cat\/ies-seros\/wp-content\/uploads\/usu323\/2024\/02\/WhatsApp-Image-2024-02-09-at-13.27.54-2-768x576.jpeg 768w, https:\/\/agora.xtec.cat\/ies-seros\/wp-content\/uploads\/usu323\/2024\/02\/WhatsApp-Image-2024-02-09-at-13.27.54-2-1536x1152.jpeg 1536w, https:\/\/agora.xtec.cat\/ies-seros\/wp-content\/uploads\/usu323\/2024\/02\/WhatsApp-Image-2024-02-09-at-13.27.54-2-200x150.jpeg 200w, https:\/\/agora.xtec.cat\/ies-seros\/wp-content\/uploads\/usu323\/2024\/02\/WhatsApp-Image-2024-02-09-at-13.27.54-2.jpeg 2048w\" sizes=\"auto, (max-width: 1024px) 100vw, 1024px\" \/> <img loading=\"lazy\" decoding=\"async\" class=\"aligncenter size-large wp-image-9000\" src=\"https:\/\/agora.xtec.cat\/ies-seros\/wp-content\/uploads\/usu323\/2024\/02\/WhatsApp-Image-2024-02-09-at-13.27.55-1024x768.jpeg\" alt=\"\" width=\"1024\" height=\"768\" srcset=\"https:\/\/agora.xtec.cat\/ies-seros\/wp-content\/uploads\/usu323\/2024\/02\/WhatsApp-Image-2024-02-09-at-13.27.55-1024x768.jpeg 1024w, https:\/\/agora.xtec.cat\/ies-seros\/wp-content\/uploads\/usu323\/2024\/02\/WhatsApp-Image-2024-02-09-at-13.27.55-300x225.jpeg 300w, https:\/\/agora.xtec.cat\/ies-seros\/wp-content\/uploads\/usu323\/2024\/02\/WhatsApp-Image-2024-02-09-at-13.27.55-768x576.jpeg 768w, https:\/\/agora.xtec.cat\/ies-seros\/wp-content\/uploads\/usu323\/2024\/02\/WhatsApp-Image-2024-02-09-at-13.27.55-1536x1152.jpeg 1536w, https:\/\/agora.xtec.cat\/ies-seros\/wp-content\/uploads\/usu323\/2024\/02\/WhatsApp-Image-2024-02-09-at-13.27.55-200x150.jpeg 200w, https:\/\/agora.xtec.cat\/ies-seros\/wp-content\/uploads\/usu323\/2024\/02\/WhatsApp-Image-2024-02-09-at-13.27.55.jpeg 2000w\" sizes=\"auto, (max-width: 1024px) 100vw, 1024px\" \/>\u00edsica.<\/p>\n","protected":false},"excerpt":{"rendered":"<p>Ahir els alumnes de 4t d&#8217;ESO i 1r de batxillerat van anar a Lleida a l&#8217;Ekke, on van poder disfrutar de classes monitoritzades de cos i ment, skill, p\u00e0del i cycling per tal d&#8217;introduir-se en diferents disciplines de l&#8217;Educaci\u00f3 F   \u00edsica.<\/p>\n","protected":false},"author":1,"featured_media":8997,"comment_status":"open","ping_status":"closed","sticky":true,"template":"","format":"standard","meta":{"_bbp_topic_count":0,"_bbp_reply_count":0,"_bbp_total_topic_count":0,"_bbp_total_reply_count":0,"_bbp_voice_count":0,"_bbp_anonymous_reply_count":0,"_bbp_topic_count_hidden":0,"_bbp_reply_count_hidden":0,"_bbp_forum_subforum_count":0,"footnotes":""},"categories":[382,7,1,29],"tags":[],"class_list":["post-8996","post","type-post","status-publish","format-standard","has-post-thumbnail","hentry","category-departament-deducacio-fisica","category-eso-4","category-general","category-portada"],"post_mailing_queue_ids":[],"_links":{"self":[{"href":"https:\/\/agora.xtec.cat\/ies-seros\/wp-json\/wp\/v2\/posts\/8996","targetHints":{"allow":["GET"]}}],"collection":[{"href":"https:\/\/agora.xtec.cat\/ies-seros\/wp-json\/wp\/v2\/posts"}],"about":[{"href":"https:\/\/agora.xtec.cat\/ies-seros\/wp-json\/wp\/v2\/types\/post"}],"author":[{"embeddable":true,"href":"https:\/\/agora.xtec.cat\/ies-seros\/wp-json\/wp\/v2\/users\/1"}],"replies":[{"embeddable":true,"href":"https:\/\/agora.xtec.cat\/ies-seros\/wp-json\/wp\/v2\/comments?post=8996"}],"version-history":[{"count":1,"href":"https:\/\/agora.xtec.cat\/ies-seros\/wp-json\/wp\/v2\/posts\/8996\/revisions"}],"predecessor-version":[{"id":9001,"href":"https:\/\/agora.xtec.cat\/ies-seros\/wp-json\/wp\/v2\/posts\/8996\/revisions\/9001"}],"wp:featuredmedia":[{"embeddable":true,"href":"https:\/\/agora.xtec.cat\/ies-seros\/wp-json\/wp\/v2\/media\/8997"}],"wp:attachment":[{"href":"https:\/\/agora.xtec.cat\/ies-seros\/wp-json\/wp\/v2\/media?parent=8996"}],"wp:term":[{"taxonomy":"category","embeddable":true,"href":"https:\/\/agora.xtec.cat\/ies-seros\/wp-json\/wp\/v2\/categories?post=8996"},{"taxonomy":"post_tag","embeddable":true,"href":"https:\/\/agora.xtec.cat\/ies-seros\/wp-json\/wp\/v2\/tags?post=8996"}],"curies":[{"name":"wp","href":"https:\/\/api.w.org\/{rel}","templated":true}]}}