{"id":8898,"date":"2024-02-01T17:43:17","date_gmt":"2024-02-01T16:43:17","guid":{"rendered":"https:\/\/agora.xtec.cat\/ies-seros\/?p=8898"},"modified":"2024-02-01T17:43:17","modified_gmt":"2024-02-01T16:43:17","slug":"jardineres-verticals-per-a-lilla-verda-ins-seros","status":"publish","type":"post","link":"https:\/\/agora.xtec.cat\/ies-seros\/eso-2\/jardineres-verticals-per-a-lilla-verda-ins-seros\/","title":{"rendered":"Jardineres verticals per a l&#8217;illa verda (Ins Ser\u00f2s)"},"content":{"rendered":"<p>Avui el grup d&#8217;optativa de STEM2 ha acabat el seu projecte d&#8217;illes de calor penjant les jardineres verticals per fer de l&#8217;institut una illa verda. Han plantat diferents arom\u00e0tiques (Romero rastrer, tim\u00f3, tim\u00f3 c\u00edtric i Sajolida) amb l&#8217;objectiu de recolectar-les el curs vinent i fer productes per vendre en benefici de la marat\u00f3 de TV3.<\/p>\n<p><img loading=\"lazy\" decoding=\"async\" class=\"aligncenter size-large wp-image-8899\" src=\"https:\/\/agora.xtec.cat\/ies-seros\/wp-content\/uploads\/usu323\/2024\/02\/IMG_20240131_183536_999-1024x1024.webp\" alt=\"\" width=\"1024\" height=\"1024\" srcset=\"https:\/\/agora.xtec.cat\/ies-seros\/wp-content\/uploads\/usu323\/2024\/02\/IMG_20240131_183536_999-1024x1024.webp 1024w, https:\/\/agora.xtec.cat\/ies-seros\/wp-content\/uploads\/usu323\/2024\/02\/IMG_20240131_183536_999-300x300.webp 300w, https:\/\/agora.xtec.cat\/ies-seros\/wp-content\/uploads\/usu323\/2024\/02\/IMG_20240131_183536_999-150x150.webp 150w, https:\/\/agora.xtec.cat\/ies-seros\/wp-content\/uploads\/usu323\/2024\/02\/IMG_20240131_183536_999-768x768.webp 768w, https:\/\/agora.xtec.cat\/ies-seros\/wp-content\/uploads\/usu323\/2024\/02\/IMG_20240131_183536_999.webp 1200w\" sizes=\"auto, (max-width: 1024px) 100vw, 1024px\" \/> <img loading=\"lazy\" decoding=\"async\" class=\"aligncenter size-large wp-image-8900\" src=\"https:\/\/agora.xtec.cat\/ies-seros\/wp-content\/uploads\/usu323\/2024\/02\/IMG_20240131_183537_275-1024x1024.webp\" alt=\"\" width=\"1024\" height=\"1024\" srcset=\"https:\/\/agora.xtec.cat\/ies-seros\/wp-content\/uploads\/usu323\/2024\/02\/IMG_20240131_183537_275-1024x1024.webp 1024w, https:\/\/agora.xtec.cat\/ies-seros\/wp-content\/uploads\/usu323\/2024\/02\/IMG_20240131_183537_275-300x300.webp 300w, https:\/\/agora.xtec.cat\/ies-seros\/wp-content\/uploads\/usu323\/2024\/02\/IMG_20240131_183537_275-150x150.webp 150w, https:\/\/agora.xtec.cat\/ies-seros\/wp-content\/uploads\/usu323\/2024\/02\/IMG_20240131_183537_275-768x768.webp 768w, https:\/\/agora.xtec.cat\/ies-seros\/wp-content\/uploads\/usu323\/2024\/02\/IMG_20240131_183537_275.webp 1200w\" sizes=\"auto, (max-width: 1024px) 100vw, 1024px\" \/> <img loading=\"lazy\" decoding=\"async\" class=\"aligncenter size-large wp-image-8901\" src=\"https:\/\/agora.xtec.cat\/ies-seros\/wp-content\/uploads\/usu323\/2024\/02\/IMG_20240131_183537_481-1024x1024.webp\" alt=\"\" width=\"1024\" height=\"1024\" srcset=\"https:\/\/agora.xtec.cat\/ies-seros\/wp-content\/uploads\/usu323\/2024\/02\/IMG_20240131_183537_481-1024x1024.webp 1024w, https:\/\/agora.xtec.cat\/ies-seros\/wp-content\/uploads\/usu323\/2024\/02\/IMG_20240131_183537_481-300x300.webp 300w, https:\/\/agora.xtec.cat\/ies-seros\/wp-content\/uploads\/usu323\/2024\/02\/IMG_20240131_183537_481-150x150.webp 150w, https:\/\/agora.xtec.cat\/ies-seros\/wp-content\/uploads\/usu323\/2024\/02\/IMG_20240131_183537_481-768x768.webp 768w, https:\/\/agora.xtec.cat\/ies-seros\/wp-content\/uploads\/usu323\/2024\/02\/IMG_20240131_183537_481.webp 1200w\" sizes=\"auto, (max-width: 1024px) 100vw, 1024px\" \/><\/p>\n","protected":false},"excerpt":{"rendered":"<p>Avui el grup d&#8217;optativa de STEM2 ha acabat el seu projecte d&#8217;illes de calor penjant les jardineres verticals per fer de l&#8217;institut una illa verda. Han plantat diferents arom\u00e0tiques (Romero rastrer, tim\u00f3, tim\u00f3 c\u00edtric i Sajolida) amb l&#8217;objectiu de recolectar-les el curs vinent i fer&hellip;  <a href=\"https:\/\/agora.xtec.cat\/ies-seros\/eso-2\/jardineres-verticals-per-a-lilla-verda-ins-seros\/\" title=\"Read Jardineres verticals per a l&#8217;illa verda (Ins Ser\u00f2s)\">Llegeix m\u00e9s\u00bb<\/a><\/p>\n","protected":false},"author":1,"featured_media":8900,"comment_status":"open","ping_status":"closed","sticky":true,"template":"","format":"standard","meta":{"_bbp_topic_count":0,"_bbp_reply_count":0,"_bbp_total_topic_count":0,"_bbp_total_reply_count":0,"_bbp_voice_count":0,"_bbp_anonymous_reply_count":0,"_bbp_topic_count_hidden":0,"_bbp_reply_count_hidden":0,"_bbp_forum_subforum_count":0,"footnotes":""},"categories":[5,29],"tags":[],"class_list":["post-8898","post","type-post","status-publish","format-standard","has-post-thumbnail","hentry","category-eso-2","category-portada"],"post_mailing_queue_ids":[],"_links":{"self":[{"href":"https:\/\/agora.xtec.cat\/ies-seros\/wp-json\/wp\/v2\/posts\/8898","targetHints":{"allow":["GET"]}}],"collection":[{"href":"https:\/\/agora.xtec.cat\/ies-seros\/wp-json\/wp\/v2\/posts"}],"about":[{"href":"https:\/\/agora.xtec.cat\/ies-seros\/wp-json\/wp\/v2\/types\/post"}],"author":[{"embeddable":true,"href":"https:\/\/agora.xtec.cat\/ies-seros\/wp-json\/wp\/v2\/users\/1"}],"replies":[{"embeddable":true,"href":"https:\/\/agora.xtec.cat\/ies-seros\/wp-json\/wp\/v2\/comments?post=8898"}],"version-history":[{"count":1,"href":"https:\/\/agora.xtec.cat\/ies-seros\/wp-json\/wp\/v2\/posts\/8898\/revisions"}],"predecessor-version":[{"id":8902,"href":"https:\/\/agora.xtec.cat\/ies-seros\/wp-json\/wp\/v2\/posts\/8898\/revisions\/8902"}],"wp:featuredmedia":[{"embeddable":true,"href":"https:\/\/agora.xtec.cat\/ies-seros\/wp-json\/wp\/v2\/media\/8900"}],"wp:attachment":[{"href":"https:\/\/agora.xtec.cat\/ies-seros\/wp-json\/wp\/v2\/media?parent=8898"}],"wp:term":[{"taxonomy":"category","embeddable":true,"href":"https:\/\/agora.xtec.cat\/ies-seros\/wp-json\/wp\/v2\/categories?post=8898"},{"taxonomy":"post_tag","embeddable":true,"href":"https:\/\/agora.xtec.cat\/ies-seros\/wp-json\/wp\/v2\/tags?post=8898"}],"curies":[{"name":"wp","href":"https:\/\/api.w.org\/{rel}","templated":true}]}}