{"id":8777,"date":"2023-12-27T13:09:28","date_gmt":"2023-12-27T12:09:28","guid":{"rendered":"https:\/\/agora.xtec.cat\/ies-seros\/?p=8777"},"modified":"2023-12-27T13:11:14","modified_gmt":"2023-12-27T12:11:14","slug":"forum-descoles-verdes-de-secundaria-2023","status":"publish","type":"post","link":"https:\/\/agora.xtec.cat\/ies-seros\/general\/forum-descoles-verdes-de-secundaria-2023\/","title":{"rendered":"F\u00d2RUM D\u2019ESCOLES VERDES DE SECUND\u00c0RIA 2023. Salut Planet\u00e0ria."},"content":{"rendered":"<p>El 14 de desembre s\u2019ha dut a terme el <strong>F\u00f2rum d\u2019Escoles Verdes de Secund\u00e0ria<\/strong> a Balaguer, amb la tem\u00e0tica de la <strong>Salut Planet\u00e0ria<\/strong>. \u00c9s una trobada d\u2019intercanvi d\u2019experi\u00e8ncies entre l\u2019alumnat i el professorat d\u2019escoles verdes, en el que han participat \u00a014 centres m\u00e9s de la provincia de Lleida.<\/p>\n<p>Tant alumnat com professorat vam fer <strong>activitats i tallers<\/strong> durant tot el mat\u00ed. L\u2019alumnat va reflexionar com treballar la salut planet\u00e0ria, i el professorat com educar per un canvi global. Amb totes les idees, vam fer una reflexi\u00f3 final que es va convertir en un <strong>mural col\u00b7laboratiu \u201cEls valors de l\u2019Escola Verda\u201d<\/strong>.<\/p>\n<p><img loading=\"lazy\" decoding=\"async\" class=\"size-medium wp-image-8785 alignleft\" src=\"https:\/\/agora.xtec.cat\/ies-seros\/wp-content\/uploads\/usu323\/2023\/12\/IMG_20231214_095957_047-web-300x225.jpg\" alt=\"\" width=\"300\" height=\"225\" srcset=\"https:\/\/agora.xtec.cat\/ies-seros\/wp-content\/uploads\/usu323\/2023\/12\/IMG_20231214_095957_047-web-300x225.jpg 300w, https:\/\/agora.xtec.cat\/ies-seros\/wp-content\/uploads\/usu323\/2023\/12\/IMG_20231214_095957_047-web-200x150.jpg 200w, https:\/\/agora.xtec.cat\/ies-seros\/wp-content\/uploads\/usu323\/2023\/12\/IMG_20231214_095957_047-web.jpg 640w\" sizes=\"auto, (max-width: 300px) 100vw, 300px\" \/><\/p>\n<p><img loading=\"lazy\" decoding=\"async\" class=\"size-medium wp-image-8786 alignleft\" src=\"https:\/\/agora.xtec.cat\/ies-seros\/wp-content\/uploads\/usu323\/2023\/12\/IMG_20231214_103027_959-web-300x225.jpg\" alt=\"\" width=\"300\" height=\"225\" srcset=\"https:\/\/agora.xtec.cat\/ies-seros\/wp-content\/uploads\/usu323\/2023\/12\/IMG_20231214_103027_959-web-300x225.jpg 300w, https:\/\/agora.xtec.cat\/ies-seros\/wp-content\/uploads\/usu323\/2023\/12\/IMG_20231214_103027_959-web-200x150.jpg 200w, https:\/\/agora.xtec.cat\/ies-seros\/wp-content\/uploads\/usu323\/2023\/12\/IMG_20231214_103027_959-web.jpg 640w\" sizes=\"auto, (max-width: 300px) 100vw, 300px\" \/><\/p>\n<p><img loading=\"lazy\" decoding=\"async\" class=\"size-medium wp-image-8787 alignleft\" src=\"https:\/\/agora.xtec.cat\/ies-seros\/wp-content\/uploads\/usu323\/2023\/12\/IMG_20231214_151550_461-web-300x225.jpg\" alt=\"\" width=\"300\" height=\"225\" srcset=\"https:\/\/agora.xtec.cat\/ies-seros\/wp-content\/uploads\/usu323\/2023\/12\/IMG_20231214_151550_461-web-300x225.jpg 300w, https:\/\/agora.xtec.cat\/ies-seros\/wp-content\/uploads\/usu323\/2023\/12\/IMG_20231214_151550_461-web-200x150.jpg 200w, https:\/\/agora.xtec.cat\/ies-seros\/wp-content\/uploads\/usu323\/2023\/12\/IMG_20231214_151550_461-web.jpg 640w\" sizes=\"auto, (max-width: 300px) 100vw, 300px\" \/><\/p>\n<p><img loading=\"lazy\" decoding=\"async\" class=\"size-medium wp-image-8788 alignleft\" src=\"https:\/\/agora.xtec.cat\/ies-seros\/wp-content\/uploads\/usu323\/2023\/12\/IMG_20231214_151656_516-web-300x225.jpg\" alt=\"\" width=\"300\" height=\"225\" srcset=\"https:\/\/agora.xtec.cat\/ies-seros\/wp-content\/uploads\/usu323\/2023\/12\/IMG_20231214_151656_516-web-300x225.jpg 300w, https:\/\/agora.xtec.cat\/ies-seros\/wp-content\/uploads\/usu323\/2023\/12\/IMG_20231214_151656_516-web-200x150.jpg 200w, https:\/\/agora.xtec.cat\/ies-seros\/wp-content\/uploads\/usu323\/2023\/12\/IMG_20231214_151656_516-web.jpg 640w\" sizes=\"auto, (max-width: 300px) 100vw, 300px\" \/><\/p>\n<p><img loading=\"lazy\" decoding=\"async\" class=\"alignleft size-medium wp-image-8791\" src=\"https:\/\/agora.xtec.cat\/ies-seros\/wp-content\/uploads\/usu323\/2023\/12\/IMG-20231214-WA0012-web-300x225.jpg\" alt=\"\" width=\"300\" height=\"225\" srcset=\"https:\/\/agora.xtec.cat\/ies-seros\/wp-content\/uploads\/usu323\/2023\/12\/IMG-20231214-WA0012-web-300x225.jpg 300w, https:\/\/agora.xtec.cat\/ies-seros\/wp-content\/uploads\/usu323\/2023\/12\/IMG-20231214-WA0012-web-200x150.jpg 200w, https:\/\/agora.xtec.cat\/ies-seros\/wp-content\/uploads\/usu323\/2023\/12\/IMG-20231214-WA0012-web.jpg 640w\" sizes=\"auto, (max-width: 300px) 100vw, 300px\" \/> <img loading=\"lazy\" decoding=\"async\" class=\"alignleft size-medium wp-image-8792\" src=\"https:\/\/agora.xtec.cat\/ies-seros\/wp-content\/uploads\/usu323\/2023\/12\/IMG-20231214-WA0014-web-300x225.jpg\" alt=\"\" width=\"300\" height=\"225\" srcset=\"https:\/\/agora.xtec.cat\/ies-seros\/wp-content\/uploads\/usu323\/2023\/12\/IMG-20231214-WA0014-web-300x225.jpg 300w, https:\/\/agora.xtec.cat\/ies-seros\/wp-content\/uploads\/usu323\/2023\/12\/IMG-20231214-WA0014-web-1024x768.jpg 1024w, https:\/\/agora.xtec.cat\/ies-seros\/wp-content\/uploads\/usu323\/2023\/12\/IMG-20231214-WA0014-web-768x576.jpg 768w, https:\/\/agora.xtec.cat\/ies-seros\/wp-content\/uploads\/usu323\/2023\/12\/IMG-20231214-WA0014-web-1536x1152.jpg 1536w, https:\/\/agora.xtec.cat\/ies-seros\/wp-content\/uploads\/usu323\/2023\/12\/IMG-20231214-WA0014-web-200x150.jpg 200w, https:\/\/agora.xtec.cat\/ies-seros\/wp-content\/uploads\/usu323\/2023\/12\/IMG-20231214-WA0014-web.jpg 1600w\" sizes=\"auto, (max-width: 300px) 100vw, 300px\" \/><\/p>\n<p>&nbsp;<\/p>\n<p>&nbsp;<\/p>\n<p>&nbsp;<\/p>\n<p>&nbsp;<\/p>\n<p>&nbsp;<\/p>\n<p>&nbsp;<\/p>\n<p>&nbsp;<\/p>\n<p>&nbsp;<\/p>\n<p>&nbsp;<\/p>\n<p>&nbsp;<\/p>\n<p>&nbsp;<\/p>\n<p>&nbsp;<\/p>\n<p><img loading=\"lazy\" decoding=\"async\" class=\"alignleft wp-image-8784\" src=\"https:\/\/agora.xtec.cat\/ies-seros\/wp-content\/uploads\/usu323\/2023\/12\/IMG_20231214_153011_950-1-300x225.jpg\" alt=\"\" width=\"360\" height=\"270\" srcset=\"https:\/\/agora.xtec.cat\/ies-seros\/wp-content\/uploads\/usu323\/2023\/12\/IMG_20231214_153011_950-1-300x225.jpg 300w, https:\/\/agora.xtec.cat\/ies-seros\/wp-content\/uploads\/usu323\/2023\/12\/IMG_20231214_153011_950-1-1024x768.jpg 1024w, https:\/\/agora.xtec.cat\/ies-seros\/wp-content\/uploads\/usu323\/2023\/12\/IMG_20231214_153011_950-1-768x576.jpg 768w, https:\/\/agora.xtec.cat\/ies-seros\/wp-content\/uploads\/usu323\/2023\/12\/IMG_20231214_153011_950-1-1536x1152.jpg 1536w, https:\/\/agora.xtec.cat\/ies-seros\/wp-content\/uploads\/usu323\/2023\/12\/IMG_20231214_153011_950-1-2048x1536.jpg 2048w, https:\/\/agora.xtec.cat\/ies-seros\/wp-content\/uploads\/usu323\/2023\/12\/IMG_20231214_153011_950-1-200x150.jpg 200w\" sizes=\"auto, (max-width: 360px) 100vw, 360px\" \/><\/p>\n<p><img loading=\"lazy\" decoding=\"async\" class=\"size-medium wp-image-8790 alignleft\" src=\"https:\/\/agora.xtec.cat\/ies-seros\/wp-content\/uploads\/usu323\/2023\/12\/IMG_20231214_153729_588def-web-147x300.jpg\" alt=\"\" width=\"147\" height=\"300\" srcset=\"https:\/\/agora.xtec.cat\/ies-seros\/wp-content\/uploads\/usu323\/2023\/12\/IMG_20231214_153729_588def-web-147x300.jpg 147w, https:\/\/agora.xtec.cat\/ies-seros\/wp-content\/uploads\/usu323\/2023\/12\/IMG_20231214_153729_588def-web.jpg 314w\" sizes=\"auto, (max-width: 147px) 100vw, 147px\" \/><\/p>\n<p><img loading=\"lazy\" decoding=\"async\" class=\"alignleft wp-image-8789\" src=\"https:\/\/agora.xtec.cat\/ies-seros\/wp-content\/uploads\/usu323\/2023\/12\/IMG_20231214_153435_629-web-300x225.jpg\" alt=\"\" width=\"356\" height=\"267\" srcset=\"https:\/\/agora.xtec.cat\/ies-seros\/wp-content\/uploads\/usu323\/2023\/12\/IMG_20231214_153435_629-web-300x225.jpg 300w, https:\/\/agora.xtec.cat\/ies-seros\/wp-content\/uploads\/usu323\/2023\/12\/IMG_20231214_153435_629-web-200x150.jpg 200w, https:\/\/agora.xtec.cat\/ies-seros\/wp-content\/uploads\/usu323\/2023\/12\/IMG_20231214_153435_629-web.jpg 640w\" sizes=\"auto, (max-width: 356px) 100vw, 356px\" \/><\/p>\n<p>&nbsp;<\/p>\n<p>&nbsp;<\/p>\n<p>&nbsp;<\/p>\n<p>&nbsp;<\/p>\n<p>&nbsp;<\/p>\n<p>&nbsp;<\/p>\n<p>&nbsp;<\/p>\n<p>&nbsp;<\/p>\n<p>Cada centre presentava <strong>p\u00f2sters<\/strong> amb accions significatives que realitzen al seu centre, i amb tots ells es va fer una <strong>\u201cFira de projectes\u201d<\/strong>. Nosaltres present\u00e0vem un p\u00f2ster titulat<strong> \u201cQuan les Rs passen a ser el 1r objectiu\u201d<\/strong>, de la tem\u00e0tica <strong>Reducci\u00f3 de residus i Consum sostenible,<\/strong> on resumim totes les nostres accions, incloent-ne les noves, classificades en els <strong>3 eixos principals<\/strong> que treballem:<\/p>\n<ol>\n<li>Gesti\u00f3 de residus i consum sostenible i saludable<\/li>\n<li>Millora de l\u2019entorn<\/li>\n<li>Prendre consci\u00e8ncia de l\u2019Emerg\u00e8ncia clim\u00e0tica<\/li>\n<\/ol>\n<p>A m\u00e9s, present\u00e0vem un p\u00f2ster amb les <strong>accions de m\u00e9s impacte<\/strong> del 1r i del 2n eix:<\/p>\n<ul>\n<li>El 1r Mercat d\u2019intercanvi de roba de 2\u00aa m\u00e0<\/li>\n<li>Programa Let\u2019s Clean up Europe- Plogging INS Ser\u00f2s i Baix Segri\u00e0<\/li>\n<\/ul>\n<p><img loading=\"lazy\" decoding=\"async\" class=\"aligncenter size-full wp-image-8793\" src=\"https:\/\/agora.xtec.cat\/ies-seros\/wp-content\/uploads\/usu323\/2023\/12\/Poster-Mercat-i-Plogging-Forum-EV-Des23-web.jpg\" alt=\"\" width=\"640\" height=\"453\" srcset=\"https:\/\/agora.xtec.cat\/ies-seros\/wp-content\/uploads\/usu323\/2023\/12\/Poster-Mercat-i-Plogging-Forum-EV-Des23-web.jpg 640w, https:\/\/agora.xtec.cat\/ies-seros\/wp-content\/uploads\/usu323\/2023\/12\/Poster-Mercat-i-Plogging-Forum-EV-Des23-web-300x212.jpg 300w\" sizes=\"auto, (max-width: 640px) 100vw, 640px\" \/><\/p>\n<p>Aquest espai d\u2019intercanvi tant enriquidor ens motiva per continuar amb la nostra feina, emprendre noves accions i establir col\u00b7laboracions. Comprovem que tots treballem amb un mateix objectiu global, per\u00f2 que ho podem fer de moltes maneres.<\/p>\n<p>Paral\u00b7lelament, es va aprofitar l\u2019ocasi\u00f3 de la celebraci\u00f3 del f\u00f2rum per fer el <a href=\"https:\/\/mediambient.gencat.cat\/ca\/05_ambits_dactuacio\/educacio_i_sostenibilitat\/premis\/premi_escoles_verdes\/premiats-2023\/\"><strong>l<\/strong><strong>liurament del Premi Escoles Verdes 2023<\/strong><\/a> als centres guanyadors de les 3 categories: reconeixement a una traject\u00f2ria continuada, a una\u00a0actuaci\u00f3 singular o a un\u00a0treball en xarxa. El nostre centre ha estat el guanyador del premi m\u00e9s rellevant, el del <strong>reconeixement a una\u00a0traject\u00f2ria de millora continuada<\/strong>\u00a0en el proc\u00e9s d\u2019ambientalitzaci\u00f3 integral del centre i en la implicaci\u00f3 en la millora del seu entorn.<\/p>\n<p><img loading=\"lazy\" decoding=\"async\" class=\"aligncenter size-full wp-image-8796\" src=\"https:\/\/agora.xtec.cat\/ies-seros\/wp-content\/uploads\/usu323\/2023\/12\/IMG-20231214-WA0013-web-1.jpg\" alt=\"\" width=\"597\" height=\"274\" srcset=\"https:\/\/agora.xtec.cat\/ies-seros\/wp-content\/uploads\/usu323\/2023\/12\/IMG-20231214-WA0013-web-1.jpg 597w, https:\/\/agora.xtec.cat\/ies-seros\/wp-content\/uploads\/usu323\/2023\/12\/IMG-20231214-WA0013-web-1-300x138.jpg 300w\" sizes=\"auto, (max-width: 597px) 100vw, 597px\" \/><\/p>\n<p>&nbsp;<\/p>\n<p>Despr\u00e9s de 20 anys d\u2019avan\u00e7ar i millorar com a Escola Verda podem observar els fruits de la nostra traject\u00f2ria. <strong>Una traject\u00f2ria \u201cCap a un INS Ser\u00f2s m\u00e9s sostenible!\u201d<\/strong>, la nostra lluita constant i incansable durant la que el centre s&#8217;ha anat ambientalitzant i cada cop estem m\u00e9s a prop de ser i tenir un institut i un entorn m\u00e9s sostenible.<\/p>\n<p>Volem i treballem per <strong>implicar a tota la comunitat educativa<\/strong>, i aix\u00ed aconseguir la clau de la consci\u00e8ncia i que tots junts caminem per aconseguir grans canvis vers un entorn m\u00e9s sostenible i amb just\u00edcia ecosocial.<\/p>\n<p>Sabem que \u00e9s imprescindible un <strong>canvi en la conducta de tota la societat<\/strong> per a frenar les conseq\u00fc\u00e8ncies de les actituds mediambientalment poc conscients. I \u00e9s gr\u00e0cies a actuacions com les de la nostra comunitat educativa, on es demostra que <strong>cooperant<\/strong> \u00e9s possible millorar el nostre entorn. La col\u00b7laboraci\u00f3 amb els ajuntaments, entitats i escoles ens enriqueix i desitgem que aquests ajuntaments, aquestes entitats i aquestes escoles, estiguin orgulloses de l\u2019acci\u00f3 comunit\u00e0ria que el nostre alumnat va construint.<\/p>\n<p>Tot i que hem aconseguit moltes fites, som conscients que <strong>hem de continuar treballant<\/strong> per seguir millorant el local i aconseguir la meta del global. Aix\u00ed doncs, <strong>continuarem el nostre comprom\u00eds<\/strong> treballant i \u201clluitant\u201d per la sostenibilitat, incorporant noves idees i promovent col\u00b7laboracions dins i fora del centre.<\/p>\n","protected":false},"excerpt":{"rendered":"<p>El 14 de desembre s\u2019ha dut a terme el F\u00f2rum d\u2019Escoles Verdes de Secund\u00e0ria a Balaguer, amb la tem\u00e0tica de la Salut Planet\u00e0ria. \u00c9s una trobada d\u2019intercanvi d\u2019experi\u00e8ncies entre l\u2019alumnat i el professorat d\u2019escoles verdes, en el que han participat \u00a014 centres m\u00e9s de la&hellip;  <a href=\"https:\/\/agora.xtec.cat\/ies-seros\/general\/forum-descoles-verdes-de-secundaria-2023\/\" title=\"Read F\u00d2RUM D\u2019ESCOLES VERDES DE SECUND\u00c0RIA 2023. Salut Planet\u00e0ria.\">Llegeix m\u00e9s\u00bb<\/a><\/p>\n","protected":false},"author":42,"featured_media":8793,"comment_status":"open","ping_status":"closed","sticky":true,"template":"","format":"standard","meta":{"_bbp_topic_count":0,"_bbp_reply_count":0,"_bbp_total_topic_count":0,"_bbp_total_reply_count":0,"_bbp_voice_count":0,"_bbp_anonymous_reply_count":0,"_bbp_topic_count_hidden":0,"_bbp_reply_count_hidden":0,"_bbp_forum_subforum_count":0,"footnotes":""},"categories":[116,1,29],"tags":[416,415],"class_list":["post-8777","post","type-post","status-publish","format-standard","has-post-thumbnail","hentry","category-escola-verda","category-general","category-portada","tag-actuax25","tag-escolesverdes25"],"post_mailing_queue_ids":[],"_links":{"self":[{"href":"https:\/\/agora.xtec.cat\/ies-seros\/wp-json\/wp\/v2\/posts\/8777","targetHints":{"allow":["GET"]}}],"collection":[{"href":"https:\/\/agora.xtec.cat\/ies-seros\/wp-json\/wp\/v2\/posts"}],"about":[{"href":"https:\/\/agora.xtec.cat\/ies-seros\/wp-json\/wp\/v2\/types\/post"}],"author":[{"embeddable":true,"href":"https:\/\/agora.xtec.cat\/ies-seros\/wp-json\/wp\/v2\/users\/42"}],"replies":[{"embeddable":true,"href":"https:\/\/agora.xtec.cat\/ies-seros\/wp-json\/wp\/v2\/comments?post=8777"}],"version-history":[{"count":4,"href":"https:\/\/agora.xtec.cat\/ies-seros\/wp-json\/wp\/v2\/posts\/8777\/revisions"}],"predecessor-version":[{"id":8800,"href":"https:\/\/agora.xtec.cat\/ies-seros\/wp-json\/wp\/v2\/posts\/8777\/revisions\/8800"}],"wp:featuredmedia":[{"embeddable":true,"href":"https:\/\/agora.xtec.cat\/ies-seros\/wp-json\/wp\/v2\/media\/8793"}],"wp:attachment":[{"href":"https:\/\/agora.xtec.cat\/ies-seros\/wp-json\/wp\/v2\/media?parent=8777"}],"wp:term":[{"taxonomy":"category","embeddable":true,"href":"https:\/\/agora.xtec.cat\/ies-seros\/wp-json\/wp\/v2\/categories?post=8777"},{"taxonomy":"post_tag","embeddable":true,"href":"https:\/\/agora.xtec.cat\/ies-seros\/wp-json\/wp\/v2\/tags?post=8777"}],"curies":[{"name":"wp","href":"https:\/\/api.w.org\/{rel}","templated":true}]}}