{"id":8669,"date":"2023-12-17T20:05:55","date_gmt":"2023-12-17T19:05:55","guid":{"rendered":"https:\/\/agora.xtec.cat\/ies-seros\/?p=8669"},"modified":"2025-01-24T19:35:07","modified_gmt":"2025-01-24T18:35:07","slug":"xv-setmana-europea-de-prevencio-de-residus-2023","status":"publish","type":"post","link":"https:\/\/agora.xtec.cat\/ies-seros\/general\/xv-setmana-europea-de-prevencio-de-residus-2023\/","title":{"rendered":"XV SETMANA EUROPEA DE PREVENCI\u00d3 DE RESIDUS 2023"},"content":{"rendered":"<p style=\"text-align: center;\"><strong>ENVASOS, NO T\u2019EMBOLIQUIS!! (18-26 novembre)<\/strong><\/p>\n<p style=\"text-align: center;\"><strong><em>El millor residu \u00e9s el que no es genera!!<\/em><\/strong><\/p>\n<p>Enguany durant la <strong>SEPR<\/strong> reivindiquem la reducci\u00f3 de residus pl\u00e0stics mitjan\u00e7ant una petita acci\u00f3 simb\u00f2lica al pati.\u00a0 La tem\u00e0tica \u00e9s \u201c<strong>ENVASOS<\/strong>\u201d, i per aix\u00f2 omplim les lletres d\u2019aquesta paraula amb els embolcalls dels nostres propis esmorzars, tant als barracons com a l\u2019edifici. Quina reflexi\u00f3 en fem despr\u00e9s d\u2019observar els resultats? N\u2019estem satisfets o ho podem fer millor?<\/p>\n<p>Per una altra banda, fem la 6\u00aa edici\u00f3 del projecte tecnol\u00f2gic de 1r d\u2019ESO<strong> per l\u2019elaboraci\u00f3 d\u2019embolcalls sostenibles pels esmorzars<\/strong>. Unes padrines encantadores ens han donat un cop de m\u00e0 per cosir-los a m\u00e0quina. Properament un jurat triar\u00e0 els m\u00e9s ben elaborats&#8230;.<\/p>\n<p>D\u2019aquesta manera, es continua impulsant la <strong>reducci\u00f3 de residus<\/strong> al centre i es fa el seguiment del <strong>repte \u201cEsmorzars sostenibles i saludables\u201d<\/strong>. Ens impliquem tots!!<img loading=\"lazy\" decoding=\"async\" class=\"aligncenter size-medium wp-image-8670\" src=\"https:\/\/agora.xtec.cat\/ies-seros\/wp-content\/uploads\/usu323\/2023\/12\/ENvasos-cartell-SEPR-23-300x225.jpg\" alt=\"\" width=\"300\" height=\"225\" srcset=\"https:\/\/agora.xtec.cat\/ies-seros\/wp-content\/uploads\/usu323\/2023\/12\/ENvasos-cartell-SEPR-23-300x225.jpg 300w, https:\/\/agora.xtec.cat\/ies-seros\/wp-content\/uploads\/usu323\/2023\/12\/ENvasos-cartell-SEPR-23-1024x768.jpg 1024w, https:\/\/agora.xtec.cat\/ies-seros\/wp-content\/uploads\/usu323\/2023\/12\/ENvasos-cartell-SEPR-23-768x576.jpg 768w, https:\/\/agora.xtec.cat\/ies-seros\/wp-content\/uploads\/usu323\/2023\/12\/ENvasos-cartell-SEPR-23-1536x1152.jpg 1536w, https:\/\/agora.xtec.cat\/ies-seros\/wp-content\/uploads\/usu323\/2023\/12\/ENvasos-cartell-SEPR-23-200x150.jpg 200w, https:\/\/agora.xtec.cat\/ies-seros\/wp-content\/uploads\/usu323\/2023\/12\/ENvasos-cartell-SEPR-23.jpg 2048w\" sizes=\"auto, (max-width: 300px) 100vw, 300px\" \/> <img loading=\"lazy\" decoding=\"async\" class=\"size-medium wp-image-8671 alignleft\" src=\"https:\/\/agora.xtec.cat\/ies-seros\/wp-content\/uploads\/usu323\/2023\/12\/ENvasos-E-SEPR-23-225x300.jpg\" alt=\"\" width=\"225\" height=\"300\" srcset=\"https:\/\/agora.xtec.cat\/ies-seros\/wp-content\/uploads\/usu323\/2023\/12\/ENvasos-E-SEPR-23-225x300.jpg 225w, https:\/\/agora.xtec.cat\/ies-seros\/wp-content\/uploads\/usu323\/2023\/12\/ENvasos-E-SEPR-23-768x1024.jpg 768w, https:\/\/agora.xtec.cat\/ies-seros\/wp-content\/uploads\/usu323\/2023\/12\/ENvasos-E-SEPR-23-1152x1536.jpg 1152w, https:\/\/agora.xtec.cat\/ies-seros\/wp-content\/uploads\/usu323\/2023\/12\/ENvasos-E-SEPR-23.jpg 1500w\" sizes=\"auto, (max-width: 225px) 100vw, 225px\" \/><\/p>\n<p><img loading=\"lazy\" decoding=\"async\" class=\"size-medium wp-image-8676 alignleft\" src=\"https:\/\/agora.xtec.cat\/ies-seros\/wp-content\/uploads\/usu323\/2023\/12\/1rB-cosint-web-300x225.jpg\" alt=\"\" width=\"300\" height=\"225\" srcset=\"https:\/\/agora.xtec.cat\/ies-seros\/wp-content\/uploads\/usu323\/2023\/12\/1rB-cosint-web-300x225.jpg 300w, https:\/\/agora.xtec.cat\/ies-seros\/wp-content\/uploads\/usu323\/2023\/12\/1rB-cosint-web-1024x768.jpg 1024w, https:\/\/agora.xtec.cat\/ies-seros\/wp-content\/uploads\/usu323\/2023\/12\/1rB-cosint-web-768x576.jpg 768w, https:\/\/agora.xtec.cat\/ies-seros\/wp-content\/uploads\/usu323\/2023\/12\/1rB-cosint-web-1536x1152.jpg 1536w, https:\/\/agora.xtec.cat\/ies-seros\/wp-content\/uploads\/usu323\/2023\/12\/1rB-cosint-web-200x150.jpg 200w, https:\/\/agora.xtec.cat\/ies-seros\/wp-content\/uploads\/usu323\/2023\/12\/1rB-cosint-web.jpg 1600w\" sizes=\"auto, (max-width: 300px) 100vw, 300px\" \/> <img loading=\"lazy\" decoding=\"async\" class=\"size-medium wp-image-8677 alignleft\" src=\"https:\/\/agora.xtec.cat\/ies-seros\/wp-content\/uploads\/usu323\/2023\/12\/1rC-cosint2-web-300x225.jpg\" alt=\"\" width=\"300\" height=\"225\" srcset=\"https:\/\/agora.xtec.cat\/ies-seros\/wp-content\/uploads\/usu323\/2023\/12\/1rC-cosint2-web-300x225.jpg 300w, https:\/\/agora.xtec.cat\/ies-seros\/wp-content\/uploads\/usu323\/2023\/12\/1rC-cosint2-web-1024x768.jpg 1024w, https:\/\/agora.xtec.cat\/ies-seros\/wp-content\/uploads\/usu323\/2023\/12\/1rC-cosint2-web-768x576.jpg 768w, https:\/\/agora.xtec.cat\/ies-seros\/wp-content\/uploads\/usu323\/2023\/12\/1rC-cosint2-web-1536x1152.jpg 1536w, https:\/\/agora.xtec.cat\/ies-seros\/wp-content\/uploads\/usu323\/2023\/12\/1rC-cosint2-web-200x150.jpg 200w, https:\/\/agora.xtec.cat\/ies-seros\/wp-content\/uploads\/usu323\/2023\/12\/1rC-cosint2-web.jpg 2016w\" sizes=\"auto, (max-width: 300px) 100vw, 300px\" \/> <img loading=\"lazy\" decoding=\"async\" class=\"size-medium wp-image-8678 alignleft\" src=\"https:\/\/agora.xtec.cat\/ies-seros\/wp-content\/uploads\/usu323\/2023\/12\/1rC-cosint-web-300x225.jpg\" alt=\"\" width=\"300\" height=\"225\" srcset=\"https:\/\/agora.xtec.cat\/ies-seros\/wp-content\/uploads\/usu323\/2023\/12\/1rC-cosint-web-300x225.jpg 300w, https:\/\/agora.xtec.cat\/ies-seros\/wp-content\/uploads\/usu323\/2023\/12\/1rC-cosint-web-1024x768.jpg 1024w, https:\/\/agora.xtec.cat\/ies-seros\/wp-content\/uploads\/usu323\/2023\/12\/1rC-cosint-web-768x576.jpg 768w, https:\/\/agora.xtec.cat\/ies-seros\/wp-content\/uploads\/usu323\/2023\/12\/1rC-cosint-web-1536x1152.jpg 1536w, https:\/\/agora.xtec.cat\/ies-seros\/wp-content\/uploads\/usu323\/2023\/12\/1rC-cosint-web-200x150.jpg 200w, https:\/\/agora.xtec.cat\/ies-seros\/wp-content\/uploads\/usu323\/2023\/12\/1rC-cosint-web.jpg 2016w\" sizes=\"auto, (max-width: 300px) 100vw, 300px\" \/> <img loading=\"lazy\" decoding=\"async\" class=\"size-medium wp-image-8683 alignleft\" src=\"https:\/\/agora.xtec.cat\/ies-seros\/wp-content\/uploads\/usu323\/2023\/12\/Fent-embolcall5-web-225x300.jpg\" alt=\"\" width=\"225\" height=\"300\" srcset=\"https:\/\/agora.xtec.cat\/ies-seros\/wp-content\/uploads\/usu323\/2023\/12\/Fent-embolcall5-web-225x300.jpg 225w, https:\/\/agora.xtec.cat\/ies-seros\/wp-content\/uploads\/usu323\/2023\/12\/Fent-embolcall5-web-768x1024.jpg 768w, https:\/\/agora.xtec.cat\/ies-seros\/wp-content\/uploads\/usu323\/2023\/12\/Fent-embolcall5-web-1152x1536.jpg 1152w, https:\/\/agora.xtec.cat\/ies-seros\/wp-content\/uploads\/usu323\/2023\/12\/Fent-embolcall5-web.jpg 1512w\" sizes=\"auto, (max-width: 225px) 100vw, 225px\" \/> <img loading=\"lazy\" decoding=\"async\" class=\"size-medium wp-image-8691 alignleft\" src=\"https:\/\/agora.xtec.cat\/ies-seros\/wp-content\/uploads\/usu323\/2023\/12\/Josep-cosint-web-225x300.jpg\" alt=\"\" width=\"225\" height=\"300\" srcset=\"https:\/\/agora.xtec.cat\/ies-seros\/wp-content\/uploads\/usu323\/2023\/12\/Josep-cosint-web-225x300.jpg 225w, https:\/\/agora.xtec.cat\/ies-seros\/wp-content\/uploads\/usu323\/2023\/12\/Josep-cosint-web-768x1024.jpg 768w, https:\/\/agora.xtec.cat\/ies-seros\/wp-content\/uploads\/usu323\/2023\/12\/Josep-cosint-web-1152x1536.jpg 1152w, https:\/\/agora.xtec.cat\/ies-seros\/wp-content\/uploads\/usu323\/2023\/12\/Josep-cosint-web.jpg 1512w\" sizes=\"auto, (max-width: 225px) 100vw, 225px\" \/><\/p>\n<p><img loading=\"lazy\" decoding=\"async\" class=\"size-medium wp-image-8672 alignleft\" src=\"https:\/\/agora.xtec.cat\/ies-seros\/wp-content\/uploads\/usu323\/2023\/12\/Foto-de-Merce-Lopez-1-300x225.jpg\" alt=\"\" width=\"300\" height=\"225\" srcset=\"https:\/\/agora.xtec.cat\/ies-seros\/wp-content\/uploads\/usu323\/2023\/12\/Foto-de-Merce-Lopez-1-300x225.jpg 300w, https:\/\/agora.xtec.cat\/ies-seros\/wp-content\/uploads\/usu323\/2023\/12\/Foto-de-Merce-Lopez-1-1024x768.jpg 1024w, https:\/\/agora.xtec.cat\/ies-seros\/wp-content\/uploads\/usu323\/2023\/12\/Foto-de-Merce-Lopez-1-768x576.jpg 768w, https:\/\/agora.xtec.cat\/ies-seros\/wp-content\/uploads\/usu323\/2023\/12\/Foto-de-Merce-Lopez-1-1536x1152.jpg 1536w, https:\/\/agora.xtec.cat\/ies-seros\/wp-content\/uploads\/usu323\/2023\/12\/Foto-de-Merce-Lopez-1-200x150.jpg 200w, https:\/\/agora.xtec.cat\/ies-seros\/wp-content\/uploads\/usu323\/2023\/12\/Foto-de-Merce-Lopez-1.jpg 2016w\" sizes=\"auto, (max-width: 300px) 100vw, 300px\" \/> <img loading=\"lazy\" decoding=\"async\" class=\"size-medium wp-image-8674 alignleft\" src=\"https:\/\/agora.xtec.cat\/ies-seros\/wp-content\/uploads\/usu323\/2023\/12\/Foto-de-Merce-Lopez-4-300x225.jpg\" alt=\"\" width=\"300\" height=\"225\" srcset=\"https:\/\/agora.xtec.cat\/ies-seros\/wp-content\/uploads\/usu323\/2023\/12\/Foto-de-Merce-Lopez-4-300x225.jpg 300w, https:\/\/agora.xtec.cat\/ies-seros\/wp-content\/uploads\/usu323\/2023\/12\/Foto-de-Merce-Lopez-4-1024x768.jpg 1024w, https:\/\/agora.xtec.cat\/ies-seros\/wp-content\/uploads\/usu323\/2023\/12\/Foto-de-Merce-Lopez-4-768x576.jpg 768w, https:\/\/agora.xtec.cat\/ies-seros\/wp-content\/uploads\/usu323\/2023\/12\/Foto-de-Merce-Lopez-4-1536x1152.jpg 1536w, https:\/\/agora.xtec.cat\/ies-seros\/wp-content\/uploads\/usu323\/2023\/12\/Foto-de-Merce-Lopez-4-200x150.jpg 200w, https:\/\/agora.xtec.cat\/ies-seros\/wp-content\/uploads\/usu323\/2023\/12\/Foto-de-Merce-Lopez-4.jpg 2016w\" sizes=\"auto, (max-width: 300px) 100vw, 300px\" \/><\/p>\n","protected":false},"excerpt":{"rendered":"<p>ENVASOS, NO T\u2019EMBOLIQUIS!! (18-26 novembre)<br \/>\nEl millor residu \u00e9s el que no es genera!!<br \/>\nEnguany durant la SEPR reivindiquem la reducci\u00f3 de residus pl\u00e0stics mitjan\u00e7ant una petita acci\u00f3 simb\u00f2lica al pati.\u00a0 La tem\u00e0tica \u00e9s \u201cENVASOS\u201d, i per aix\u00f2 omplim les lletres d\u2019aquesta paraula amb els embolcalls dels&hellip;  <a href=\"https:\/\/agora.xtec.cat\/ies-seros\/general\/xv-setmana-europea-de-prevencio-de-residus-2023\/\" title=\"Read XV SETMANA EUROPEA DE PREVENCI\u00d3 DE RESIDUS 2023\">Llegeix m\u00e9s\u00bb<\/a><\/p>\n","protected":false},"author":42,"featured_media":8670,"comment_status":"open","ping_status":"closed","sticky":true,"template":"","format":"standard","meta":{"_bbp_topic_count":0,"_bbp_reply_count":0,"_bbp_total_topic_count":0,"_bbp_total_reply_count":0,"_bbp_voice_count":0,"_bbp_anonymous_reply_count":0,"_bbp_topic_count_hidden":0,"_bbp_reply_count_hidden":0,"_bbp_forum_subforum_count":0,"footnotes":""},"categories":[116,1,29],"tags":[415,411,412],"class_list":["post-8669","post","type-post","status-publish","format-standard","has-post-thumbnail","hentry","category-escola-verda","category-general","category-portada","tag-escolesverdes25","tag-ewwr2023-packaging","tag-notemboliquis"],"post_mailing_queue_ids":[],"_links":{"self":[{"href":"https:\/\/agora.xtec.cat\/ies-seros\/wp-json\/wp\/v2\/posts\/8669","targetHints":{"allow":["GET"]}}],"collection":[{"href":"https:\/\/agora.xtec.cat\/ies-seros\/wp-json\/wp\/v2\/posts"}],"about":[{"href":"https:\/\/agora.xtec.cat\/ies-seros\/wp-json\/wp\/v2\/types\/post"}],"author":[{"embeddable":true,"href":"https:\/\/agora.xtec.cat\/ies-seros\/wp-json\/wp\/v2\/users\/42"}],"replies":[{"embeddable":true,"href":"https:\/\/agora.xtec.cat\/ies-seros\/wp-json\/wp\/v2\/comments?post=8669"}],"version-history":[{"count":2,"href":"https:\/\/agora.xtec.cat\/ies-seros\/wp-json\/wp\/v2\/posts\/8669\/revisions"}],"predecessor-version":[{"id":8697,"href":"https:\/\/agora.xtec.cat\/ies-seros\/wp-json\/wp\/v2\/posts\/8669\/revisions\/8697"}],"wp:featuredmedia":[{"embeddable":true,"href":"https:\/\/agora.xtec.cat\/ies-seros\/wp-json\/wp\/v2\/media\/8670"}],"wp:attachment":[{"href":"https:\/\/agora.xtec.cat\/ies-seros\/wp-json\/wp\/v2\/media?parent=8669"}],"wp:term":[{"taxonomy":"category","embeddable":true,"href":"https:\/\/agora.xtec.cat\/ies-seros\/wp-json\/wp\/v2\/categories?post=8669"},{"taxonomy":"post_tag","embeddable":true,"href":"https:\/\/agora.xtec.cat\/ies-seros\/wp-json\/wp\/v2\/tags?post=8669"}],"curies":[{"name":"wp","href":"https:\/\/api.w.org\/{rel}","templated":true}]}}