{"id":8649,"date":"2023-12-14T09:21:41","date_gmt":"2023-12-14T08:21:41","guid":{"rendered":"https:\/\/agora.xtec.cat\/ies-seros\/?p=8649"},"modified":"2023-12-21T23:54:37","modified_gmt":"2023-12-21T22:54:37","slug":"generacio-plurilingue-a-4t-eso-danca-escossesa","status":"publish","type":"post","link":"https:\/\/agora.xtec.cat\/ies-seros\/eso-4\/generacio-plurilingue-a-4t-eso-danca-escossesa\/","title":{"rendered":"Generaci\u00f3 pluriling\u00fce a 4t ESO: danses escoceses"},"content":{"rendered":"<p>L\u2019institut forma part del Programa de Generaci\u00f3 Pluriling\u00fce i durant aquestes setmanes s\u2019han organitzat diferents tallers per a cada curs per fomentar l\u2019\u00fas de la llengua anglesa. Celebrem un &#8220;ceilidh&#8221; (festa escocesa) de la m\u00e0 de David Vivanco. Hem ballat i hem apr\u00e8s sobre la cultura escocesa. Superdivertit!<\/p>\n<p><img loading=\"lazy\" decoding=\"async\" class=\"aligncenter size-large wp-image-8650\" src=\"https:\/\/agora.xtec.cat\/ies-seros\/wp-content\/uploads\/usu323\/2023\/12\/WhatsApp-Image-2023-12-11-at-07.56.58-4-1024x769.jpeg\" alt=\"\" width=\"1024\" height=\"769\" srcset=\"https:\/\/agora.xtec.cat\/ies-seros\/wp-content\/uploads\/usu323\/2023\/12\/WhatsApp-Image-2023-12-11-at-07.56.58-4-1024x769.jpeg 1024w, https:\/\/agora.xtec.cat\/ies-seros\/wp-content\/uploads\/usu323\/2023\/12\/WhatsApp-Image-2023-12-11-at-07.56.58-4-300x225.jpeg 300w, https:\/\/agora.xtec.cat\/ies-seros\/wp-content\/uploads\/usu323\/2023\/12\/WhatsApp-Image-2023-12-11-at-07.56.58-4-768x576.jpeg 768w, https:\/\/agora.xtec.cat\/ies-seros\/wp-content\/uploads\/usu323\/2023\/12\/WhatsApp-Image-2023-12-11-at-07.56.58-4-1536x1153.jpeg 1536w, https:\/\/agora.xtec.cat\/ies-seros\/wp-content\/uploads\/usu323\/2023\/12\/WhatsApp-Image-2023-12-11-at-07.56.58-4-200x150.jpeg 200w, https:\/\/agora.xtec.cat\/ies-seros\/wp-content\/uploads\/usu323\/2023\/12\/WhatsApp-Image-2023-12-11-at-07.56.58-4.jpeg 2048w\" sizes=\"auto, (max-width: 1024px) 100vw, 1024px\" \/> <img loading=\"lazy\" decoding=\"async\" class=\"aligncenter size-large wp-image-8651\" src=\"https:\/\/agora.xtec.cat\/ies-seros\/wp-content\/uploads\/usu323\/2023\/12\/WhatsApp-Image-2023-12-11-at-07.56.58-5-1024x769.jpeg\" alt=\"\" width=\"1024\" height=\"769\" srcset=\"https:\/\/agora.xtec.cat\/ies-seros\/wp-content\/uploads\/usu323\/2023\/12\/WhatsApp-Image-2023-12-11-at-07.56.58-5-1024x769.jpeg 1024w, https:\/\/agora.xtec.cat\/ies-seros\/wp-content\/uploads\/usu323\/2023\/12\/WhatsApp-Image-2023-12-11-at-07.56.58-5-300x225.jpeg 300w, https:\/\/agora.xtec.cat\/ies-seros\/wp-content\/uploads\/usu323\/2023\/12\/WhatsApp-Image-2023-12-11-at-07.56.58-5-768x576.jpeg 768w, https:\/\/agora.xtec.cat\/ies-seros\/wp-content\/uploads\/usu323\/2023\/12\/WhatsApp-Image-2023-12-11-at-07.56.58-5-1536x1153.jpeg 1536w, https:\/\/agora.xtec.cat\/ies-seros\/wp-content\/uploads\/usu323\/2023\/12\/WhatsApp-Image-2023-12-11-at-07.56.58-5-200x150.jpeg 200w, https:\/\/agora.xtec.cat\/ies-seros\/wp-content\/uploads\/usu323\/2023\/12\/WhatsApp-Image-2023-12-11-at-07.56.58-5.jpeg 2048w\" sizes=\"auto, (max-width: 1024px) 100vw, 1024px\" \/><\/p>\n","protected":false},"excerpt":{"rendered":"<p>L\u2019institut forma part del Programa de Generaci\u00f3 Pluriling\u00fce i durant aquestes setmanes s\u2019han organitzat diferents tallers per a cada curs per fomentar l\u2019\u00fas de la llengua anglesa. Celebrem un &#8220;ceilidh&#8221; (festa escocesa) de la m\u00e0 de David Vivanco. Hem ballat i hem apr\u00e8s sobre la&hellip;  <a href=\"https:\/\/agora.xtec.cat\/ies-seros\/eso-4\/generacio-plurilingue-a-4t-eso-danca-escossesa\/\" title=\"Read Generaci\u00f3 pluriling\u00fce a 4t ESO: danses escoceses\">Llegeix m\u00e9s\u00bb<\/a><\/p>\n","protected":false},"author":1,"featured_media":8650,"comment_status":"open","ping_status":"closed","sticky":true,"template":"","format":"standard","meta":{"_bbp_topic_count":0,"_bbp_reply_count":0,"_bbp_total_topic_count":0,"_bbp_total_reply_count":0,"_bbp_voice_count":0,"_bbp_anonymous_reply_count":0,"_bbp_topic_count_hidden":0,"_bbp_reply_count_hidden":0,"_bbp_forum_subforum_count":0,"footnotes":""},"categories":[7,29],"tags":[],"class_list":["post-8649","post","type-post","status-publish","format-standard","has-post-thumbnail","hentry","category-eso-4","category-portada"],"post_mailing_queue_ids":[],"_links":{"self":[{"href":"https:\/\/agora.xtec.cat\/ies-seros\/wp-json\/wp\/v2\/posts\/8649","targetHints":{"allow":["GET"]}}],"collection":[{"href":"https:\/\/agora.xtec.cat\/ies-seros\/wp-json\/wp\/v2\/posts"}],"about":[{"href":"https:\/\/agora.xtec.cat\/ies-seros\/wp-json\/wp\/v2\/types\/post"}],"author":[{"embeddable":true,"href":"https:\/\/agora.xtec.cat\/ies-seros\/wp-json\/wp\/v2\/users\/1"}],"replies":[{"embeddable":true,"href":"https:\/\/agora.xtec.cat\/ies-seros\/wp-json\/wp\/v2\/comments?post=8649"}],"version-history":[{"count":3,"href":"https:\/\/agora.xtec.cat\/ies-seros\/wp-json\/wp\/v2\/posts\/8649\/revisions"}],"predecessor-version":[{"id":8720,"href":"https:\/\/agora.xtec.cat\/ies-seros\/wp-json\/wp\/v2\/posts\/8649\/revisions\/8720"}],"wp:featuredmedia":[{"embeddable":true,"href":"https:\/\/agora.xtec.cat\/ies-seros\/wp-json\/wp\/v2\/media\/8650"}],"wp:attachment":[{"href":"https:\/\/agora.xtec.cat\/ies-seros\/wp-json\/wp\/v2\/media?parent=8649"}],"wp:term":[{"taxonomy":"category","embeddable":true,"href":"https:\/\/agora.xtec.cat\/ies-seros\/wp-json\/wp\/v2\/categories?post=8649"},{"taxonomy":"post_tag","embeddable":true,"href":"https:\/\/agora.xtec.cat\/ies-seros\/wp-json\/wp\/v2\/tags?post=8649"}],"curies":[{"name":"wp","href":"https:\/\/api.w.org\/{rel}","templated":true}]}}