{"id":8500,"date":"2023-11-06T16:25:47","date_gmt":"2023-11-06T15:25:47","guid":{"rendered":"https:\/\/agora.xtec.cat\/ies-seros\/?p=8500"},"modified":"2023-11-06T16:25:47","modified_gmt":"2023-11-06T15:25:47","slug":"distincio-de-la-generalitat-a-dos-alumnes-del-centre","status":"publish","type":"post","link":"https:\/\/agora.xtec.cat\/ies-seros\/general\/distincio-de-la-generalitat-a-dos-alumnes-del-centre\/","title":{"rendered":"Distinci\u00f3 de la Generalitat a dos alumnes del centre"},"content":{"rendered":"<p>Felicitem a Joan Pau Palau Banlles i Jes\u00fas Ibars Ponz, alumnes de 2n de batxillerat del curs 22-23 que han rebut la Distinci\u00f3 de la Prova d&#8217;Acc\u00e9s a la Universitat, que s&#8217;atorga a tots els estudiants de batxillerat de Catalunya que han obtingut, en la fase general, una nota superior o igual a nou punts. Aquesta excel\u00b7l\u00e8ncia sens dubte, reflecteix la dedicaci\u00f3 i const\u00e0ncia per l&#8217;aprenentatge, fins i tot quan les circumst\u00e0ncies no s\u00f3n prou favorables com les que hem viscut aquests darrers anys.<\/p>\n<p><img loading=\"lazy\" decoding=\"async\" class=\"aligncenter size-full wp-image-8501\" src=\"https:\/\/agora.xtec.cat\/ies-seros\/wp-content\/uploads\/usu323\/2023\/11\/JESUS-I-JOAN-PAU_1.jpg\" alt=\"\" width=\"480\" height=\"480\" srcset=\"https:\/\/agora.xtec.cat\/ies-seros\/wp-content\/uploads\/usu323\/2023\/11\/JESUS-I-JOAN-PAU_1.jpg 480w, https:\/\/agora.xtec.cat\/ies-seros\/wp-content\/uploads\/usu323\/2023\/11\/JESUS-I-JOAN-PAU_1-300x300.jpg 300w, https:\/\/agora.xtec.cat\/ies-seros\/wp-content\/uploads\/usu323\/2023\/11\/JESUS-I-JOAN-PAU_1-150x150.jpg 150w\" sizes=\"auto, (max-width: 480px) 100vw, 480px\" \/><\/p>\n","protected":false},"excerpt":{"rendered":"<p>Felicitem a Joan Pau Palau Banlles i Jes\u00fas Ibars Ponz, alumnes de 2n de batxillerat del curs 22-23 que han rebut la Distinci\u00f3 de la Prova d&#8217;Acc\u00e9s a la Universitat, que s&#8217;atorga a tots els estudiants de batxillerat de Catalunya que han obtingut, en la&hellip;  <a href=\"https:\/\/agora.xtec.cat\/ies-seros\/general\/distincio-de-la-generalitat-a-dos-alumnes-del-centre\/\" title=\"Read Distinci\u00f3 de la Generalitat a dos alumnes del centre\">Llegeix m\u00e9s\u00bb<\/a><\/p>\n","protected":false},"author":1,"featured_media":8501,"comment_status":"open","ping_status":"closed","sticky":true,"template":"","format":"standard","meta":{"_bbp_topic_count":0,"_bbp_reply_count":0,"_bbp_total_topic_count":0,"_bbp_total_reply_count":0,"_bbp_voice_count":0,"_bbp_anonymous_reply_count":0,"_bbp_topic_count_hidden":0,"_bbp_reply_count_hidden":0,"_bbp_forum_subforum_count":0,"footnotes":""},"categories":[217,8,1,29],"tags":[],"class_list":["post-8500","post","type-post","status-publish","format-standard","has-post-thumbnail","hentry","category-2batx","category-batxillerat","category-general","category-portada"],"post_mailing_queue_ids":[],"_links":{"self":[{"href":"https:\/\/agora.xtec.cat\/ies-seros\/wp-json\/wp\/v2\/posts\/8500","targetHints":{"allow":["GET"]}}],"collection":[{"href":"https:\/\/agora.xtec.cat\/ies-seros\/wp-json\/wp\/v2\/posts"}],"about":[{"href":"https:\/\/agora.xtec.cat\/ies-seros\/wp-json\/wp\/v2\/types\/post"}],"author":[{"embeddable":true,"href":"https:\/\/agora.xtec.cat\/ies-seros\/wp-json\/wp\/v2\/users\/1"}],"replies":[{"embeddable":true,"href":"https:\/\/agora.xtec.cat\/ies-seros\/wp-json\/wp\/v2\/comments?post=8500"}],"version-history":[{"count":1,"href":"https:\/\/agora.xtec.cat\/ies-seros\/wp-json\/wp\/v2\/posts\/8500\/revisions"}],"predecessor-version":[{"id":8502,"href":"https:\/\/agora.xtec.cat\/ies-seros\/wp-json\/wp\/v2\/posts\/8500\/revisions\/8502"}],"wp:featuredmedia":[{"embeddable":true,"href":"https:\/\/agora.xtec.cat\/ies-seros\/wp-json\/wp\/v2\/media\/8501"}],"wp:attachment":[{"href":"https:\/\/agora.xtec.cat\/ies-seros\/wp-json\/wp\/v2\/media?parent=8500"}],"wp:term":[{"taxonomy":"category","embeddable":true,"href":"https:\/\/agora.xtec.cat\/ies-seros\/wp-json\/wp\/v2\/categories?post=8500"},{"taxonomy":"post_tag","embeddable":true,"href":"https:\/\/agora.xtec.cat\/ies-seros\/wp-json\/wp\/v2\/tags?post=8500"}],"curies":[{"name":"wp","href":"https:\/\/api.w.org\/{rel}","templated":true}]}}