{"id":7996,"date":"2023-06-16T18:27:07","date_gmt":"2023-06-16T16:27:07","guid":{"rendered":"https:\/\/agora.xtec.cat\/ies-seros\/?p=7996"},"modified":"2025-01-24T19:47:14","modified_gmt":"2025-01-24T18:47:14","slug":"plogging-ins-seros-1a-marxa-regulada-i-neteja-de-lentorn-al-baix-segria","status":"publish","type":"post","link":"https:\/\/agora.xtec.cat\/ies-seros\/general\/plogging-ins-seros-1a-marxa-regulada-i-neteja-de-lentorn-al-baix-segria\/","title":{"rendered":"PLOGGING INS SER\u00d2S!!              1\u00aa Marxa regulada i neteja de l\u2019entorn al Baix Segri\u00e0"},"content":{"rendered":"<p>L\u2019<strong>INS Ser\u00f2s<\/strong> ha tornat a participar en el <strong><em>Projecte Let\u2019s Clean Up Europe!<\/em><\/strong>, el dia 16 de juny, per celebrar el <strong>Dia del Medi Ambient<\/strong>.<\/p>\n<p>\u00c9s una acci\u00f3 de <strong>servei comunitari de neteja d\u2019espais naturals propers <\/strong>que es fa a tot Europa, i que el nostre institut realitza a les rodalies de Ser\u00f2s des del curs 2018-19. S\u2019emmarca dins del marc del programa LIFE+ de la Comissi\u00f3 Europea, i a Catalunya est\u00e0 organitzat dins l\u2019Ag\u00e8ncia Catalana de Residus.<\/p>\n<p><a href=\"https:\/\/agora.xtec.cat\/ies-seros\/wp-content\/uploads\/usu323\/2023\/06\/infografia_resum_lcue_2022.pdf\">infografia_resum_lcue_2022<\/a><\/p>\n<p>Com el curs passat, aquesta actuaci\u00f3 adre\u00e7ada a tota l\u2019ESO ha estat organitzada conjuntament pel departament d&#8217;Educaci\u00f3 F\u00edsica i la Comissi\u00f3 Escoles Verdes.<\/p>\n<p>Per\u00f2 enguany, l&#8217;activitat ha tingut el format de <strong>marxa regulada-Plogging a tots els pobles del nostre alumnat<\/strong>, amb una durada total de tres hores i amb una estona de descans\/esmorzar entremig.<\/p>\n<p>Els pobles on hem fet aquesta acci\u00f3 s\u00f3n: <strong>Soses, Aitona, Ser\u00f2s, Maials, La Granja i Massalcoreig<\/strong>.<\/p>\n<p>L\u2019acci\u00f3 consisteix en <strong>netejar un entorn p\u00fablic fent esport <\/strong>per mostrar a la poblaci\u00f3 el volum de residus que generem, conscienciar de la necessitat de preservar els entorns naturals i fer una gesti\u00f3 adequada d\u2019aquests residus. A m\u00e9s, volem promoure gestos quotidians per evitar produir-los.<\/p>\n<p>S\u2019ha demanat la col\u00b7laboraci\u00f3 dels <strong>Ajuntaments<\/strong> implicats, tant pel material necessari com per a recollir posteriorment la brossa recollida. D&#8217;aquesta manera treballem l&#8217;<strong>ODS 17<\/strong>!!<\/p>\n<p><img loading=\"lazy\" decoding=\"async\" class=\"wp-image-8000 alignright\" src=\"https:\/\/agora.xtec.cat\/ies-seros\/wp-content\/uploads\/usu323\/2023\/06\/ods-17.png\" alt=\"\" width=\"136\" height=\"136\" srcset=\"https:\/\/agora.xtec.cat\/ies-seros\/wp-content\/uploads\/usu323\/2023\/06\/ods-17.png 225w, https:\/\/agora.xtec.cat\/ies-seros\/wp-content\/uploads\/usu323\/2023\/06\/ods-17-150x150.png 150w\" sizes=\"auto, (max-width: 136px) 100vw, 136px\" \/><\/p>\n<p>A m\u00e9s a m\u00e9s, les escoles de prim\u00e0ria de La Granja d\u2019Escarp, Llardecans i Maials tamb\u00e9 van organitzar accions de neteja del seu entorn a principis de maig (<a href=\"http:\/\/www.arc.cat\/agendalcue\/?_ga=2.196756843.612547239.1683814341-1840428851.1671787766\">http:\/\/www.arc.cat\/agendalcue\/?_ga=2.196756843.612547239.1683814341-1840428851.1671787766<\/a> ).<\/p>\n<p>Enguany, es va preparar un <strong>recorregut circular a cada poble<\/strong> i l\u2019alumnat va anar directament al punt d\u2019inici corresponent. Es van fer grups de 4-6 persones, i abans de comen\u00e7ar la cursa es va <strong>repartir el material necessari<\/strong> a cada grup: mapa, bosses per recollir residus (vidre, paper, pl\u00e0stic i resta) i guants reutilitzables (si calia).<\/p>\n<p>Amb l\u2019App \u201c<em>Strava\u201d <\/em>es registrava la <strong>dist\u00e0ncia recorreguda de cada grup<\/strong>. Durant la marxa s\u2019anaven <strong>recollint els residus<\/strong>\u00a0que es trobaven, i la brossa recollida es <strong>classificava<\/strong> durant l\u2019acci\u00f3. Els residus que no es podien transportar es <strong>geolocalitzaven <\/strong>amb l\u2019App \u201c<em>Litterati<\/em>\u201d, dins del repte col\u00b7lectiu de neteja \u201c<em>Catalunya Clean up Challenge<\/em>\u201d.<\/p>\n<p>Al final de la cursa es van sumar els punts del total de km recorreguts i els dels kg de residus recollits o geolocalitzats a cada grup (anotats a la graella de puntuaci\u00f3). El grup amb m\u00e9s puntuaci\u00f3 (km + kg) era el guanyador a cada poble. L\u2019acci\u00f3 va acabar amb el repartiment del premi al grup guanyador de cada poble.<\/p>\n<p>Un cop acabada la recollida, la <strong>brigada de cada Ajuntament <\/strong>es va emportar tots els residus.<\/p>\n<p><strong>\u00a0<\/strong>Fa dos cursos vam recollir una gran quantitat de residus que vam trobar a la zona del riu al seu pas per Ser\u00f2s. El curs passat ens vam sorprendre la gran quantitat de residus trobats dins del poble de Ser\u00f2s i a les rodalies: 205\u201997 kg recollits en total!! Per\u00f2 enguany ens hem superat i <strong>en total hem recollit 909 kg de residus,<\/strong> un 340% m\u00e9s que l\u2019any passat!!<\/p>\n<p>A la taula seg\u00fcent es poden veure els resultats:<\/p>\n<table width=\"652\">\n<tbody>\n<tr>\n<td width=\"196\"><\/td>\n<td width=\"47\"><strong>SOSES<\/strong><\/td>\n<td width=\"60\"><strong>AITONA<\/strong><\/td>\n<td width=\"49\"><strong>SER\u00d2S<\/strong><\/td>\n<td width=\"59\"><strong>MAIALS<\/strong><\/td>\n<td width=\"107\"><strong>LA GRANJA- MASSALCOREIG<\/strong><\/td>\n<td width=\"76\"><strong>TOTAL<\/strong><\/td>\n<td width=\"59\"><strong>% <\/strong><\/td>\n<\/tr>\n<tr>\n<td width=\"196\"><strong><em>N\u00daM. Alum. participant<\/em><\/strong><\/td>\n<td width=\"47\"><em>58<\/em><\/td>\n<td width=\"60\"><em>69<\/em><\/td>\n<td width=\"49\"><em>68<\/em><\/td>\n<td width=\"59\"><em>18<\/em><\/td>\n<td width=\"107\"><em>27<\/em><\/td>\n<td width=\"76\"><strong><em>240<\/em><\/strong><\/td>\n<td width=\"59\"><\/td>\n<\/tr>\n<tr>\n<td width=\"196\"><strong><em>N\u00daM. Alumnat Total<\/em><\/strong><\/td>\n<td width=\"47\"><em>86<\/em><\/td>\n<td width=\"60\"><em>85<\/em><\/td>\n<td width=\"49\"><em>86<\/em><\/td>\n<td width=\"59\"><em>22<\/em><\/td>\n<td width=\"107\"><em>36<\/em><\/td>\n<td width=\"76\"><strong><em>315<\/em><\/strong><\/td>\n<td width=\"59\"><\/td>\n<\/tr>\n<tr>\n<td width=\"196\"><strong>% Participaci\u00f3<\/strong><\/td>\n<td width=\"47\"><strong>67,4<\/strong><\/td>\n<td width=\"60\"><strong>81,2<\/strong><\/td>\n<td width=\"49\"><strong>79,1<\/strong><\/td>\n<td width=\"59\"><strong>81,8<\/strong><\/td>\n<td width=\"107\"><strong>75,0<\/strong><\/td>\n<td width=\"76\"><\/td>\n<td width=\"59\"><strong>76,2<\/strong><\/td>\n<\/tr>\n<tr>\n<td width=\"196\"><strong>Km recorreguts<\/strong><\/td>\n<td width=\"47\"><strong>84,77<\/strong><\/td>\n<td width=\"60\"><strong>77,17<\/strong><\/td>\n<td width=\"49\"><strong>57,98<\/strong><\/td>\n<td width=\"59\"><strong>17,74<\/strong><\/td>\n<td width=\"107\"><strong>41,42<\/strong><\/td>\n<td width=\"76\"><strong>279,08<\/strong><\/td>\n<td width=\"59\"><\/td>\n<\/tr>\n<tr>\n<td width=\"196\"><strong>kg RESIDUS TOTAL<\/strong><\/td>\n<td width=\"47\"><strong>223,7<\/strong><\/td>\n<td width=\"60\"><strong>188,7<\/strong><\/td>\n<td width=\"49\"><strong>339,5<\/strong><\/td>\n<td width=\"59\"><strong>68,3<\/strong><\/td>\n<td width=\"107\"><strong>88,8<\/strong><\/td>\n<td width=\"76\"><strong>909<\/strong><\/td>\n<td width=\"59\"><\/td>\n<\/tr>\n<tr>\n<td width=\"196\"><strong>kg RESIDUS per persona<\/strong><\/td>\n<td width=\"47\">3,9<\/td>\n<td width=\"60\">2,7<\/td>\n<td width=\"49\">5,0<\/td>\n<td width=\"59\">3,8<\/td>\n<td width=\"107\">3,3<\/td>\n<td width=\"76\"><strong>3,8<\/strong><\/td>\n<td width=\"59\"><\/td>\n<\/tr>\n<tr>\n<td width=\"196\"><strong>kg RESIDUS per km<\/strong><\/td>\n<td width=\"47\">2,6<\/td>\n<td width=\"60\">2,4<\/td>\n<td width=\"49\">5,9<\/td>\n<td width=\"59\">3,8<\/td>\n<td width=\"107\">2,1<\/td>\n<td width=\"76\"><strong>3,3<\/strong><\/td>\n<td width=\"59\"><\/td>\n<\/tr>\n<tr>\n<td width=\"196\"><strong>kg PL\u00c0STIC<\/strong><\/td>\n<td width=\"47\">120,7<\/td>\n<td width=\"60\">75,0<\/td>\n<td width=\"49\">198,0<\/td>\n<td width=\"59\">37,2<\/td>\n<td width=\"107\">66,9<\/td>\n<td width=\"76\"><strong>497,7<\/strong><\/td>\n<td width=\"59\"><strong>54,8<\/strong><\/td>\n<\/tr>\n<tr>\n<td width=\"196\"><strong>kg PAPER<\/strong><\/td>\n<td width=\"47\">39,1<\/td>\n<td width=\"60\">12,0<\/td>\n<td width=\"49\">26,5<\/td>\n<td width=\"59\">4,2<\/td>\n<td width=\"107\">1,8<\/td>\n<td width=\"76\"><strong>83,5<\/strong><\/td>\n<td width=\"59\"><strong>6,7<\/strong><\/td>\n<\/tr>\n<tr>\n<td width=\"196\"><strong>kg VIDRE<\/strong><\/td>\n<td width=\"47\">0,0<\/td>\n<td width=\"60\">4,4<\/td>\n<td width=\"49\">4,0<\/td>\n<td width=\"59\">20,4<\/td>\n<td width=\"107\">18,7<\/td>\n<td width=\"76\"><strong>47,5<\/strong><\/td>\n<td width=\"59\"><strong>3,8<\/strong><\/td>\n<\/tr>\n<tr>\n<td width=\"196\"><strong>kg RESTA<\/strong><\/td>\n<td width=\"47\">63,9<\/td>\n<td width=\"60\">97,4<\/td>\n<td width=\"49\">111,0<\/td>\n<td width=\"59\">6,5<\/td>\n<td width=\"107\">1,5<\/td>\n<td width=\"76\"><strong>280,2<\/strong><\/td>\n<td width=\"59\"><strong>22,5<\/strong><\/td>\n<\/tr>\n<tr>\n<td width=\"196\"><strong>N\u00fam. VOLUMINOSOS (App)<\/strong><\/td>\n<td width=\"47\">0<\/td>\n<td width=\"60\">0<\/td>\n<td width=\"49\">42<\/td>\n<td width=\"59\">40<\/td>\n<td width=\"107\">5<\/td>\n<td width=\"76\"><strong>87<\/strong><\/td>\n<td width=\"59\"><\/td>\n<\/tr>\n<\/tbody>\n<\/table>\n<p>Enguany han participat <strong>240 alumnes<\/strong> en total (un <strong>76% de participaci\u00f3<\/strong>), superior a la del curs passat. A tots els pobles hi ha hagut un grau de participaci\u00f3 bastant similar.<\/p>\n<p><strong>L\u2019alumnat ha recorregut 279 km en total <\/strong>per fer aquesta acci\u00f3 de neteja. En total s\u2019han Els 6 grups guanyadors de tots els pobles han aconseguit recollir el 20% del total. Com a promig, <strong>cada participant ha recollit 3\u20198 kg totals de residus<\/strong>. Ser\u00f2s ha estat el poble on s\u2019han recollit m\u00e9s residus, en proporci\u00f3 al n\u00famero d\u2019alumnat (<strong>5 kg per participant<\/strong>).<\/p>\n<p>Dels residus totals recollits<strong>, un 55% eren d\u2019envasos i un 22\u20195% de resta. <\/strong>Per tant, un cop m\u00e9s el residu m\u00e9s abundant amb difer\u00e8ncia va ser la fracci\u00f3 pl\u00e0stic, especialment ampolles i llaunes de beguda. Molts dels residus estaven integrats al terreny \u2026 coneixeu el terme \u201c<strong>platisfera<\/strong>\u201d? S\u2019han localitzat 86 residus que no es podien transportar (voluminosos), b\u00e0sicament a Ser\u00f2s i Maials; alguns eren neum\u00e0tics o bidons de productes fitosanitaris i molts d\u2019ells eren miniabocadors incontrolats.<\/p>\n<p><strong>\u00a0<\/strong><strong>Felicitem a tot l&#8217;alumnat participant<\/strong> per la seva implicaci\u00f3 en aquesta activitat!!!! Creiem que \u00e9s molt important que l\u2019alumnat s\u2019adoni del gran impacte positiu d\u2019aquesta acci\u00f3 pel seu entorn<em>. <\/em>Ha tornat a estar un \u00e8xit: hem cooperat, hem fet esport i hem millorat el nostre entorn!!! <strong>Agra\u00efm a tots els Ajuntaments<\/strong> implicats la seva col\u00b7laboraci\u00f3 i esperem que estiguin orgullosos de l\u2019acci\u00f3 comunit\u00e0ria que el nostre alumnat ha realitzat.<\/p>\n<p><em>Tal i com va dir la cient\u00edfica poc coneguda <strong>Lynn Margulis<\/strong>: per afrontar la crisi clim\u00e0tica els humans hem de tenir sempre en compte el nostre lligam amb la natura i cooperar (no competir). La cooperaci\u00f3 ens ha de fer replantejar com ens hem d&#8217;organitzar, i intentar fer <strong>un salt evolutiu <\/strong>per aconseguir <strong>viure de forma sostenible a la Terra<\/strong>, que \u00e9s la nostra esperan\u00e7a de futur.<\/em><\/p>\n<p><img loading=\"lazy\" decoding=\"async\" class=\" wp-image-8002 alignleft\" src=\"https:\/\/agora.xtec.cat\/ies-seros\/wp-content\/uploads\/usu323\/2023\/06\/1687442079902-300x225.jpg\" alt=\"\" width=\"274\" height=\"206\" srcset=\"https:\/\/agora.xtec.cat\/ies-seros\/wp-content\/uploads\/usu323\/2023\/06\/1687442079902-300x225.jpg 300w, https:\/\/agora.xtec.cat\/ies-seros\/wp-content\/uploads\/usu323\/2023\/06\/1687442079902-1024x769.jpg 1024w, https:\/\/agora.xtec.cat\/ies-seros\/wp-content\/uploads\/usu323\/2023\/06\/1687442079902-768x576.jpg 768w, https:\/\/agora.xtec.cat\/ies-seros\/wp-content\/uploads\/usu323\/2023\/06\/1687442079902-1536x1153.jpg 1536w, https:\/\/agora.xtec.cat\/ies-seros\/wp-content\/uploads\/usu323\/2023\/06\/1687442079902-200x150.jpg 200w, https:\/\/agora.xtec.cat\/ies-seros\/wp-content\/uploads\/usu323\/2023\/06\/1687442079902.jpg 2048w\" sizes=\"auto, (max-width: 274px) 100vw, 274px\" \/> <img loading=\"lazy\" decoding=\"async\" class=\" wp-image-8005 alignleft\" src=\"https:\/\/agora.xtec.cat\/ies-seros\/wp-content\/uploads\/usu323\/2023\/06\/IMG-20230616-WA0025-300x225.jpg\" alt=\"\" width=\"276\" height=\"207\" srcset=\"https:\/\/agora.xtec.cat\/ies-seros\/wp-content\/uploads\/usu323\/2023\/06\/IMG-20230616-WA0025-300x225.jpg 300w, https:\/\/agora.xtec.cat\/ies-seros\/wp-content\/uploads\/usu323\/2023\/06\/IMG-20230616-WA0025-768x576.jpg 768w, https:\/\/agora.xtec.cat\/ies-seros\/wp-content\/uploads\/usu323\/2023\/06\/IMG-20230616-WA0025-200x150.jpg 200w, https:\/\/agora.xtec.cat\/ies-seros\/wp-content\/uploads\/usu323\/2023\/06\/IMG-20230616-WA0025.jpg 1024w\" sizes=\"auto, (max-width: 276px) 100vw, 276px\" \/> <img loading=\"lazy\" decoding=\"async\" class=\" wp-image-8007 alignleft\" src=\"https:\/\/agora.xtec.cat\/ies-seros\/wp-content\/uploads\/usu323\/2023\/06\/IMG-20230616-WA0032-300x169.jpg\" alt=\"\" width=\"381\" height=\"215\" srcset=\"https:\/\/agora.xtec.cat\/ies-seros\/wp-content\/uploads\/usu323\/2023\/06\/IMG-20230616-WA0032-300x169.jpg 300w, https:\/\/agora.xtec.cat\/ies-seros\/wp-content\/uploads\/usu323\/2023\/06\/IMG-20230616-WA0032-1024x576.jpg 1024w, https:\/\/agora.xtec.cat\/ies-seros\/wp-content\/uploads\/usu323\/2023\/06\/IMG-20230616-WA0032-768x432.jpg 768w, https:\/\/agora.xtec.cat\/ies-seros\/wp-content\/uploads\/usu323\/2023\/06\/IMG-20230616-WA0032-1536x864.jpg 1536w, https:\/\/agora.xtec.cat\/ies-seros\/wp-content\/uploads\/usu323\/2023\/06\/IMG-20230616-WA0032.jpg 1600w\" sizes=\"auto, (max-width: 381px) 100vw, 381px\" \/><\/p>\n<p>&nbsp;<\/p>\n<p>&nbsp;<\/p>\n<p>&nbsp;<\/p>\n<p>&nbsp;<\/p>\n<p>&nbsp;<\/p>\n<p><img loading=\"lazy\" decoding=\"async\" class=\"alignleft wp-image-8001 \" src=\"https:\/\/agora.xtec.cat\/ies-seros\/wp-content\/uploads\/usu323\/2023\/06\/1687442079564-300x225.jpg\" alt=\"\" width=\"266\" height=\"200\" srcset=\"https:\/\/agora.xtec.cat\/ies-seros\/wp-content\/uploads\/usu323\/2023\/06\/1687442079564-300x225.jpg 300w, https:\/\/agora.xtec.cat\/ies-seros\/wp-content\/uploads\/usu323\/2023\/06\/1687442079564-768x576.jpg 768w, https:\/\/agora.xtec.cat\/ies-seros\/wp-content\/uploads\/usu323\/2023\/06\/1687442079564-200x150.jpg 200w, https:\/\/agora.xtec.cat\/ies-seros\/wp-content\/uploads\/usu323\/2023\/06\/1687442079564.jpg 1024w\" sizes=\"auto, (max-width: 266px) 100vw, 266px\" \/><img loading=\"lazy\" decoding=\"async\" class=\"alignleft wp-image-8006 \" src=\"https:\/\/agora.xtec.cat\/ies-seros\/wp-content\/uploads\/usu323\/2023\/06\/IMG-20230616-WA0026-150x150.jpg\" alt=\"\" width=\"165\" height=\"165\" \/><\/p>\n<p><img loading=\"lazy\" decoding=\"async\" class=\"wp-image-8013 alignleft\" src=\"https:\/\/agora.xtec.cat\/ies-seros\/wp-content\/uploads\/usu323\/2023\/06\/IMG20230616121459-150x150.jpg\" alt=\"\" width=\"165\" height=\"165\" \/><img loading=\"lazy\" decoding=\"async\" class=\" wp-image-8012 alignleft\" src=\"https:\/\/agora.xtec.cat\/ies-seros\/wp-content\/uploads\/usu323\/2023\/06\/IMG20230616121216_01-300x225.jpg\" alt=\"\" width=\"295\" height=\"221\" srcset=\"https:\/\/agora.xtec.cat\/ies-seros\/wp-content\/uploads\/usu323\/2023\/06\/IMG20230616121216_01-300x225.jpg 300w, https:\/\/agora.xtec.cat\/ies-seros\/wp-content\/uploads\/usu323\/2023\/06\/IMG20230616121216_01-200x150.jpg 200w, https:\/\/agora.xtec.cat\/ies-seros\/wp-content\/uploads\/usu323\/2023\/06\/IMG20230616121216_01.jpg 640w\" sizes=\"auto, (max-width: 295px) 100vw, 295px\" \/><\/p>\n<p><img loading=\"lazy\" decoding=\"async\" class=\"aligncenter size-thumbnail wp-image-8003\" src=\"https:\/\/agora.xtec.cat\/ies-seros\/wp-content\/uploads\/usu323\/2023\/06\/IMG_7250.heic\" alt=\"\" width=\"1\" height=\"1\" \/><\/p>\n<p><img loading=\"lazy\" decoding=\"async\" class=\"aligncenter size-thumbnail wp-image-8010\" src=\"https:\/\/agora.xtec.cat\/ies-seros\/wp-content\/uploads\/usu323\/2023\/06\/IMG_7250-2.heic\" alt=\"\" width=\"1\" height=\"1\" \/><\/p>\n<p>&nbsp;<\/p>\n<p>&nbsp;<\/p>\n<p>&nbsp;<\/p>\n<p>&nbsp;<\/p>\n<p>&nbsp;<\/p>\n<p style=\"text-align: center;\"><em><strong>Acci\u00f3 local pensant en global<\/strong><\/em><\/p>\n<p style=\"text-align: center;\"><strong>@residuscat\u00a0 \u00a0#letscleanupCat\u00a0 \u00a0#cleanupeurope\u00a0 \u00a0#LCUE<\/strong><\/p>\n<p><em>Tota la informaci\u00f3 d\u2019aquest projecte la podeu trobar a la web: <a href=\"http:\/\/residus.gencat.cat\/ca\/ambits_dactuacio\/prevencio\/setmana_europea\/lets_clean_up_europe\/\">http:\/\/residus.gencat.cat\/ca\/ambits_dactuacio\/prevencio\/setmana_europea\/lets_clean_up_europe\/<\/a><\/em><\/p>\n<p>&nbsp;<\/p>\n<p>&nbsp;<\/p>\n<p>&nbsp;<\/p>\n<p>&nbsp;<\/p>\n<p>&nbsp;<\/p>\n<p>&nbsp;<\/p>\n<p>&nbsp;<\/p>\n<p>&nbsp;<\/p>\n<p>&nbsp;<\/p>\n<p>&nbsp;<\/p>\n<p>&nbsp;<\/p>\n<p>&nbsp;<\/p>\n<p>&nbsp;<\/p>\n<p>&nbsp;<\/p>\n<p>&nbsp;<\/p>\n<p>&nbsp;<\/p>\n<p>&nbsp;<\/p>\n<p>&nbsp;<\/p>\n<p>&nbsp;<\/p>\n<p>&nbsp;<\/p>\n<p>&nbsp;<\/p>\n<p>&nbsp;<\/p>\n<p>&nbsp;<\/p>\n<p>&nbsp;<\/p>\n<p>&nbsp;<\/p>\n<p>&nbsp;<\/p>\n<p>&nbsp;<\/p>\n<p>&nbsp;<\/p>\n<p>&nbsp;<\/p>\n<p>&nbsp;<\/p>\n","protected":false},"excerpt":{"rendered":"<p>L\u2019INS Ser\u00f2s ha tornat a participar en el Projecte Let\u2019s Clean Up Europe!, el dia 16 de juny, per celebrar el Dia del Medi Ambient.&hellip;  <a href=\"https:\/\/agora.xtec.cat\/ies-seros\/general\/plogging-ins-seros-1a-marxa-regulada-i-neteja-de-lentorn-al-baix-segria\/\" title=\"Read PLOGGING INS SER\u00d2S!!              1\u00aa Marxa regulada i neteja de l\u2019entorn al Baix Segri\u00e0\">Llegeix m\u00e9s\u00bb<\/a><\/p>\n","protected":false},"author":42,"featured_media":8004,"comment_status":"open","ping_status":"closed","sticky":true,"template":"","format":"standard","meta":{"_bbp_topic_count":0,"_bbp_reply_count":0,"_bbp_total_topic_count":0,"_bbp_total_reply_count":0,"_bbp_voice_count":0,"_bbp_anonymous_reply_count":0,"_bbp_topic_count_hidden":0,"_bbp_reply_count_hidden":0,"_bbp_forum_subforum_count":0,"footnotes":""},"categories":[382,116,1,29],"tags":[415],"class_list":["post-7996","post","type-post","status-publish","format-standard","has-post-thumbnail","hentry","category-departament-deducacio-fisica","category-escola-verda","category-general","category-portada","tag-escolesverdes25"],"post_mailing_queue_ids":[],"_links":{"self":[{"href":"https:\/\/agora.xtec.cat\/ies-seros\/wp-json\/wp\/v2\/posts\/7996","targetHints":{"allow":["GET"]}}],"collection":[{"href":"https:\/\/agora.xtec.cat\/ies-seros\/wp-json\/wp\/v2\/posts"}],"about":[{"href":"https:\/\/agora.xtec.cat\/ies-seros\/wp-json\/wp\/v2\/types\/post"}],"author":[{"embeddable":true,"href":"https:\/\/agora.xtec.cat\/ies-seros\/wp-json\/wp\/v2\/users\/42"}],"replies":[{"embeddable":true,"href":"https:\/\/agora.xtec.cat\/ies-seros\/wp-json\/wp\/v2\/comments?post=7996"}],"version-history":[{"count":3,"href":"https:\/\/agora.xtec.cat\/ies-seros\/wp-json\/wp\/v2\/posts\/7996\/revisions"}],"predecessor-version":[{"id":8019,"href":"https:\/\/agora.xtec.cat\/ies-seros\/wp-json\/wp\/v2\/posts\/7996\/revisions\/8019"}],"wp:featuredmedia":[{"embeddable":true,"href":"https:\/\/agora.xtec.cat\/ies-seros\/wp-json\/wp\/v2\/media\/8004"}],"wp:attachment":[{"href":"https:\/\/agora.xtec.cat\/ies-seros\/wp-json\/wp\/v2\/media?parent=7996"}],"wp:term":[{"taxonomy":"category","embeddable":true,"href":"https:\/\/agora.xtec.cat\/ies-seros\/wp-json\/wp\/v2\/categories?post=7996"},{"taxonomy":"post_tag","embeddable":true,"href":"https:\/\/agora.xtec.cat\/ies-seros\/wp-json\/wp\/v2\/tags?post=7996"}],"curies":[{"name":"wp","href":"https:\/\/api.w.org\/{rel}","templated":true}]}}