{"id":7153,"date":"2023-02-16T11:28:01","date_gmt":"2023-02-16T10:28:01","guid":{"rendered":"https:\/\/agora.xtec.cat\/ies-seros\/?p=7153"},"modified":"2023-02-16T11:28:01","modified_gmt":"2023-02-16T10:28:01","slug":"activitats-del-dia-de-la-dona-i-la-ciencia","status":"publish","type":"post","link":"https:\/\/agora.xtec.cat\/ies-seros\/portada\/activitats-del-dia-de-la-dona-i-la-ciencia\/","title":{"rendered":"ACTIVITATS DEL DIA DE LA DONA I LA CI\u00c8NCIA"},"content":{"rendered":"<p>Durant aquesta setmana el departament de ci\u00e8ncies ha preparat diferents activitats per celebrar el Dia de la Dona i la Ci\u00e8ncia. \u00c9s important reflexionar sobre el pasat, present i futur de la Dona en les ci\u00e8ncies i treballar la coeducaci\u00f3 amb el nostre alumnat.<\/p>\n<p><img loading=\"lazy\" decoding=\"async\" class=\"aligncenter size-large wp-image-7154\" src=\"https:\/\/agora.xtec.cat\/ies-seros\/wp-content\/uploads\/usu323\/2023\/02\/WhatsApp-Image-2023-02-13-at-14.12.06-768x1024.jpeg\" alt=\"\" width=\"768\" height=\"1024\" srcset=\"https:\/\/agora.xtec.cat\/ies-seros\/wp-content\/uploads\/usu323\/2023\/02\/WhatsApp-Image-2023-02-13-at-14.12.06-768x1024.jpeg 768w, https:\/\/agora.xtec.cat\/ies-seros\/wp-content\/uploads\/usu323\/2023\/02\/WhatsApp-Image-2023-02-13-at-14.12.06-225x300.jpeg 225w, https:\/\/agora.xtec.cat\/ies-seros\/wp-content\/uploads\/usu323\/2023\/02\/WhatsApp-Image-2023-02-13-at-14.12.06-1152x1536.jpeg 1152w, https:\/\/agora.xtec.cat\/ies-seros\/wp-content\/uploads\/usu323\/2023\/02\/WhatsApp-Image-2023-02-13-at-14.12.06.jpeg 1536w\" sizes=\"auto, (max-width: 768px) 100vw, 768px\" \/> <img loading=\"lazy\" decoding=\"async\" class=\"aligncenter size-large wp-image-7155\" src=\"https:\/\/agora.xtec.cat\/ies-seros\/wp-content\/uploads\/usu323\/2023\/02\/WhatsApp-Image-2023-02-13-at-14.12.07-1-900x1024.jpeg\" alt=\"\" width=\"900\" height=\"1024\" srcset=\"https:\/\/agora.xtec.cat\/ies-seros\/wp-content\/uploads\/usu323\/2023\/02\/WhatsApp-Image-2023-02-13-at-14.12.07-1-900x1024.jpeg 900w, https:\/\/agora.xtec.cat\/ies-seros\/wp-content\/uploads\/usu323\/2023\/02\/WhatsApp-Image-2023-02-13-at-14.12.07-1-264x300.jpeg 264w, https:\/\/agora.xtec.cat\/ies-seros\/wp-content\/uploads\/usu323\/2023\/02\/WhatsApp-Image-2023-02-13-at-14.12.07-1-768x874.jpeg 768w, https:\/\/agora.xtec.cat\/ies-seros\/wp-content\/uploads\/usu323\/2023\/02\/WhatsApp-Image-2023-02-13-at-14.12.07-1-1350x1536.jpeg 1350w, https:\/\/agora.xtec.cat\/ies-seros\/wp-content\/uploads\/usu323\/2023\/02\/WhatsApp-Image-2023-02-13-at-14.12.07-1.jpeg 1800w\" sizes=\"auto, (max-width: 900px) 100vw, 900px\" \/> <img loading=\"lazy\" decoding=\"async\" class=\"aligncenter size-large wp-image-7156\" src=\"https:\/\/agora.xtec.cat\/ies-seros\/wp-content\/uploads\/usu323\/2023\/02\/WhatsApp-Image-2023-02-13-at-14.12.07-768x1024.jpeg\" alt=\"\" width=\"768\" height=\"1024\" srcset=\"https:\/\/agora.xtec.cat\/ies-seros\/wp-content\/uploads\/usu323\/2023\/02\/WhatsApp-Image-2023-02-13-at-14.12.07-768x1024.jpeg 768w, https:\/\/agora.xtec.cat\/ies-seros\/wp-content\/uploads\/usu323\/2023\/02\/WhatsApp-Image-2023-02-13-at-14.12.07-225x300.jpeg 225w, https:\/\/agora.xtec.cat\/ies-seros\/wp-content\/uploads\/usu323\/2023\/02\/WhatsApp-Image-2023-02-13-at-14.12.07-1152x1536.jpeg 1152w, https:\/\/agora.xtec.cat\/ies-seros\/wp-content\/uploads\/usu323\/2023\/02\/WhatsApp-Image-2023-02-13-at-14.12.07.jpeg 1536w\" sizes=\"auto, (max-width: 768px) 100vw, 768px\" \/> <img loading=\"lazy\" decoding=\"async\" class=\"aligncenter size-large wp-image-7157\" src=\"https:\/\/agora.xtec.cat\/ies-seros\/wp-content\/uploads\/usu323\/2023\/02\/WhatsApp-Image-2023-02-16-at-10.16.26-1-769x1024.jpeg\" alt=\"\" width=\"769\" height=\"1024\" srcset=\"https:\/\/agora.xtec.cat\/ies-seros\/wp-content\/uploads\/usu323\/2023\/02\/WhatsApp-Image-2023-02-16-at-10.16.26-1-769x1024.jpeg 769w, https:\/\/agora.xtec.cat\/ies-seros\/wp-content\/uploads\/usu323\/2023\/02\/WhatsApp-Image-2023-02-16-at-10.16.26-1-225x300.jpeg 225w, https:\/\/agora.xtec.cat\/ies-seros\/wp-content\/uploads\/usu323\/2023\/02\/WhatsApp-Image-2023-02-16-at-10.16.26-1-768x1023.jpeg 768w, https:\/\/agora.xtec.cat\/ies-seros\/wp-content\/uploads\/usu323\/2023\/02\/WhatsApp-Image-2023-02-16-at-10.16.26-1-1153x1536.jpeg 1153w, https:\/\/agora.xtec.cat\/ies-seros\/wp-content\/uploads\/usu323\/2023\/02\/WhatsApp-Image-2023-02-16-at-10.16.26-1.jpeg 1537w\" sizes=\"auto, (max-width: 769px) 100vw, 769px\" \/> <img loading=\"lazy\" decoding=\"async\" class=\"aligncenter size-large wp-image-7158\" src=\"https:\/\/agora.xtec.cat\/ies-seros\/wp-content\/uploads\/usu323\/2023\/02\/WhatsApp-Image-2023-02-16-at-10.16.26-1024x769.jpeg\" alt=\"\" width=\"1024\" height=\"769\" srcset=\"https:\/\/agora.xtec.cat\/ies-seros\/wp-content\/uploads\/usu323\/2023\/02\/WhatsApp-Image-2023-02-16-at-10.16.26-1024x769.jpeg 1024w, https:\/\/agora.xtec.cat\/ies-seros\/wp-content\/uploads\/usu323\/2023\/02\/WhatsApp-Image-2023-02-16-at-10.16.26-300x225.jpeg 300w, https:\/\/agora.xtec.cat\/ies-seros\/wp-content\/uploads\/usu323\/2023\/02\/WhatsApp-Image-2023-02-16-at-10.16.26-768x576.jpeg 768w, https:\/\/agora.xtec.cat\/ies-seros\/wp-content\/uploads\/usu323\/2023\/02\/WhatsApp-Image-2023-02-16-at-10.16.26-1536x1153.jpeg 1536w, https:\/\/agora.xtec.cat\/ies-seros\/wp-content\/uploads\/usu323\/2023\/02\/WhatsApp-Image-2023-02-16-at-10.16.26-200x150.jpeg 200w, https:\/\/agora.xtec.cat\/ies-seros\/wp-content\/uploads\/usu323\/2023\/02\/WhatsApp-Image-2023-02-16-at-10.16.26.jpeg 2048w\" sizes=\"auto, (max-width: 1024px) 100vw, 1024px\" \/> <img loading=\"lazy\" decoding=\"async\" class=\"aligncenter size-large wp-image-7159\" src=\"https:\/\/agora.xtec.cat\/ies-seros\/wp-content\/uploads\/usu323\/2023\/02\/WhatsApp-Image-2023-02-16-at-10.16.27-1-1024x769.jpeg\" alt=\"\" width=\"1024\" height=\"769\" srcset=\"https:\/\/agora.xtec.cat\/ies-seros\/wp-content\/uploads\/usu323\/2023\/02\/WhatsApp-Image-2023-02-16-at-10.16.27-1-1024x769.jpeg 1024w, https:\/\/agora.xtec.cat\/ies-seros\/wp-content\/uploads\/usu323\/2023\/02\/WhatsApp-Image-2023-02-16-at-10.16.27-1-300x225.jpeg 300w, https:\/\/agora.xtec.cat\/ies-seros\/wp-content\/uploads\/usu323\/2023\/02\/WhatsApp-Image-2023-02-16-at-10.16.27-1-768x576.jpeg 768w, https:\/\/agora.xtec.cat\/ies-seros\/wp-content\/uploads\/usu323\/2023\/02\/WhatsApp-Image-2023-02-16-at-10.16.27-1-1536x1153.jpeg 1536w, https:\/\/agora.xtec.cat\/ies-seros\/wp-content\/uploads\/usu323\/2023\/02\/WhatsApp-Image-2023-02-16-at-10.16.27-1-200x150.jpeg 200w, https:\/\/agora.xtec.cat\/ies-seros\/wp-content\/uploads\/usu323\/2023\/02\/WhatsApp-Image-2023-02-16-at-10.16.27-1.jpeg 2048w\" sizes=\"auto, (max-width: 1024px) 100vw, 1024px\" \/> <img loading=\"lazy\" decoding=\"async\" class=\"aligncenter size-large wp-image-7160\" src=\"https:\/\/agora.xtec.cat\/ies-seros\/wp-content\/uploads\/usu323\/2023\/02\/WhatsApp-Image-2023-02-16-at-10.16.27-1024x769.jpeg\" alt=\"\" width=\"1024\" height=\"769\" srcset=\"https:\/\/agora.xtec.cat\/ies-seros\/wp-content\/uploads\/usu323\/2023\/02\/WhatsApp-Image-2023-02-16-at-10.16.27-1024x769.jpeg 1024w, https:\/\/agora.xtec.cat\/ies-seros\/wp-content\/uploads\/usu323\/2023\/02\/WhatsApp-Image-2023-02-16-at-10.16.27-300x225.jpeg 300w, https:\/\/agora.xtec.cat\/ies-seros\/wp-content\/uploads\/usu323\/2023\/02\/WhatsApp-Image-2023-02-16-at-10.16.27-768x576.jpeg 768w, https:\/\/agora.xtec.cat\/ies-seros\/wp-content\/uploads\/usu323\/2023\/02\/WhatsApp-Image-2023-02-16-at-10.16.27-1536x1153.jpeg 1536w, https:\/\/agora.xtec.cat\/ies-seros\/wp-content\/uploads\/usu323\/2023\/02\/WhatsApp-Image-2023-02-16-at-10.16.27-200x150.jpeg 200w, https:\/\/agora.xtec.cat\/ies-seros\/wp-content\/uploads\/usu323\/2023\/02\/WhatsApp-Image-2023-02-16-at-10.16.27.jpeg 2048w\" sizes=\"auto, (max-width: 1024px) 100vw, 1024px\" \/><\/p>\n","protected":false},"excerpt":{"rendered":"<p>Durant aquesta setmana el departament de ci\u00e8ncies ha preparat diferents activitats per celebrar el Dia de la Dona i la Ci\u00e8ncia. \u00c9s important reflexionar sobre el pasat, present i futur de la Dona en les ci\u00e8ncies i treballar la coeducaci\u00f3 amb el nostre alumnat.<br \/>\n &hellip;  <a href=\"https:\/\/agora.xtec.cat\/ies-seros\/portada\/activitats-del-dia-de-la-dona-i-la-ciencia\/\" title=\"Read ACTIVITATS DEL DIA DE LA DONA I LA CI\u00c8NCIA\">Llegeix m\u00e9s\u00bb<\/a><\/p>\n","protected":false},"author":1,"featured_media":7159,"comment_status":"open","ping_status":"closed","sticky":true,"template":"","format":"standard","meta":{"_bbp_topic_count":0,"_bbp_reply_count":0,"_bbp_total_topic_count":0,"_bbp_total_reply_count":0,"_bbp_voice_count":0,"_bbp_anonymous_reply_count":0,"_bbp_topic_count_hidden":0,"_bbp_reply_count_hidden":0,"_bbp_forum_subforum_count":0,"footnotes":""},"categories":[29],"tags":[],"class_list":["post-7153","post","type-post","status-publish","format-standard","has-post-thumbnail","hentry","category-portada"],"post_mailing_queue_ids":[],"_links":{"self":[{"href":"https:\/\/agora.xtec.cat\/ies-seros\/wp-json\/wp\/v2\/posts\/7153","targetHints":{"allow":["GET"]}}],"collection":[{"href":"https:\/\/agora.xtec.cat\/ies-seros\/wp-json\/wp\/v2\/posts"}],"about":[{"href":"https:\/\/agora.xtec.cat\/ies-seros\/wp-json\/wp\/v2\/types\/post"}],"author":[{"embeddable":true,"href":"https:\/\/agora.xtec.cat\/ies-seros\/wp-json\/wp\/v2\/users\/1"}],"replies":[{"embeddable":true,"href":"https:\/\/agora.xtec.cat\/ies-seros\/wp-json\/wp\/v2\/comments?post=7153"}],"version-history":[{"count":1,"href":"https:\/\/agora.xtec.cat\/ies-seros\/wp-json\/wp\/v2\/posts\/7153\/revisions"}],"predecessor-version":[{"id":7161,"href":"https:\/\/agora.xtec.cat\/ies-seros\/wp-json\/wp\/v2\/posts\/7153\/revisions\/7161"}],"wp:featuredmedia":[{"embeddable":true,"href":"https:\/\/agora.xtec.cat\/ies-seros\/wp-json\/wp\/v2\/media\/7159"}],"wp:attachment":[{"href":"https:\/\/agora.xtec.cat\/ies-seros\/wp-json\/wp\/v2\/media?parent=7153"}],"wp:term":[{"taxonomy":"category","embeddable":true,"href":"https:\/\/agora.xtec.cat\/ies-seros\/wp-json\/wp\/v2\/categories?post=7153"},{"taxonomy":"post_tag","embeddable":true,"href":"https:\/\/agora.xtec.cat\/ies-seros\/wp-json\/wp\/v2\/tags?post=7153"}],"curies":[{"name":"wp","href":"https:\/\/api.w.org\/{rel}","templated":true}]}}