{"id":7145,"date":"2023-03-17T11:20:35","date_gmt":"2023-03-17T10:20:35","guid":{"rendered":"https:\/\/agora.xtec.cat\/ies-seros\/?p=7145"},"modified":"2023-03-19T10:25:25","modified_gmt":"2023-03-19T09:25:25","slug":"canvi-de-nom-del-laboratori-de-biologia-i-geologia","status":"publish","type":"post","link":"https:\/\/agora.xtec.cat\/ies-seros\/general\/canvi-de-nom-del-laboratori-de-biologia-i-geologia\/","title":{"rendered":"LYNN MARGULIS: CANVI DE NOM DEL LABORATORI DE BIOLOGIA I GEOLOGIA"},"content":{"rendered":"<p><strong>Aprofitem el Dia de la Dona i la Ci\u00e8ncia per fer canvi de nom al Laboratori de Biologia i Geologia. Ara es dir\u00e0 Laboratori Lynn Margulis, per commemorar aquesta cient\u00edfica, visibilitzar la seva feina i promoure la igualtat a la ci\u00e8ncia!!<\/strong><\/p>\n<p><strong>L\u2019alumnat d\u2019OPTATIVA DE LABORATORI de 1r de Batxillerat<\/strong> ha preparat una activitat per donar a con\u00e8ixer a la <strong>cient\u00edfica Lynn Margulis<\/strong>.<\/p>\n<p>Primer podeu mirar un <a href=\"https:\/\/drive.google.com\/file\/d\/1-6xtU-UDKZPUjSF5pAIgehDpghCRye-T\/view?usp=share_link\"><em>v\u00eddeo<\/em><\/a> on s\u2019explica la import\u00e0ncia de Lynn Margulis, segon mireu un <a href=\"https:\/\/drive.google.com\/file\/d\/1KgV4HSL8JmhqXUP2IDPLdLJrh1DAhL6P\/view?usp=share_link\"><em>p\u00f2ster<\/em><\/a> on es resumeix la seva aportaci\u00f3 a la ci\u00e8ncia i, per \u00faltim, podeu avaluar el que heu apr\u00e8s amb un <a href=\"https:\/\/play.kahoot.it\/v2\/?quizId=39083450-07c0-446d-8511-0bcfdb09016b\"><em>Kahoot<\/em><\/a>!!!!<\/p>\n<p>A m\u00e9s a m\u00e9s, si voleu saber perqu\u00e8 Lynn Margulis va comen\u00e7ar una <em>revoluci\u00f3 cient\u00edfica i el canvi revolucionari en la forma de veure el m\u00f3n<\/em>, podeu mirar els seg\u00fcents v\u00eddeos:<\/p>\n<ul>\n<li><a href=\"https:\/\/vimeo.com\/215519625\">SymbioticEarthTrailer (1:30)<\/a><\/li>\n<li><a href=\"https:\/\/www.ccma.cat\/tv3\/alacarta\/latituds\/associar-se-a-lecosistema-terra\/video\/5867047\/\">Documental de TV3 &#8220;Associar-se a l\u2019ecosistema terra&#8221;<\/a> (1h 12min)<\/li>\n<\/ul>\n<p>Esperem que us agradi!!!!<\/p>\n<p><img loading=\"lazy\" decoding=\"async\" class=\"aligncenter size-large wp-image-7149\" src=\"https:\/\/agora.xtec.cat\/ies-seros\/wp-content\/uploads\/usu323\/2023\/02\/WhatsApp-Image-2023-02-16-at-11.12.27-1024x683.jpeg\" alt=\"\" width=\"1024\" height=\"683\" srcset=\"https:\/\/agora.xtec.cat\/ies-seros\/wp-content\/uploads\/usu323\/2023\/02\/WhatsApp-Image-2023-02-16-at-11.12.27-1024x683.jpeg 1024w, https:\/\/agora.xtec.cat\/ies-seros\/wp-content\/uploads\/usu323\/2023\/02\/WhatsApp-Image-2023-02-16-at-11.12.27-300x200.jpeg 300w, https:\/\/agora.xtec.cat\/ies-seros\/wp-content\/uploads\/usu323\/2023\/02\/WhatsApp-Image-2023-02-16-at-11.12.27-768x512.jpeg 768w, https:\/\/agora.xtec.cat\/ies-seros\/wp-content\/uploads\/usu323\/2023\/02\/WhatsApp-Image-2023-02-16-at-11.12.27.jpeg 1080w\" sizes=\"auto, (max-width: 1024px) 100vw, 1024px\" \/> <img loading=\"lazy\" decoding=\"async\" class=\"aligncenter size-large wp-image-7150\" src=\"https:\/\/agora.xtec.cat\/ies-seros\/wp-content\/uploads\/usu323\/2023\/02\/WhatsApp-Image-2023-02-16-at-11.12.28-1-1024x683.jpeg\" alt=\"\" width=\"1024\" height=\"683\" srcset=\"https:\/\/agora.xtec.cat\/ies-seros\/wp-content\/uploads\/usu323\/2023\/02\/WhatsApp-Image-2023-02-16-at-11.12.28-1-1024x683.jpeg 1024w, https:\/\/agora.xtec.cat\/ies-seros\/wp-content\/uploads\/usu323\/2023\/02\/WhatsApp-Image-2023-02-16-at-11.12.28-1-300x200.jpeg 300w, https:\/\/agora.xtec.cat\/ies-seros\/wp-content\/uploads\/usu323\/2023\/02\/WhatsApp-Image-2023-02-16-at-11.12.28-1-768x512.jpeg 768w, https:\/\/agora.xtec.cat\/ies-seros\/wp-content\/uploads\/usu323\/2023\/02\/WhatsApp-Image-2023-02-16-at-11.12.28-1.jpeg 1080w\" sizes=\"auto, (max-width: 1024px) 100vw, 1024px\" \/> <img loading=\"lazy\" decoding=\"async\" class=\"aligncenter size-large wp-image-7151\" src=\"https:\/\/agora.xtec.cat\/ies-seros\/wp-content\/uploads\/usu323\/2023\/02\/WhatsApp-Image-2023-02-16-at-11.12.28-2-1024x683.jpeg\" alt=\"\" width=\"1024\" height=\"683\" srcset=\"https:\/\/agora.xtec.cat\/ies-seros\/wp-content\/uploads\/usu323\/2023\/02\/WhatsApp-Image-2023-02-16-at-11.12.28-2-1024x683.jpeg 1024w, https:\/\/agora.xtec.cat\/ies-seros\/wp-content\/uploads\/usu323\/2023\/02\/WhatsApp-Image-2023-02-16-at-11.12.28-2-300x200.jpeg 300w, https:\/\/agora.xtec.cat\/ies-seros\/wp-content\/uploads\/usu323\/2023\/02\/WhatsApp-Image-2023-02-16-at-11.12.28-2-768x512.jpeg 768w, https:\/\/agora.xtec.cat\/ies-seros\/wp-content\/uploads\/usu323\/2023\/02\/WhatsApp-Image-2023-02-16-at-11.12.28-2.jpeg 1080w\" sizes=\"auto, (max-width: 1024px) 100vw, 1024px\" \/><\/p>\n","protected":false},"excerpt":{"rendered":"<p>Aprofitem el Dia de la Dona i la Ci\u00e8ncia per fer canvi de nom al Laboratori de Biologia i Geologia. Ara es dir\u00e0 Laboratori Lynn Margulis, per commemorar aquesta cient\u00edfica, visibilitzar la seva feina i promoure la igualtat a la ci\u00e8ncia!!<br \/>\nL\u2019alumnat d\u2019OPTATIVA DE LABORATORI de&hellip;  <a href=\"https:\/\/agora.xtec.cat\/ies-seros\/general\/canvi-de-nom-del-laboratori-de-biologia-i-geologia\/\" title=\"Read LYNN MARGULIS: CANVI DE NOM DEL LABORATORI DE BIOLOGIA I GEOLOGIA\">Llegeix m\u00e9s\u00bb<\/a><\/p>\n","protected":false},"author":1,"featured_media":7147,"comment_status":"open","ping_status":"closed","sticky":true,"template":"","format":"standard","meta":{"_bbp_topic_count":0,"_bbp_reply_count":0,"_bbp_total_topic_count":0,"_bbp_total_reply_count":0,"_bbp_voice_count":0,"_bbp_anonymous_reply_count":0,"_bbp_topic_count_hidden":0,"_bbp_reply_count_hidden":0,"_bbp_forum_subforum_count":0,"footnotes":""},"categories":[370,1,29],"tags":[],"class_list":["post-7145","post","type-post","status-publish","format-standard","has-post-thumbnail","hentry","category-depce","category-general","category-portada"],"post_mailing_queue_ids":[],"_links":{"self":[{"href":"https:\/\/agora.xtec.cat\/ies-seros\/wp-json\/wp\/v2\/posts\/7145","targetHints":{"allow":["GET"]}}],"collection":[{"href":"https:\/\/agora.xtec.cat\/ies-seros\/wp-json\/wp\/v2\/posts"}],"about":[{"href":"https:\/\/agora.xtec.cat\/ies-seros\/wp-json\/wp\/v2\/types\/post"}],"author":[{"embeddable":true,"href":"https:\/\/agora.xtec.cat\/ies-seros\/wp-json\/wp\/v2\/users\/1"}],"replies":[{"embeddable":true,"href":"https:\/\/agora.xtec.cat\/ies-seros\/wp-json\/wp\/v2\/comments?post=7145"}],"version-history":[{"count":4,"href":"https:\/\/agora.xtec.cat\/ies-seros\/wp-json\/wp\/v2\/posts\/7145\/revisions"}],"predecessor-version":[{"id":7327,"href":"https:\/\/agora.xtec.cat\/ies-seros\/wp-json\/wp\/v2\/posts\/7145\/revisions\/7327"}],"wp:featuredmedia":[{"embeddable":true,"href":"https:\/\/agora.xtec.cat\/ies-seros\/wp-json\/wp\/v2\/media\/7147"}],"wp:attachment":[{"href":"https:\/\/agora.xtec.cat\/ies-seros\/wp-json\/wp\/v2\/media?parent=7145"}],"wp:term":[{"taxonomy":"category","embeddable":true,"href":"https:\/\/agora.xtec.cat\/ies-seros\/wp-json\/wp\/v2\/categories?post=7145"},{"taxonomy":"post_tag","embeddable":true,"href":"https:\/\/agora.xtec.cat\/ies-seros\/wp-json\/wp\/v2\/tags?post=7145"}],"curies":[{"name":"wp","href":"https:\/\/api.w.org\/{rel}","templated":true}]}}