{"id":6475,"date":"2022-09-13T10:05:00","date_gmt":"2022-09-13T08:05:00","guid":{"rendered":"https:\/\/agora.xtec.cat\/ies-seros\/?p=6475"},"modified":"2022-09-15T13:31:07","modified_gmt":"2022-09-15T11:31:07","slug":"properes-reunions-dinici-de-curs","status":"publish","type":"post","link":"https:\/\/agora.xtec.cat\/ies-seros\/general\/properes-reunions-dinici-de-curs\/","title":{"rendered":"REUNIONS D&#8217;INICI DE CURS"},"content":{"rendered":"<p>Benvolgudes fam\u00edlies,<br \/>\nEm plau convocar als pares i mares de l&#8217;alumnat de\u00a0<strong>batxillerat\u00a0<\/strong>a la reuni\u00f3 del proper\u00a0<strong>dimarts 20 de setembre\u00a0<\/strong>i als de l&#8217;alumnat de l&#8217;ESO\u00a0<strong>dimarts 27 de setembre,\u00a0<\/strong>en ambd\u00f3s casos<strong>\u00a0a les 18.30 hores<\/strong>\u00a0per parlar d\u2019aspectes de funcionament general i de grup. \u00a0Cada reuni\u00f3 ser\u00e0 condu\u00efda pel tutor\/a\u00a0<strong>a la seva aula<\/strong>. La tutora d&#8217;aula d&#8217;acollida atendr\u00e0 als seus alumnes.<br \/>\nUn cop acabin les reunions de\u00a0<strong>batxillerat\u00a0<\/strong>es far\u00e0 una reuni\u00f3 conjunta per informar d&#8217;aspectes importants del\u00a0<strong>viatge a Londres<\/strong>\u00a0i atendre els dubtes de les fam\u00edlies. \u00c9s per aquest motiu que el coordinador del viatge ens ha demanat avan\u00e7ar la data prevista a la planificaci\u00f3 general.<br \/>\n<strong>Totes les reunions seran \u00fanicament en format presencial.<\/strong><\/p>\n<p>Considerem que per tal de fomentar la col\u2022laboraci\u00f3 fam\u00edlia &#8211; institut \u00e9s molt important mantenir aquest contacte per la qual cosa us animem a assistir-hi.<br \/>\n\u00c9s una oportunitat per compartir els dubtes i neguits d&#8217;inici de curs i \u00e9s per aix\u00f2 que hem programat la reuni\u00f3 el m\u00e9s aviat possible. Si no podeu assistir preguem informeu al tutor\/a.<br \/>\nA la reuni\u00f3 us informarem del dia i hora que els tutors i tutores disposen per a atendre-us.<br \/>\n<strong>Recordem:<\/strong><\/p>\n<ul type=\"disc\">\n<li><strong>20 setembre &#8211; Batxillerat &#8211; 18.30 hores &#8211; Aules de l&#8217;Edifici modular al carrer Montllob\u00e9.<\/strong><\/li>\n<li><strong>27 setembre &#8211; ESO &#8211; 18.30 hores &#8211; 1r a 3r ESO Aules edifici principal a la Pla\u00e7a Escoles. 4t ESO Aules edifici modular al carrer Montllob\u00e9<br \/>\n<\/strong><br \/>\nBen cordialment,<br \/>\nDirecci\u00f3<\/li>\n<\/ul>\n<p>&nbsp;<\/p>\n","protected":false},"excerpt":{"rendered":"<p>Benvolgudes fam\u00edlies,<br \/>\nEm plau convocar als pares i mares de l&#8217;alumnat de\u00a0batxillerat\u00a0a la reuni\u00f3 del proper\u00a0dimarts 20 de setembre\u00a0i als de l&#8217;alumnat de l&#8217;ESO\u00a0dimarts 27 de setembre,\u00a0en ambd\u00f3s casos\u00a0a les 18.30 hores\u00a0per parlar d\u2019aspectes de funcionament general i de grup. \u00a0Cada reuni\u00f3 ser\u00e0 condu\u00efda pel tutor\/a\u00a0a&hellip;  <a href=\"https:\/\/agora.xtec.cat\/ies-seros\/general\/properes-reunions-dinici-de-curs\/\" title=\"Read REUNIONS D&#8217;INICI DE CURS\">Llegeix m\u00e9s\u00bb<\/a><\/p>\n","protected":false},"author":1,"featured_media":6476,"comment_status":"open","ping_status":"closed","sticky":true,"template":"","format":"standard","meta":{"_bbp_topic_count":0,"_bbp_reply_count":0,"_bbp_total_topic_count":0,"_bbp_total_reply_count":0,"_bbp_voice_count":0,"_bbp_anonymous_reply_count":0,"_bbp_topic_count_hidden":0,"_bbp_reply_count_hidden":0,"_bbp_forum_subforum_count":0,"footnotes":""},"categories":[1,29],"tags":[],"class_list":["post-6475","post","type-post","status-publish","format-standard","has-post-thumbnail","hentry","category-general","category-portada"],"post_mailing_queue_ids":[],"_links":{"self":[{"href":"https:\/\/agora.xtec.cat\/ies-seros\/wp-json\/wp\/v2\/posts\/6475","targetHints":{"allow":["GET"]}}],"collection":[{"href":"https:\/\/agora.xtec.cat\/ies-seros\/wp-json\/wp\/v2\/posts"}],"about":[{"href":"https:\/\/agora.xtec.cat\/ies-seros\/wp-json\/wp\/v2\/types\/post"}],"author":[{"embeddable":true,"href":"https:\/\/agora.xtec.cat\/ies-seros\/wp-json\/wp\/v2\/users\/1"}],"replies":[{"embeddable":true,"href":"https:\/\/agora.xtec.cat\/ies-seros\/wp-json\/wp\/v2\/comments?post=6475"}],"version-history":[{"count":3,"href":"https:\/\/agora.xtec.cat\/ies-seros\/wp-json\/wp\/v2\/posts\/6475\/revisions"}],"predecessor-version":[{"id":6480,"href":"https:\/\/agora.xtec.cat\/ies-seros\/wp-json\/wp\/v2\/posts\/6475\/revisions\/6480"}],"wp:featuredmedia":[{"embeddable":true,"href":"https:\/\/agora.xtec.cat\/ies-seros\/wp-json\/wp\/v2\/media\/6476"}],"wp:attachment":[{"href":"https:\/\/agora.xtec.cat\/ies-seros\/wp-json\/wp\/v2\/media?parent=6475"}],"wp:term":[{"taxonomy":"category","embeddable":true,"href":"https:\/\/agora.xtec.cat\/ies-seros\/wp-json\/wp\/v2\/categories?post=6475"},{"taxonomy":"post_tag","embeddable":true,"href":"https:\/\/agora.xtec.cat\/ies-seros\/wp-json\/wp\/v2\/tags?post=6475"}],"curies":[{"name":"wp","href":"https:\/\/api.w.org\/{rel}","templated":true}]}}