{"id":6441,"date":"2022-07-26T10:55:53","date_gmt":"2022-07-26T08:55:53","guid":{"rendered":"https:\/\/agora.xtec.cat\/ies-seros\/?p=6441"},"modified":"2025-01-24T19:56:17","modified_gmt":"2025-01-24T18:56:17","slug":"bones-practiques-xarxa-descoles-per-a-la-sostenibilitat-de-catalunya","status":"publish","type":"post","link":"https:\/\/agora.xtec.cat\/ies-seros\/general\/bones-practiques-xarxa-descoles-per-a-la-sostenibilitat-de-catalunya\/","title":{"rendered":"Bones Pr\u00e0ctiques Xarxa d&#8217;Escoles per a la Sostenibilitat de Catalunya"},"content":{"rendered":"<p>El <strong>Servei d\u2019assessorament del Programa Escoles Verdes <\/strong>ens ha animat a omplir\u00a0una <a href=\"https:\/\/drive.google.com\/file\/d\/1gS3QGh3zNR3u1tz85a5KP2DaBH6t5WnC\/view?usp=sharing\"><strong>fitxa de Bones pr\u00e0ctiques<\/strong><\/a> que hem enviat a la <strong>Xarxa d&#8217;Escoles per a la Sostenibilitat de Catalunya<\/strong>. Descriu el <strong>projecte &#8220;Esmorzars SOStenibles i SAludables&#8221;<\/strong> que hem estat duent a terme enguany, vinculat als <strong>ODS 3 i 12<\/strong>, i en el que s&#8217;han implicat totes les fam\u00edlies.<\/p>\n<p>Aquest projecte s\u2019ha desenvolupat a les tutories durant tot el curs, coordinat des de Escoles Verdes, i supervisat pels eco-delegats\/des de cada classe.\u00a0\u00c9s un projecte que fa 3 cursos que van iniciar, i s\u2019ha anat consolidant i millorant.<\/p>\n<p>Es continua duent a terme perqu\u00e8 encara es generaven massa residus d\u2019un sol \u00fas pels esmorzars al nostre institut, i es volia aconseguir la seva reducci\u00f3 al m\u00e0xim.<\/p>\n<p>Gr\u00e0cies a aquest projecte, ens hem q\u00fcestionat si els nostres esmorzars s\u00f3n SOStenibles, SAludables i Responsables. Tota la comunitat educativa ha pres m\u00e9s consci\u00e8ncia de la gran quantitat de residus d\u2019un sol \u00fas que generem individualment, la necessitat de la seva reducci\u00f3, i la import\u00e0ncia de la compra de productes m\u00e9s equilibrats i sans.<\/p>\n<p>Enguany s\u2019ha aconseguit reduir significativament els residus pl\u00e0stics al centre, fent m\u00e9s part\u00edcip a l\u2019alumnat en el seguiment del projecte i implicant les fam\u00edlies per aconseguir els objectius.<\/p>\n<figure class=\"figure wp-caption aligncenter\"><a href=\"https:\/\/agora.xtec.cat\/ies-seros\/wp-content\/uploads\/usu323\/2022\/07\/Grafics-comparacio-esmorzars-19-20_21-22-low.jpg\"><img loading=\"lazy\" decoding=\"async\" class=\"size-full wp-image-6446\" src=\"https:\/\/agora.xtec.cat\/ies-seros\/wp-content\/uploads\/usu323\/2022\/07\/Grafics-comparacio-esmorzars-19-20_21-22-low.jpg\" alt=\"\" width=\"640\" height=\"286\" srcset=\"https:\/\/agora.xtec.cat\/ies-seros\/wp-content\/uploads\/usu323\/2022\/07\/Grafics-comparacio-esmorzars-19-20_21-22-low.jpg 640w, https:\/\/agora.xtec.cat\/ies-seros\/wp-content\/uploads\/usu323\/2022\/07\/Grafics-comparacio-esmorzars-19-20_21-22-low-300x134.jpg 300w\" sizes=\"auto, (max-width: 640px) 100vw, 640px\" \/><\/a><figcaption class=\"wp-caption-text\">Gr\u00e0fics comparaci\u00f3 esmorzars. Resultats del curs 21-22 i curs 20-21.<\/figcaption><\/figure>\n<p>&nbsp;<\/p>\n<p>Els <strong>Objectius<\/strong> de l\u2019activitat han estat:<\/p>\n<ul>\n<li>Fer <strong>conscient i part\u00edcip<\/strong> a tota la comunitat educativa respecte el <strong>consum saludable i sostenible<\/strong>.<\/li>\n<li><strong>Repensar <\/strong>els esmorzars, per tal de que siguin SAludables i SOStenibles, <strong>Reduint <\/strong>al m\u00e0xim els residus.<\/li>\n<li>Utilitzar envasos <strong>Reutilitzables <\/strong><em>(embolcalls d\u2019entrepans, botelles reomplenables)<\/em> i <strong>Rebutjar<\/strong> el pl\u00e0stic d\u2019un sol \u00fas i el paper d\u2019alumini.<\/li>\n<li><strong>Reciclar<\/strong> correctament els nostres residus <em>(recollida selectiva de pl\u00e0stic, paper i org\u00e0nic)<\/em>.<\/li>\n<\/ul>\n<p>Tot i la millora significativa en la reducci\u00f3 de residus, cal continuar sent contundent per aconseguir el 100% d&#8217;\u00e8xit. Per aix\u00f2, el curs vinent aquest projecte tindr\u00e0 continu\u00eftat, millorant alguns aspectes.<\/p>\n<p>Des d&#8217;Escola Verda de l&#8217;INS Ser\u00f2s agra\u00efm a tota la comunitat educativa per dur-lo a terme, i a l&#8217;ajuda i consells del <strong>Servei d\u2019assessorament del Programa Escoles Verdes\u00a0<\/strong>durant tot el curs.<\/p>\n<p><strong>Cap a un INS Ser\u00f2s m\u00e9s sostenible!!!!<\/strong><\/p>\n","protected":false},"excerpt":{"rendered":"<p>El Servei d\u2019assessorament del Programa Escoles Verdes ens ha animat a omplir\u00a0una <a href=\"https:\/\/drive.google.com\/file\/d\/1gS3QGh3zNR3u1tz85a5KP2DaBH6t5WnC\/view?usp=sharing\">fitxa de Bones pr\u00e0ctiques<\/a> que hem enviat a la Xarxa d&#8217;Escoles per a la Sostenibilitat de Catalunya. Descriu el projecte &#8220;Esmorzars SOStenibles i SAludables&#8221; que hem estat duent a terme enguany, vinculat&hellip;  <a href=\"https:\/\/agora.xtec.cat\/ies-seros\/general\/bones-practiques-xarxa-descoles-per-a-la-sostenibilitat-de-catalunya\/\" title=\"Read Bones Pr\u00e0ctiques Xarxa d&#8217;Escoles per a la Sostenibilitat de Catalunya\">Llegeix m\u00e9s\u00bb<\/a><\/p>\n","protected":false},"author":42,"featured_media":6444,"comment_status":"open","ping_status":"closed","sticky":true,"template":"","format":"standard","meta":{"_bbp_topic_count":0,"_bbp_reply_count":0,"_bbp_total_topic_count":0,"_bbp_total_reply_count":0,"_bbp_voice_count":0,"_bbp_anonymous_reply_count":0,"_bbp_topic_count_hidden":0,"_bbp_reply_count_hidden":0,"_bbp_forum_subforum_count":0,"footnotes":""},"categories":[116,1,29],"tags":[415,56],"class_list":["post-6441","post","type-post","status-publish","format-standard","has-post-thumbnail","hentry","category-escola-verda","category-general","category-portada","tag-escolesverdes25","tag-escola-verda"],"post_mailing_queue_ids":[],"_links":{"self":[{"href":"https:\/\/agora.xtec.cat\/ies-seros\/wp-json\/wp\/v2\/posts\/6441","targetHints":{"allow":["GET"]}}],"collection":[{"href":"https:\/\/agora.xtec.cat\/ies-seros\/wp-json\/wp\/v2\/posts"}],"about":[{"href":"https:\/\/agora.xtec.cat\/ies-seros\/wp-json\/wp\/v2\/types\/post"}],"author":[{"embeddable":true,"href":"https:\/\/agora.xtec.cat\/ies-seros\/wp-json\/wp\/v2\/users\/42"}],"replies":[{"embeddable":true,"href":"https:\/\/agora.xtec.cat\/ies-seros\/wp-json\/wp\/v2\/comments?post=6441"}],"version-history":[{"count":3,"href":"https:\/\/agora.xtec.cat\/ies-seros\/wp-json\/wp\/v2\/posts\/6441\/revisions"}],"predecessor-version":[{"id":6448,"href":"https:\/\/agora.xtec.cat\/ies-seros\/wp-json\/wp\/v2\/posts\/6441\/revisions\/6448"}],"wp:featuredmedia":[{"embeddable":true,"href":"https:\/\/agora.xtec.cat\/ies-seros\/wp-json\/wp\/v2\/media\/6444"}],"wp:attachment":[{"href":"https:\/\/agora.xtec.cat\/ies-seros\/wp-json\/wp\/v2\/media?parent=6441"}],"wp:term":[{"taxonomy":"category","embeddable":true,"href":"https:\/\/agora.xtec.cat\/ies-seros\/wp-json\/wp\/v2\/categories?post=6441"},{"taxonomy":"post_tag","embeddable":true,"href":"https:\/\/agora.xtec.cat\/ies-seros\/wp-json\/wp\/v2\/tags?post=6441"}],"curies":[{"name":"wp","href":"https:\/\/api.w.org\/{rel}","templated":true}]}}