{"id":6073,"date":"2022-04-21T22:01:58","date_gmt":"2022-04-21T20:01:58","guid":{"rendered":"https:\/\/agora.xtec.cat\/ies-seros\/?p=6073"},"modified":"2022-04-21T22:01:58","modified_gmt":"2022-04-21T20:01:58","slug":"orientacio-4t-eso-informacio-per-les-families-i-alumnes","status":"publish","type":"post","link":"https:\/\/agora.xtec.cat\/ies-seros\/general\/orientacio-4t-eso-informacio-per-les-families-i-alumnes\/","title":{"rendered":"ORIENTACI\u00d3 4t ESO: INFORMACI\u00d3 PER LES FAM\u00cdLIES I ALUMNES"},"content":{"rendered":"<p>Despr\u00e9s de la reuni\u00f3 d\u2019ahir a vespre amb les fam\u00edlies adjuntem les presentacions amb la informaci\u00f3 que es va detallar per tal que pogueu realitzar el proc\u00e9s de preinscripci\u00f3.<br \/>\nEl termini per presentar les sol.licituds per batxillerat i formaci\u00f3 professional de grau mitj\u00e0 \u00e9s fins al 26 d\u2019abril.<\/p>\n<p>Adjuntem les presentacions que es varen passar a la reuni\u00f3.<\/p>\n<p><a href=\"https:\/\/drive.google.com\/file\/d\/15AI7eRZt-ZiKwB5BVzi3bAEXej_Oz-Hy\/view?usp=sharing\" target=\"_blank\" rel=\"noopener\">CALENDARI PREINSCRIPCIONS<\/a><\/p>\n<p><a href=\"https:\/\/drive.google.com\/file\/d\/17SUucVGfQydg9hL1CwqKYIkqzssPcy9W\/view?usp=sharing\" target=\"_blank\" rel=\"noopener\">ORIENTACI\u00d3 ACAD\u00c8MICA<\/a><\/p>\n<p><a href=\"https:\/\/drive.google.com\/file\/d\/1upNMNstyR_oCK4Cyx0jEQzASfPd86FYp\/view?usp=sharing\" target=\"_blank\" rel=\"noopener\">PREINSCRIPCI\u00d3 CICLES FORMATIUS<\/a><\/p>\n<p><a href=\"https:\/\/drive.google.com\/file\/d\/1Br-0BWmluQfOFMvdpsdAgHnl9_AtHp-E\/view?usp=sharing\" target=\"_blank\" rel=\"noopener\">PREINSCRIPCI\u00d3 PROGRAMES FORMACI\u00d3 I INSERCI\u00d3<\/a><\/p>\n<p>&nbsp;<\/p>\n<p>&nbsp;<\/p>\n","protected":false},"excerpt":{"rendered":"<p>Despr\u00e9s de la reuni\u00f3 d\u2019ahir a vespre amb les fam\u00edlies adjuntem les presentacions amb la informaci\u00f3 que es va detallar per tal que pogueu realitzar el proc\u00e9s de preinscripci\u00f3.<br \/>\nEl termini per presentar les sol.licituds per batxillerat i formaci\u00f3 professional de grau mitj\u00e0 \u00e9s fins al&hellip;  <a href=\"https:\/\/agora.xtec.cat\/ies-seros\/general\/orientacio-4t-eso-informacio-per-les-families-i-alumnes\/\" title=\"Read ORIENTACI\u00d3 4t ESO: INFORMACI\u00d3 PER LES FAM\u00cdLIES I ALUMNES\">Llegeix m\u00e9s\u00bb<\/a><\/p>\n","protected":false},"author":1,"featured_media":6075,"comment_status":"open","ping_status":"closed","sticky":true,"template":"","format":"standard","meta":{"_bbp_topic_count":0,"_bbp_reply_count":0,"_bbp_total_topic_count":0,"_bbp_total_reply_count":0,"_bbp_voice_count":0,"_bbp_anonymous_reply_count":0,"_bbp_topic_count_hidden":0,"_bbp_reply_count_hidden":0,"_bbp_forum_subforum_count":0,"footnotes":""},"categories":[385,1,29],"tags":[392],"class_list":["post-6073","post","type-post","status-publish","format-standard","has-post-thumbnail","hentry","category-departament-dorientacio","category-general","category-portada","tag-orientacio"],"post_mailing_queue_ids":[],"_links":{"self":[{"href":"https:\/\/agora.xtec.cat\/ies-seros\/wp-json\/wp\/v2\/posts\/6073","targetHints":{"allow":["GET"]}}],"collection":[{"href":"https:\/\/agora.xtec.cat\/ies-seros\/wp-json\/wp\/v2\/posts"}],"about":[{"href":"https:\/\/agora.xtec.cat\/ies-seros\/wp-json\/wp\/v2\/types\/post"}],"author":[{"embeddable":true,"href":"https:\/\/agora.xtec.cat\/ies-seros\/wp-json\/wp\/v2\/users\/1"}],"replies":[{"embeddable":true,"href":"https:\/\/agora.xtec.cat\/ies-seros\/wp-json\/wp\/v2\/comments?post=6073"}],"version-history":[{"count":2,"href":"https:\/\/agora.xtec.cat\/ies-seros\/wp-json\/wp\/v2\/posts\/6073\/revisions"}],"predecessor-version":[{"id":6076,"href":"https:\/\/agora.xtec.cat\/ies-seros\/wp-json\/wp\/v2\/posts\/6073\/revisions\/6076"}],"wp:featuredmedia":[{"embeddable":true,"href":"https:\/\/agora.xtec.cat\/ies-seros\/wp-json\/wp\/v2\/media\/6075"}],"wp:attachment":[{"href":"https:\/\/agora.xtec.cat\/ies-seros\/wp-json\/wp\/v2\/media?parent=6073"}],"wp:term":[{"taxonomy":"category","embeddable":true,"href":"https:\/\/agora.xtec.cat\/ies-seros\/wp-json\/wp\/v2\/categories?post=6073"},{"taxonomy":"post_tag","embeddable":true,"href":"https:\/\/agora.xtec.cat\/ies-seros\/wp-json\/wp\/v2\/tags?post=6073"}],"curies":[{"name":"wp","href":"https:\/\/api.w.org\/{rel}","templated":true}]}}