{"id":5982,"date":"2022-03-30T10:14:52","date_gmt":"2022-03-30T08:14:52","guid":{"rendered":"https:\/\/agora.xtec.cat\/ies-seros\/?p=5982"},"modified":"2022-03-30T13:36:53","modified_gmt":"2022-03-30T11:36:53","slug":"pr3-i-1a-jornada-internacional-implicat-5a-jornada-descoles-solidaries","status":"publish","type":"post","link":"https:\/\/agora.xtec.cat\/ies-seros\/general\/pr3-i-1a-jornada-internacional-implicat-5a-jornada-descoles-solidaries\/","title":{"rendered":"PR3 i 1a Jornada Internacional Implica&#8217;t+ &#8211; 5a Jornada d\u2019Escoles Solid\u00e0ries"},"content":{"rendered":"<p><a href=\"https:\/\/agora.xtec.cat\/ies-seros\/wp-content\/uploads\/usu323\/2022\/03\/Cartell-1a-Jornada-Internacional-Implicat.jpg\"><img loading=\"lazy\" decoding=\"async\" class=\" wp-image-5987 aligncenter\" src=\"https:\/\/agora.xtec.cat\/ies-seros\/wp-content\/uploads\/usu323\/2022\/03\/Cartell-1a-Jornada-Internacional-Implicat-e1648625130948.jpg\" alt=\"\" width=\"303\" height=\"427\" \/><\/a><\/p>\n<p>Presentaci\u00f3 del p\u00f2ster realitzat pels alumnes del PR3 del nostre institut i altres alumnes de dos centres de la prov\u00edncia de Lleida: Institut Torre Vicens (Lleida) i Institut Terres de Ponent (Mollerussa); el dissabte 26 de mar\u00e7, a la <strong>1a Jornada Internacional Implica&#8217;t+ &#8211; 5a Jornada d\u2019Escoles Solid\u00e0ries<\/strong> a la Sala Jaume Magre de Lleida.<\/p>\n<p>L\u2019objectiu d\u2019aquesta jornada educativa \u00e9s oferir informacions i propostes de futur per avan\u00e7ar en la idea de fer del nostre planeta un lloc m\u00e9s hum\u00e0, m\u00e9s ecol\u00f2gic, m\u00e9s ecofeminista i millor.<\/p>\n<p>Fa 10 anys va n\u00e9ixer el projecte \u201cImplica\u2019t+ amb La Carta de la Terra i els Objectius de Desenvolupament Sostenible\u201d com la iniciativa d\u2019un grup de treball del Centre de Recursos Pedag\u00f2gics (CRP) del Segri\u00e0 format per docents i altres persones vinculades al m\u00f3n de l\u2019educaci\u00f3, que comparteixen una visi\u00f3 del m\u00f3n on la conscienciaci\u00f3 d\u2019una \u00e8tica planet\u00e0ria, compromesa amb nosaltres mateixos i respectuosa amb la natura, esdevingui l\u2019eix de les nostres accions.<\/p>\n<p>Veure v\u00eddeo: <a href=\"https:\/\/youtu.be\/Dipo_lVjoFY\">https:\/\/youtu.be\/Dipo_lVjoFY<\/a><\/p>\n<p><a href=\"https:\/\/www.instagram.com\/explore\/tags\/implicat\/\">#Implicat<\/a> <a href=\"https:\/\/www.instagram.com\/explore\/tags\/lacartadelaterra\/\">#LaCartadelaTerra<\/a> <a href=\"https:\/\/www.instagram.com\/explore\/tags\/principis\/\">#Principis<\/a> <a href=\"https:\/\/www.instagram.com\/explore\/tags\/p%C3%B2ster\/\">#P\u00f2ster<\/a> <a href=\"https:\/\/www.instagram.com\/explore\/tags\/1%C2%AAjornadainternacional\/\">#1\u00aaJornadaInternacional<\/a> <a href=\"https:\/\/www.instagram.com\/explore\/tags\/diputaci%C3%B3\/\">#5a Jornada d\u2019Escoles Solid\u00e0ries #Diputaci\u00f3<\/a> <a href=\"https:\/\/www.instagram.com\/explore\/tags\/iei\/\">#IEI<\/a> <a href=\"https:\/\/www.instagram.com\/explore\/tags\/lleida\/\">#Lleida<\/a> <a href=\"https:\/\/www.instagram.com\/explore\/tags\/centreseducatius\/\">#CentresEducatius<\/a> <a href=\"https:\/\/www.instagram.com\/explore\/tags\/pr3\/\">#PR3<\/a> <a href=\"https:\/\/www.instagram.com\/explore\/tags\/insser%C3%B2s\/\">#insser\u00f2s<\/a> <a href=\"https:\/\/www.instagram.com\/explore\/tags\/25anysinsser%C3%B2s\/\">#25anysinsser\u00f2s<\/a> <a href=\"https:\/\/www.instagram.com\/explore\/tags\/insterresdeponent\/\">#insterresdeponent<\/a> <a href=\"https:\/\/www.instagram.com\/explore\/tags\/instorrevicens\/\">#instorrevicens<\/a><\/p>\n","protected":false},"excerpt":{"rendered":"<p><a href=\"https:\/\/agora.xtec.cat\/ies-seros\/wp-content\/uploads\/usu323\/2022\/03\/Cartell-1a-Jornada-Internacional-Implicat.jpg\"><\/a><br \/>\nPresentaci\u00f3 del p\u00f2ster realitzat pels alumnes del PR3 del nostre institut i altres alumnes de dos centres de la prov\u00edncia de Lleida: Institut Torre Vicens (Lleida) i Institut Terres de Ponent (Mollerussa); el dissabte 26 de mar\u00e7, a la 1a Jornada Internacional Implica&#8217;t+ &#8211;&hellip;  <a href=\"https:\/\/agora.xtec.cat\/ies-seros\/general\/pr3-i-1a-jornada-internacional-implicat-5a-jornada-descoles-solidaries\/\" title=\"Read PR3 i 1a Jornada Internacional Implica&#8217;t+ &#8211; 5a Jornada d\u2019Escoles Solid\u00e0ries\">Llegeix m\u00e9s\u00bb<\/a><\/p>\n","protected":false},"author":71,"featured_media":5990,"comment_status":"open","ping_status":"closed","sticky":true,"template":"","format":"standard","meta":{"_bbp_topic_count":0,"_bbp_reply_count":0,"_bbp_total_topic_count":0,"_bbp_total_reply_count":0,"_bbp_voice_count":0,"_bbp_anonymous_reply_count":0,"_bbp_topic_count_hidden":0,"_bbp_reply_count_hidden":0,"_bbp_forum_subforum_count":0,"footnotes":""},"categories":[1,29],"tags":[],"class_list":["post-5982","post","type-post","status-publish","format-standard","has-post-thumbnail","hentry","category-general","category-portada"],"post_mailing_queue_ids":[],"_links":{"self":[{"href":"https:\/\/agora.xtec.cat\/ies-seros\/wp-json\/wp\/v2\/posts\/5982","targetHints":{"allow":["GET"]}}],"collection":[{"href":"https:\/\/agora.xtec.cat\/ies-seros\/wp-json\/wp\/v2\/posts"}],"about":[{"href":"https:\/\/agora.xtec.cat\/ies-seros\/wp-json\/wp\/v2\/types\/post"}],"author":[{"embeddable":true,"href":"https:\/\/agora.xtec.cat\/ies-seros\/wp-json\/wp\/v2\/users\/71"}],"replies":[{"embeddable":true,"href":"https:\/\/agora.xtec.cat\/ies-seros\/wp-json\/wp\/v2\/comments?post=5982"}],"version-history":[{"count":4,"href":"https:\/\/agora.xtec.cat\/ies-seros\/wp-json\/wp\/v2\/posts\/5982\/revisions"}],"predecessor-version":[{"id":5999,"href":"https:\/\/agora.xtec.cat\/ies-seros\/wp-json\/wp\/v2\/posts\/5982\/revisions\/5999"}],"wp:featuredmedia":[{"embeddable":true,"href":"https:\/\/agora.xtec.cat\/ies-seros\/wp-json\/wp\/v2\/media\/5990"}],"wp:attachment":[{"href":"https:\/\/agora.xtec.cat\/ies-seros\/wp-json\/wp\/v2\/media?parent=5982"}],"wp:term":[{"taxonomy":"category","embeddable":true,"href":"https:\/\/agora.xtec.cat\/ies-seros\/wp-json\/wp\/v2\/categories?post=5982"},{"taxonomy":"post_tag","embeddable":true,"href":"https:\/\/agora.xtec.cat\/ies-seros\/wp-json\/wp\/v2\/tags?post=5982"}],"curies":[{"name":"wp","href":"https:\/\/api.w.org\/{rel}","templated":true}]}}