{"id":5748,"date":"2022-02-16T19:08:31","date_gmt":"2022-02-16T18:08:31","guid":{"rendered":"https:\/\/agora.xtec.cat\/ies-seros\/?p=5748"},"modified":"2022-02-18T14:02:11","modified_gmt":"2022-02-18T13:02:11","slug":"lins-seros-participa-a-la-lliga-de-debat-de-la-xarxa-vives-duniversitats","status":"publish","type":"post","link":"https:\/\/agora.xtec.cat\/ies-seros\/general\/lins-seros-participa-a-la-lliga-de-debat-de-la-xarxa-vives-duniversitats\/","title":{"rendered":"L\u2019INS SER\u00d2S PARTICIPA A LA LLIGA DE DEBAT DE LA XARXA VIVES D\u2019UNIVERSITATS"},"content":{"rendered":"<p>\u201cCal posar l\u00edmits a la ci\u00e8ncia?\u201d La Xarxa Vives d\u2019universitats ha escollit aquest tema per a la <em>Lliga de Debat<\/em> d\u2019aquest curs. Dimarts passat, dia 15 de febrer, \u00a0alumnes de 4t d\u2019ESO van participar en aquesta competici\u00f3 d\u2019orat\u00f2ria en la qual diversos equips d\u2019estudiants de diferents centres docents van debatre sobre un tema pol\u00e8mic i d\u2019actualitat.<\/p>\n<p>A inici de curs ens vam marcar com a repte participar-hi perqu\u00e8 el treball previ d\u2019aquesta activitat ens permetia millorar les habilitats comunicatives, fomentar l\u2019adquisici\u00f3 de compet\u00e8ncies transversals com ara la seguretat, el treball en equip, la creativitat, la presa de decisions&#8230; I, tot i que al debat de la fase local nom\u00e9s van participar-hi cinc alumnes, voldria destacar la implicaci\u00f3 de tota la classe perqu\u00e8 tamb\u00e9 hem fet el nostre concurs intern i, per tant, totes i tots han treballat molt.<\/p>\n<p>La sort ens va dur a debatre amb alumnes dels instituts Episcopal, FEDAC Lleida i Joan Or\u00f3. Tots els participants s\u2019havien de preparar una argumentaci\u00f3 defensant posicions a favor i en contra d\u2019aquest tema.<\/p>\n<p>Els enfrontaments dial\u00e8ctics van durar quasi 3 hores i, cal dir, que va ser un plaer escoltar els discursos de tots els participants, que van ser molt enriquidors i van lluir gr\u00e0cies a la qualitat per\u00f2 tamb\u00e9 al respecte i al <em>fair play<\/em>. No vam poder passar de fase per\u00f2 vam aprendre t\u00e8cniques que ens ajudaran per a la pr\u00f2xima competici\u00f3. A m\u00e9s a m\u00e9s, tamb\u00e9 voldria remarcar l\u2019amabilitat del jurat, dels professors i estudiants de la Facultat de Dret de la UdL, que ens van acollir i van fer que tot fos m\u00e9s f\u00e0cil. Crec que va ser una experi\u00e8ncia que no oblidarem i que demostra com n\u2019\u00e9s d\u2019important el poder de la paraula, el temps de reflexi\u00f3; perqu\u00e8 el llenguatge, la paraula, no tenen l\u00edmits.<\/p>\n<p><a href=\"https:\/\/agora.xtec.cat\/ies-seros\/wp-content\/uploads\/usu323\/2022\/02\/Debat-scaled.jpg\"><img loading=\"lazy\" decoding=\"async\" class=\"size-large wp-image-5749 alignright\" src=\"https:\/\/agora.xtec.cat\/ies-seros\/wp-content\/uploads\/usu323\/2022\/02\/Debat-1024x768.jpg\" alt=\"\" width=\"1024\" height=\"768\" srcset=\"https:\/\/agora.xtec.cat\/ies-seros\/wp-content\/uploads\/usu323\/2022\/02\/Debat-1024x768.jpg 1024w, https:\/\/agora.xtec.cat\/ies-seros\/wp-content\/uploads\/usu323\/2022\/02\/Debat-300x225.jpg 300w, https:\/\/agora.xtec.cat\/ies-seros\/wp-content\/uploads\/usu323\/2022\/02\/Debat-768x576.jpg 768w, https:\/\/agora.xtec.cat\/ies-seros\/wp-content\/uploads\/usu323\/2022\/02\/Debat-1536x1152.jpg 1536w, https:\/\/agora.xtec.cat\/ies-seros\/wp-content\/uploads\/usu323\/2022\/02\/Debat-2048x1536.jpg 2048w, https:\/\/agora.xtec.cat\/ies-seros\/wp-content\/uploads\/usu323\/2022\/02\/Debat-200x150.jpg 200w\" sizes=\"auto, (max-width: 1024px) 100vw, 1024px\" \/><\/a> <a href=\"https:\/\/agora.xtec.cat\/ies-seros\/wp-content\/uploads\/usu323\/2022\/02\/Mapa-general-web-LDSB22-1016x1280_Seros.jpg\"><img loading=\"lazy\" decoding=\"async\" class=\"size-large wp-image-5750 aligncenter\" src=\"https:\/\/agora.xtec.cat\/ies-seros\/wp-content\/uploads\/usu323\/2022\/02\/Mapa-general-web-LDSB22-1016x1280_Seros-813x1024.jpg\" alt=\"\" width=\"813\" height=\"1024\" srcset=\"https:\/\/agora.xtec.cat\/ies-seros\/wp-content\/uploads\/usu323\/2022\/02\/Mapa-general-web-LDSB22-1016x1280_Seros-813x1024.jpg 813w, https:\/\/agora.xtec.cat\/ies-seros\/wp-content\/uploads\/usu323\/2022\/02\/Mapa-general-web-LDSB22-1016x1280_Seros-238x300.jpg 238w, https:\/\/agora.xtec.cat\/ies-seros\/wp-content\/uploads\/usu323\/2022\/02\/Mapa-general-web-LDSB22-1016x1280_Seros-768x968.jpg 768w, https:\/\/agora.xtec.cat\/ies-seros\/wp-content\/uploads\/usu323\/2022\/02\/Mapa-general-web-LDSB22-1016x1280_Seros.jpg 1016w\" sizes=\"auto, (max-width: 813px) 100vw, 813px\" \/><\/a><\/p>\n","protected":false},"excerpt":{"rendered":"<p>\u201cCal posar l\u00edmits a la ci\u00e8ncia?\u201d La Xarxa Vives d\u2019universitats ha escollit aquest tema per a la Lliga de Debat d\u2019aquest curs. Dimarts passat, dia 15 de febrer, \u00a0alumnes de 4t d\u2019ESO van participar en aquesta competici\u00f3 d\u2019orat\u00f2ria en la qual diversos equips d\u2019estudiants de&hellip;  <a href=\"https:\/\/agora.xtec.cat\/ies-seros\/general\/lins-seros-participa-a-la-lliga-de-debat-de-la-xarxa-vives-duniversitats\/\" title=\"Read L\u2019INS SER\u00d2S PARTICIPA A LA LLIGA DE DEBAT DE LA XARXA VIVES D\u2019UNIVERSITATS\">Llegeix m\u00e9s\u00bb<\/a><\/p>\n","protected":false},"author":54,"featured_media":5753,"comment_status":"open","ping_status":"closed","sticky":true,"template":"","format":"standard","meta":{"_bbp_topic_count":0,"_bbp_reply_count":0,"_bbp_total_topic_count":0,"_bbp_total_reply_count":0,"_bbp_voice_count":0,"_bbp_anonymous_reply_count":0,"_bbp_topic_count_hidden":0,"_bbp_reply_count_hidden":0,"_bbp_forum_subforum_count":0,"footnotes":""},"categories":[381,1,29],"tags":[],"class_list":["post-5748","post","type-post","status-publish","format-standard","has-post-thumbnail","hentry","category-departament-de-catala","category-general","category-portada"],"post_mailing_queue_ids":[],"_links":{"self":[{"href":"https:\/\/agora.xtec.cat\/ies-seros\/wp-json\/wp\/v2\/posts\/5748","targetHints":{"allow":["GET"]}}],"collection":[{"href":"https:\/\/agora.xtec.cat\/ies-seros\/wp-json\/wp\/v2\/posts"}],"about":[{"href":"https:\/\/agora.xtec.cat\/ies-seros\/wp-json\/wp\/v2\/types\/post"}],"author":[{"embeddable":true,"href":"https:\/\/agora.xtec.cat\/ies-seros\/wp-json\/wp\/v2\/users\/54"}],"replies":[{"embeddable":true,"href":"https:\/\/agora.xtec.cat\/ies-seros\/wp-json\/wp\/v2\/comments?post=5748"}],"version-history":[{"count":4,"href":"https:\/\/agora.xtec.cat\/ies-seros\/wp-json\/wp\/v2\/posts\/5748\/revisions"}],"predecessor-version":[{"id":5757,"href":"https:\/\/agora.xtec.cat\/ies-seros\/wp-json\/wp\/v2\/posts\/5748\/revisions\/5757"}],"wp:featuredmedia":[{"embeddable":true,"href":"https:\/\/agora.xtec.cat\/ies-seros\/wp-json\/wp\/v2\/media\/5753"}],"wp:attachment":[{"href":"https:\/\/agora.xtec.cat\/ies-seros\/wp-json\/wp\/v2\/media?parent=5748"}],"wp:term":[{"taxonomy":"category","embeddable":true,"href":"https:\/\/agora.xtec.cat\/ies-seros\/wp-json\/wp\/v2\/categories?post=5748"},{"taxonomy":"post_tag","embeddable":true,"href":"https:\/\/agora.xtec.cat\/ies-seros\/wp-json\/wp\/v2\/tags?post=5748"}],"curies":[{"name":"wp","href":"https:\/\/api.w.org\/{rel}","templated":true}]}}