{"id":5438,"date":"2021-11-25T16:13:39","date_gmt":"2021-11-25T15:13:39","guid":{"rendered":"https:\/\/agora.xtec.cat\/ies-seros\/?p=5438"},"modified":"2021-11-25T16:13:39","modified_gmt":"2021-11-25T15:13:39","slug":"dia-internacional-de-leliminacio-de-la-violencia-a-les-dones","status":"publish","type":"post","link":"https:\/\/agora.xtec.cat\/ies-seros\/general\/dia-internacional-de-leliminacio-de-la-violencia-a-les-dones\/","title":{"rendered":"DIA INTERNACIONAL DE L&#8217;ELIMINACI\u00d3 DE LA VIOL\u00c8NCIA A LES DONES"},"content":{"rendered":"<p>Avui, amb motiu del Dia Internacional de l&#8217;Eliminaci\u00f3 de la Viol\u00e8ncia a les Dones, hem estat debatint sobre el tema en angl\u00e8s. Volem compartir algunes de les nostres conclusions amb el seg\u00fcent v\u00eddeo.<\/p>\n<p><a href=\"https:\/\/drive.google.com\/file\/d\/1HPAzCDOttnTswVHiEJBQ-MT2myEbxa4I\/view?usp=sharing\" target=\"_blank\" rel=\"noopener\">ENLLA\u00c7 AL VIDEO<\/a><\/p>\n","protected":false},"excerpt":{"rendered":"<p>Avui, amb motiu del Dia Internacional de l&#8217;Eliminaci\u00f3 de la Viol\u00e8ncia a les Dones, hem estat debatint sobre el tema en angl\u00e8s. Volem compartir algunes de les nostres conclusions amb el seg\u00fcent v\u00eddeo.<br \/>\n<a href=\"https:\/\/drive.google.com\/file\/d\/1HPAzCDOttnTswVHiEJBQ-MT2myEbxa4I\/view?usp=sharing\" target=\"_blank\" rel=\"noopener\">ENLLA\u00c7 AL VIDEO<\/a><\/p>\n","protected":false},"author":1,"featured_media":5439,"comment_status":"open","ping_status":"closed","sticky":true,"template":"","format":"standard","meta":{"_bbp_topic_count":0,"_bbp_reply_count":0,"_bbp_total_topic_count":0,"_bbp_total_reply_count":0,"_bbp_voice_count":0,"_bbp_anonymous_reply_count":0,"_bbp_topic_count_hidden":0,"_bbp_reply_count_hidden":0,"_bbp_forum_subforum_count":0,"footnotes":""},"categories":[383,6,1,29],"tags":[],"class_list":["post-5438","post","type-post","status-publish","format-standard","has-post-thumbnail","hentry","category-departament-didiomes","category-eso-3","category-general","category-portada"],"post_mailing_queue_ids":[],"_links":{"self":[{"href":"https:\/\/agora.xtec.cat\/ies-seros\/wp-json\/wp\/v2\/posts\/5438","targetHints":{"allow":["GET"]}}],"collection":[{"href":"https:\/\/agora.xtec.cat\/ies-seros\/wp-json\/wp\/v2\/posts"}],"about":[{"href":"https:\/\/agora.xtec.cat\/ies-seros\/wp-json\/wp\/v2\/types\/post"}],"author":[{"embeddable":true,"href":"https:\/\/agora.xtec.cat\/ies-seros\/wp-json\/wp\/v2\/users\/1"}],"replies":[{"embeddable":true,"href":"https:\/\/agora.xtec.cat\/ies-seros\/wp-json\/wp\/v2\/comments?post=5438"}],"version-history":[{"count":1,"href":"https:\/\/agora.xtec.cat\/ies-seros\/wp-json\/wp\/v2\/posts\/5438\/revisions"}],"predecessor-version":[{"id":5440,"href":"https:\/\/agora.xtec.cat\/ies-seros\/wp-json\/wp\/v2\/posts\/5438\/revisions\/5440"}],"wp:featuredmedia":[{"embeddable":true,"href":"https:\/\/agora.xtec.cat\/ies-seros\/wp-json\/wp\/v2\/media\/5439"}],"wp:attachment":[{"href":"https:\/\/agora.xtec.cat\/ies-seros\/wp-json\/wp\/v2\/media?parent=5438"}],"wp:term":[{"taxonomy":"category","embeddable":true,"href":"https:\/\/agora.xtec.cat\/ies-seros\/wp-json\/wp\/v2\/categories?post=5438"},{"taxonomy":"post_tag","embeddable":true,"href":"https:\/\/agora.xtec.cat\/ies-seros\/wp-json\/wp\/v2\/tags?post=5438"}],"curies":[{"name":"wp","href":"https:\/\/api.w.org\/{rel}","templated":true}]}}