{"id":4960,"date":"2021-10-12T12:55:12","date_gmt":"2021-10-12T10:55:12","guid":{"rendered":"https:\/\/agora.xtec.cat\/ies-seros\/?p=4960"},"modified":"2021-10-12T12:55:12","modified_gmt":"2021-10-12T10:55:12","slug":"a-lins-seros-ens-comprometem-amb-els-esmorzars-sostenibles-i-saludables","status":"publish","type":"post","link":"https:\/\/agora.xtec.cat\/ies-seros\/general\/a-lins-seros-ens-comprometem-amb-els-esmorzars-sostenibles-i-saludables\/","title":{"rendered":"A L\u2019INS SER\u00d2S ENS COMPROMETEM AMB ELS ESMORZARS SOSTENIBLES i SALUDABLES!!!"},"content":{"rendered":"<p><span style=\"font-weight: 400;\">A l\u2019hora d\u2019esmorzar al institut ens trobem amb una s\u00e8rie de productes envasats que tenen m\u00e9s d\u2019un embolcall i generen molts residus. Avui en dia estem immersos en una invasi\u00f3 pl\u00e0stica excessiva!!\u00a0 A m\u00e9s, la producci\u00f3 de paper d&#8217;alumini comporta greus perjudicis ambientals.\u00a0<\/span><\/p>\n<p><span style=\"font-weight: 400;\">Pensem en la quantitat de residus d\u2019un sol \u00fas que generem individualment i multipliquem-ho per tot l\u2019alumnat del nostre centre i per tot un curs escolar&#8230;<\/span><\/p>\n<p><span style=\"font-weight: 400;\">Per tant,<\/span><b> els nostres esmorzars s\u00f3n SOStenibles i Responsables? <\/b><span style=\"font-weight: 400;\">Tots ens haur\u00edem de sensibilitzar de la necessitat de dur esmorzars saludables, reduir la quantitat d\u2019envasos i promoure la compra de productes m\u00e9s equilibrats i sans per preservar el nostre entorn!!!<\/span><\/p>\n<p><b>LA SITUACI\u00d3 ACTUAL<\/b><\/p>\n<p><span style=\"font-weight: 400;\">Encara utilitzem massa residus d\u2019un sol \u00fas pels esmorzars al nostre institut. El curs passat, els Eco-Delegats van fer <\/span><b>una diagnosi del tipus d\u2019embolcalls<\/b><span style=\"font-weight: 400;\"> pels esmorzars que portava l\u2019alumnat de cada classe. Amb les dades van elaborar un gr\u00e0fic. Aquest gr\u00e0fic representa el tipus d\u2019embolcalls per cada classe (sostenibles o no sostenibles), al mes de mar\u00e7 del curs passat:<\/span><\/p>\n<p><img loading=\"lazy\" decoding=\"async\" class=\"alignnone size-full wp-image-4962 aligncenter\" src=\"https:\/\/agora.xtec.cat\/ies-seros\/wp-content\/uploads\/usu323\/2021\/10\/Captura-1.png\" alt=\"\" width=\"791\" height=\"469\" srcset=\"https:\/\/agora.xtec.cat\/ies-seros\/wp-content\/uploads\/usu323\/2021\/10\/Captura-1.png 791w, https:\/\/agora.xtec.cat\/ies-seros\/wp-content\/uploads\/usu323\/2021\/10\/Captura-1-300x178.png 300w, https:\/\/agora.xtec.cat\/ies-seros\/wp-content\/uploads\/usu323\/2021\/10\/Captura-1-768x455.png 768w\" sizes=\"auto, (max-width: 791px) 100vw, 791px\" \/><\/p>\n<p>&nbsp;<\/p>\n<p><span style=\"font-weight: 400;\">Veiem que en la majoria de classes predominen els embolcalls no sostenibles (especialment alumini o pl\u00e0stic), i en alguna de les classes els embolcalls sostenibles no superen el 50% del total. Als tercers d\u2019ESO \u00e9s on es van obtenir els millors resultats, on hi havia els eco-delegats m\u00e9s actius.<\/span><\/p>\n<p><span style=\"font-weight: 400;\"><img loading=\"lazy\" decoding=\"async\" class=\"alignleft wp-image-4963 \" src=\"https:\/\/agora.xtec.cat\/ies-seros\/wp-content\/uploads\/usu323\/2021\/10\/logo-recreosresiduocero-300x300.jpg\" alt=\"\" width=\"203\" height=\"203\" srcset=\"https:\/\/agora.xtec.cat\/ies-seros\/wp-content\/uploads\/usu323\/2021\/10\/logo-recreosresiduocero-300x300.jpg 300w, https:\/\/agora.xtec.cat\/ies-seros\/wp-content\/uploads\/usu323\/2021\/10\/logo-recreosresiduocero-1024x1024.jpg 1024w, https:\/\/agora.xtec.cat\/ies-seros\/wp-content\/uploads\/usu323\/2021\/10\/logo-recreosresiduocero-150x150.jpg 150w, https:\/\/agora.xtec.cat\/ies-seros\/wp-content\/uploads\/usu323\/2021\/10\/logo-recreosresiduocero-768x768.jpg 768w, https:\/\/agora.xtec.cat\/ies-seros\/wp-content\/uploads\/usu323\/2021\/10\/logo-recreosresiduocero.jpg 1080w\" sizes=\"auto, (max-width: 203px) 100vw, 203px\" \/><\/span><\/p>\n<p>&nbsp;<\/p>\n<p><span style=\"font-weight: 400;\">Enguany volem aconseguir la reducci\u00f3 al m\u00e0xim dels nostres residus dels esmorzars!! I per aix\u00f2, el nostre centre est\u00e0 inscrit al <\/span><b>programa <\/b><b>&#8220;RECREOS RESIDUO CERO&#8221;<\/b><span style=\"font-weight: 400;\">, dins l\u2019agrupaci\u00f3 Teachers for Future-Spain (<\/span><a href=\"https:\/\/teachersforfuturespain.org\/\"><span style=\"font-weight: 400;\">https:\/\/teachersforfuturespain.org\/<\/span><\/a><span style=\"font-weight: 400;\">).<\/span><span style=\"font-weight: 400;\">\u00a0<\/span><\/p>\n<p>&nbsp;<\/p>\n<p>&nbsp;<\/p>\n<p>&nbsp;<\/p>\n<p><b>I ENS EMBOLIQUEM AMB ELS ODS: Redu\u00efm residus d\u2019un sol \u00fas!!<\/b><\/p>\n<p><span style=\"font-weight: 400;\">Treballem pels <\/span><b>ODS <\/b><span style=\"font-weight: 400;\">mitjan\u00e7ant el <\/span><b>repte de les 5 R<\/b><span style=\"font-weight: 400;\"> (Repensar, Reduir, Reciclar, Reutilitzar i Rebutjar).\u00a0 Treballem la <\/span><b>import\u00e0ncia de la salut i la problem\u00e0tica dels residus<\/b><span style=\"font-weight: 400;\"> des de diferents perspectives.\u00a0<\/span><\/p>\n<p><img loading=\"lazy\" decoding=\"async\" class=\"alignnone size-full wp-image-4965 aligncenter\" src=\"https:\/\/agora.xtec.cat\/ies-seros\/wp-content\/uploads\/usu323\/2021\/10\/Captura1.png\" alt=\"\" width=\"647\" height=\"144\" srcset=\"https:\/\/agora.xtec.cat\/ies-seros\/wp-content\/uploads\/usu323\/2021\/10\/Captura1.png 647w, https:\/\/agora.xtec.cat\/ies-seros\/wp-content\/uploads\/usu323\/2021\/10\/Captura1-300x67.png 300w\" sizes=\"auto, (max-width: 647px) 100vw, 647px\" \/><\/p>\n<p><b>Els PUNTS CLAU DEL PLA D\u2019ACCI\u00d3 d\u2019Escoles Verdes&#8230;<\/b><\/p>\n<ul>\n<li style=\"font-weight: 400;\" aria-level=\"1\"><b>Repensar <\/b><span style=\"font-weight: 400;\">els esmorzars, per tal de que siguin saludables i sostenibles, <\/span><b>Reduint <\/b><span style=\"font-weight: 400;\">al m\u00e0xim els residus.<\/span><\/li>\n<li style=\"font-weight: 400;\" aria-level=\"1\"><b>Reciclar<\/b><span style=\"font-weight: 400;\"> correctament els nostres residus <\/span><i><span style=\"font-weight: 400;\">(recollida selectiva de pl\u00e0stic, paper i org\u00e0nic)<\/span><\/i><span style=\"font-weight: 400;\">.<\/span><\/li>\n<li style=\"font-weight: 400;\" aria-level=\"1\"><span style=\"font-weight: 400;\">Utilitzar <\/span><span style=\"font-weight: 400;\">embolcalls <\/span><b>Reutilitzables <\/b><i><span style=\"font-weight: 400;\">(embolcalls d\u2019entrepans, botelles reomplenables)<\/span><\/i><span style=\"font-weight: 400;\"> i <\/span><b>Rebutjar<\/b><span style=\"font-weight: 400;\"> el pl\u00e0stic d\u2019un sol \u00fas i el paper d\u2019alumini.<\/span><\/li>\n<\/ul>\n<p>&nbsp;<\/p>\n<p><b>COM HO FEM? Objectiu del 1r Trimestre: ReduiR<\/b><\/p>\n<p><span style=\"font-weight: 400;\">El primer pas ha estat que les fam\u00edlies signin una <\/span><b>Carta de Comprom\u00eds<\/b><span style=\"font-weight: 400;\"> que hem elaborat , per a que siguin coneixedores del nostre objectiu i s\u2019hi impliquin activament.\u00a0<\/span><\/p>\n<p><img loading=\"lazy\" decoding=\"async\" class=\"wp-image-4966 aligncenter\" src=\"https:\/\/agora.xtec.cat\/ies-seros\/wp-content\/uploads\/usu323\/2021\/10\/Carta-Compromis-signant-familia-768x1024.jpg\" alt=\"\" width=\"317\" height=\"423\" srcset=\"https:\/\/agora.xtec.cat\/ies-seros\/wp-content\/uploads\/usu323\/2021\/10\/Carta-Compromis-signant-familia-768x1024.jpg 768w, https:\/\/agora.xtec.cat\/ies-seros\/wp-content\/uploads\/usu323\/2021\/10\/Carta-Compromis-signant-familia-225x300.jpg 225w, https:\/\/agora.xtec.cat\/ies-seros\/wp-content\/uploads\/usu323\/2021\/10\/Carta-Compromis-signant-familia-1152x1536.jpg 1152w, https:\/\/agora.xtec.cat\/ies-seros\/wp-content\/uploads\/usu323\/2021\/10\/Carta-Compromis-signant-familia.jpg 1500w\" sizes=\"auto, (max-width: 317px) 100vw, 317px\" \/><\/p>\n<p>&nbsp;<\/p>\n<p><span style=\"font-weight: 400;\">En segon lloc, a les <\/span><b>tutories<\/b><span style=\"font-weight: 400;\"> de primer cicle <\/span><b>ens hem marcat l\u2019objectiu<\/b><span style=\"font-weight: 400;\"> per aconseguir durant el 1r trimestre: Reduir els nostres residus dels esmorzars.<\/span><\/p>\n<p><img loading=\"lazy\" decoding=\"async\" class=\"wp-image-4967 aligncenter\" src=\"https:\/\/agora.xtec.cat\/ies-seros\/wp-content\/uploads\/usu323\/2021\/10\/Cartell-Objectiu-1r-trim-ReduiR-M.Remacha-1024x705.jpg\" alt=\"\" width=\"586\" height=\"403\" srcset=\"https:\/\/agora.xtec.cat\/ies-seros\/wp-content\/uploads\/usu323\/2021\/10\/Cartell-Objectiu-1r-trim-ReduiR-M.Remacha-1024x705.jpg 1024w, https:\/\/agora.xtec.cat\/ies-seros\/wp-content\/uploads\/usu323\/2021\/10\/Cartell-Objectiu-1r-trim-ReduiR-M.Remacha-300x206.jpg 300w, https:\/\/agora.xtec.cat\/ies-seros\/wp-content\/uploads\/usu323\/2021\/10\/Cartell-Objectiu-1r-trim-ReduiR-M.Remacha-768x529.jpg 768w, https:\/\/agora.xtec.cat\/ies-seros\/wp-content\/uploads\/usu323\/2021\/10\/Cartell-Objectiu-1r-trim-ReduiR-M.Remacha-1536x1057.jpg 1536w, https:\/\/agora.xtec.cat\/ies-seros\/wp-content\/uploads\/usu323\/2021\/10\/Cartell-Objectiu-1r-trim-ReduiR-M.Remacha-2048x1409.jpg 2048w\" sizes=\"auto, (max-width: 586px) 100vw, 586px\" \/><\/p>\n<p><span style=\"font-weight: 400;\">A m\u00e9s, tal i com s\u2019ha fet en els darrers cursos, a <\/span><b>1r d\u2019ESO<\/b><span style=\"font-weight: 400;\"> es continuar\u00e0 fent el <\/span><b>Projecte \u201cEmbolica\u2019t\u201d<\/b><span style=\"font-weight: 400;\"> durant el 1r trimestre, <\/span><b><i>per a qu\u00e8 cada alumne cre\u00ef el seu propi embolcall reutilitzable<\/i><\/b><span style=\"font-weight: 400;\">.\u00a0\u00a0<\/span><\/p>\n<p><img loading=\"lazy\" decoding=\"async\" class=\"size-full wp-image-4968 aligncenter\" src=\"https:\/\/agora.xtec.cat\/ies-seros\/wp-content\/uploads\/usu323\/2021\/10\/Captura2.png\" alt=\"\" width=\"518\" height=\"267\" srcset=\"https:\/\/agora.xtec.cat\/ies-seros\/wp-content\/uploads\/usu323\/2021\/10\/Captura2.png 518w, https:\/\/agora.xtec.cat\/ies-seros\/wp-content\/uploads\/usu323\/2021\/10\/Captura2-300x155.png 300w\" sizes=\"auto, (max-width: 518px) 100vw, 518px\" \/> <img loading=\"lazy\" decoding=\"async\" class=\"size-large wp-image-4969 aligncenter\" src=\"https:\/\/agora.xtec.cat\/ies-seros\/wp-content\/uploads\/usu323\/2021\/10\/Captura3.png\" alt=\"\" width=\"263\" height=\"313\" srcset=\"https:\/\/agora.xtec.cat\/ies-seros\/wp-content\/uploads\/usu323\/2021\/10\/Captura3.png 263w, https:\/\/agora.xtec.cat\/ies-seros\/wp-content\/uploads\/usu323\/2021\/10\/Captura3-252x300.png 252w\" sizes=\"auto, (max-width: 263px) 100vw, 263px\" \/><\/p>\n<p><span style=\"font-weight: 400;\">Enguany reprenem el <\/span><b>Projecte \u201cEscola Verda\u201d<\/b><span style=\"font-weight: 400;\">, i els nostres <\/span><b>Eco-Delegats<\/b><span style=\"font-weight: 400;\"> ja estan preparant-se per actuar!!\u00a0<\/span><\/p>\n<p><span style=\"font-weight: 400;\">I tamb\u00e9 com cada curs, continuem fent la <\/span><b>Recollida Selectiva<\/b><span style=\"font-weight: 400;\"> de pl\u00e0stic, paper, org\u00e0nic i resta. I tamb\u00e9 de piles i bol\u00edgrafs gastats!<\/span><\/p>\n<p><img loading=\"lazy\" decoding=\"async\" class=\"size-full wp-image-4970 aligncenter\" src=\"https:\/\/agora.xtec.cat\/ies-seros\/wp-content\/uploads\/usu323\/2021\/10\/Captura4.png\" alt=\"\" width=\"284\" height=\"447\" srcset=\"https:\/\/agora.xtec.cat\/ies-seros\/wp-content\/uploads\/usu323\/2021\/10\/Captura4.png 284w, https:\/\/agora.xtec.cat\/ies-seros\/wp-content\/uploads\/usu323\/2021\/10\/Captura4-191x300.png 191w\" sizes=\"auto, (max-width: 284px) 100vw, 284px\" \/><\/p>\n<p><b>I QU\u00c8 HEM DECIDIT?<\/b><\/p>\n<p><span style=\"color: #ff0000;\"><b>Per aquests motius, al institut hem prohibit portar embolcalls amb paper d&#8217;alumini o pl\u00e0stic d\u2019un sol \u00fas (tetrabriks, bosses de patates o galetes, &#8230;) pels esmorzars.<\/b><\/span><\/p>\n<p><img loading=\"lazy\" decoding=\"async\" class=\"size-full wp-image-4971 alignright\" src=\"https:\/\/agora.xtec.cat\/ies-seros\/wp-content\/uploads\/usu323\/2021\/10\/ECO-DELEGATS-STOP-PAPER-DALUMINI.png\" alt=\"\" width=\"271\" height=\"364\" srcset=\"https:\/\/agora.xtec.cat\/ies-seros\/wp-content\/uploads\/usu323\/2021\/10\/ECO-DELEGATS-STOP-PAPER-DALUMINI.png 271w, https:\/\/agora.xtec.cat\/ies-seros\/wp-content\/uploads\/usu323\/2021\/10\/ECO-DELEGATS-STOP-PAPER-DALUMINI-223x300.png 223w\" sizes=\"auto, (max-width: 271px) 100vw, 271px\" \/><\/p>\n<p><img loading=\"lazy\" decoding=\"async\" class=\"size-full wp-image-4972 alignright\" src=\"https:\/\/agora.xtec.cat\/ies-seros\/wp-content\/uploads\/usu323\/2021\/10\/Captura5.png\" alt=\"\" width=\"386\" height=\"145\" srcset=\"https:\/\/agora.xtec.cat\/ies-seros\/wp-content\/uploads\/usu323\/2021\/10\/Captura5.png 386w, https:\/\/agora.xtec.cat\/ies-seros\/wp-content\/uploads\/usu323\/2021\/10\/Captura5-300x113.png 300w\" sizes=\"auto, (max-width: 386px) 100vw, 386px\" \/><\/p>\n<p>&nbsp;<\/p>\n<p><span style=\"font-weight: 400;\">Us animem i us demanem el comprom\u00eds a totes les fam\u00edlies i alumnat a <\/span><b>portar esmorzars saludables i sostenibles<\/b><span style=\"font-weight: 400;\">, fent \u00fas dels <\/span><i><span style=\"font-weight: 400;\">embolcalls reutilitzables<\/span><\/i><span style=\"font-weight: 400;\"> i de les <\/span><i><span style=\"font-weight: 400;\">botelles reomplenables,<\/span><\/i><span style=\"font-weight: 400;\"> per esmorzar i\/o berenar sense generar residus: <\/span><b>el millor residu \u00e9s aquell que no es genera<\/b><span style=\"font-weight: 400;\">!!!!<\/span><\/p>\n","protected":false},"excerpt":{"rendered":"<p>A l\u2019hora d\u2019esmorzar al institut ens trobem amb una s\u00e8rie de productes envasats que tenen m\u00e9s d\u2019un embolcall i generen molts residus. Avui en dia estem immersos en una invasi\u00f3 pl\u00e0stica excessiva!!\u00a0 A m\u00e9s, la producci\u00f3 de paper d&#8217;alumini comporta greus perjudicis ambientals.\u00a0<br \/>\nPensem en la&hellip;  <a href=\"https:\/\/agora.xtec.cat\/ies-seros\/general\/a-lins-seros-ens-comprometem-amb-els-esmorzars-sostenibles-i-saludables\/\" title=\"Read A L\u2019INS SER\u00d2S ENS COMPROMETEM AMB ELS ESMORZARS SOSTENIBLES i SALUDABLES!!!\">Llegeix m\u00e9s\u00bb<\/a><\/p>\n","protected":false},"author":1,"featured_media":4972,"comment_status":"open","ping_status":"closed","sticky":true,"template":"","format":"standard","meta":{"_bbp_topic_count":0,"_bbp_reply_count":0,"_bbp_total_topic_count":0,"_bbp_total_reply_count":0,"_bbp_voice_count":0,"_bbp_anonymous_reply_count":0,"_bbp_topic_count_hidden":0,"_bbp_reply_count_hidden":0,"_bbp_forum_subforum_count":0,"footnotes":""},"categories":[116,1,29],"tags":[56],"class_list":["post-4960","post","type-post","status-publish","format-standard","has-post-thumbnail","hentry","category-escola-verda","category-general","category-portada","tag-escola-verda"],"post_mailing_queue_ids":[],"_links":{"self":[{"href":"https:\/\/agora.xtec.cat\/ies-seros\/wp-json\/wp\/v2\/posts\/4960","targetHints":{"allow":["GET"]}}],"collection":[{"href":"https:\/\/agora.xtec.cat\/ies-seros\/wp-json\/wp\/v2\/posts"}],"about":[{"href":"https:\/\/agora.xtec.cat\/ies-seros\/wp-json\/wp\/v2\/types\/post"}],"author":[{"embeddable":true,"href":"https:\/\/agora.xtec.cat\/ies-seros\/wp-json\/wp\/v2\/users\/1"}],"replies":[{"embeddable":true,"href":"https:\/\/agora.xtec.cat\/ies-seros\/wp-json\/wp\/v2\/comments?post=4960"}],"version-history":[{"count":3,"href":"https:\/\/agora.xtec.cat\/ies-seros\/wp-json\/wp\/v2\/posts\/4960\/revisions"}],"predecessor-version":[{"id":4973,"href":"https:\/\/agora.xtec.cat\/ies-seros\/wp-json\/wp\/v2\/posts\/4960\/revisions\/4973"}],"wp:featuredmedia":[{"embeddable":true,"href":"https:\/\/agora.xtec.cat\/ies-seros\/wp-json\/wp\/v2\/media\/4972"}],"wp:attachment":[{"href":"https:\/\/agora.xtec.cat\/ies-seros\/wp-json\/wp\/v2\/media?parent=4960"}],"wp:term":[{"taxonomy":"category","embeddable":true,"href":"https:\/\/agora.xtec.cat\/ies-seros\/wp-json\/wp\/v2\/categories?post=4960"},{"taxonomy":"post_tag","embeddable":true,"href":"https:\/\/agora.xtec.cat\/ies-seros\/wp-json\/wp\/v2\/tags?post=4960"}],"curies":[{"name":"wp","href":"https:\/\/api.w.org\/{rel}","templated":true}]}}