{"id":4926,"date":"2021-10-01T12:45:19","date_gmt":"2021-10-01T10:45:19","guid":{"rendered":"https:\/\/agora.xtec.cat\/ies-seros\/?p=4926"},"modified":"2021-10-05T09:23:43","modified_gmt":"2021-10-05T07:23:43","slug":"arriba-el-bibliopati-ja-esta-aqui","status":"publish","type":"post","link":"https:\/\/agora.xtec.cat\/ies-seros\/general\/arriba-el-bibliopati-ja-esta-aqui\/","title":{"rendered":"Arriba el bibliopati!!! Ja est\u00e0 aqu\u00ed!!!"},"content":{"rendered":"<p>Dos divendres al mes et vindrem a visitar. S\u00ed, ja ho veur\u00e0s!! Comencem el bibliopati!! Ser\u00e0 cada quinze dies. Quins objectius tenim??<\/p>\n<p>.T\u2019acostem algunes novetats de diferents tem\u00e0tiques que han arribat recentment per tal que les fullegis, les coneguis, t\u2019hi familiaritzis una miqueta i la propera sessi\u00f3 de pr\u00e9stec al pati en podr\u00e0s agafar una!<\/p>\n<p>.Incrementar el servei de lectura i de pr\u00e9stec de la biblioteca en horari de pati.<\/p>\n<p>.Anar a cercar els \/ les lectors \/ es en una iniciativa innovadora.<\/p>\n<p>Ah s\u00ed, recorda que si es fa Bibliopati no hi haur\u00e0 servei de biblioteca!<\/p>\n<p>I per qu\u00e8\u00a0 no llegir una estona al pati??? Per qu\u00e8 no tenir un pati m\u00e9s divertit! Aix\u00f2 s\u00ed, si agafes un llibre, amb les mans ben netes.<\/p>\n<p>Esperem que t\u2019agradi aquesta fant\u00e0stica iniciativa lectora!<\/p>\n<p>&nbsp;<\/p>\n<p style=\"text-align: center\">(Cr\u00e8dit fotogr\u00e0fic: JMCO)<\/p>\n","protected":false},"excerpt":{"rendered":"<p>Dos divendres al mes et vindrem a visitar. S\u00ed, ja ho veur\u00e0s!! Comencem el bibliopati!! Ser\u00e0 cada quinze dies. Quins objectius tenim??<br \/>\n.T\u2019acostem algunes novetats de diferents tem\u00e0tiques que han arribat recentment per tal que les fullegis, les coneguis, t\u2019hi familiaritzis una miqueta i la propera&hellip;  <a href=\"https:\/\/agora.xtec.cat\/ies-seros\/general\/arriba-el-bibliopati-ja-esta-aqui\/\" title=\"Read Arriba el bibliopati!!! Ja est\u00e0 aqu\u00ed!!!\">Llegeix m\u00e9s\u00bb<\/a><\/p>\n","protected":false},"author":37,"featured_media":4927,"comment_status":"open","ping_status":"closed","sticky":false,"template":"","format":"standard","meta":{"_bbp_topic_count":0,"_bbp_reply_count":0,"_bbp_total_topic_count":0,"_bbp_total_reply_count":0,"_bbp_voice_count":0,"_bbp_anonymous_reply_count":0,"_bbp_topic_count_hidden":0,"_bbp_reply_count_hidden":0,"_bbp_forum_subforum_count":0,"footnotes":""},"categories":[201,1,29],"tags":[],"class_list":["post-4926","post","type-post","status-publish","format-standard","has-post-thumbnail","hentry","category-biblioseros","category-general","category-portada"],"post_mailing_queue_ids":[],"_links":{"self":[{"href":"https:\/\/agora.xtec.cat\/ies-seros\/wp-json\/wp\/v2\/posts\/4926","targetHints":{"allow":["GET"]}}],"collection":[{"href":"https:\/\/agora.xtec.cat\/ies-seros\/wp-json\/wp\/v2\/posts"}],"about":[{"href":"https:\/\/agora.xtec.cat\/ies-seros\/wp-json\/wp\/v2\/types\/post"}],"author":[{"embeddable":true,"href":"https:\/\/agora.xtec.cat\/ies-seros\/wp-json\/wp\/v2\/users\/37"}],"replies":[{"embeddable":true,"href":"https:\/\/agora.xtec.cat\/ies-seros\/wp-json\/wp\/v2\/comments?post=4926"}],"version-history":[{"count":2,"href":"https:\/\/agora.xtec.cat\/ies-seros\/wp-json\/wp\/v2\/posts\/4926\/revisions"}],"predecessor-version":[{"id":4944,"href":"https:\/\/agora.xtec.cat\/ies-seros\/wp-json\/wp\/v2\/posts\/4926\/revisions\/4944"}],"wp:featuredmedia":[{"embeddable":true,"href":"https:\/\/agora.xtec.cat\/ies-seros\/wp-json\/wp\/v2\/media\/4927"}],"wp:attachment":[{"href":"https:\/\/agora.xtec.cat\/ies-seros\/wp-json\/wp\/v2\/media?parent=4926"}],"wp:term":[{"taxonomy":"category","embeddable":true,"href":"https:\/\/agora.xtec.cat\/ies-seros\/wp-json\/wp\/v2\/categories?post=4926"},{"taxonomy":"post_tag","embeddable":true,"href":"https:\/\/agora.xtec.cat\/ies-seros\/wp-json\/wp\/v2\/tags?post=4926"}],"curies":[{"name":"wp","href":"https:\/\/api.w.org\/{rel}","templated":true}]}}