{"id":4789,"date":"2021-06-17T10:46:59","date_gmt":"2021-06-17T08:46:59","guid":{"rendered":"https:\/\/agora.xtec.cat\/ies-seros\/?p=4789"},"modified":"2021-06-17T10:46:59","modified_gmt":"2021-06-17T08:46:59","slug":"de-visita-a-una-casa-romana-i-a-un-poblat-visigot","status":"publish","type":"post","link":"https:\/\/agora.xtec.cat\/ies-seros\/general\/de-visita-a-una-casa-romana-i-a-un-poblat-visigot\/","title":{"rendered":"DE VISITA A UNA CASA ROMANA I A UN POBLAT VISIGOT"},"content":{"rendered":"<div><span style=\"font-family: georgia, serif;\">El passat dilluns 7 de juny, els alumnes de 4t ESO de Llat\u00ed de l&#8217;institut\u00a0vam anar a Vil\u00b7la\u00a0Fortunatus, jaciment rom\u00e0 que es troba\u00a0situat vora la carretera de Fraga a Said\u00ed. Gr\u00e0cies a\u00a0la guia de turisme de l&#8217;Ajuntament de Fraga\u00a0vam poder passejar pel que fa molts anys era una casa on hi vivien romans. Ens vam poder posar en la pell dels patricis que fa anys que hi habitaven. De la vil\u00b7la vam poder veure els\u00a0<i>cubicula<\/i>\u00a0(dormitoris), l&#8217;atri (espai central de les estances privades),\u00a0el\u00a0<i>t<\/i><i>ablinum<\/i>\u00a0(despatx de l&#8217;amo) i el gran peristil (pati central amb jard\u00ed). Un dels aspectes que m\u00e9s ens va sobtar van ser els mosaics que\u00a0hi havia\u00a0al\u00a0terra\u00a0i el misteri del\u00a0que representen. Un altre dia,\u00a0el mateix grup de &#8220;llatinistes&#8221;\u00a0vam anar al Bovalar, aquesta vegada caminant, ja que es troba dins el terme de Ser\u00f2s. Arribats al jaciment, que \u00e9s d&#8217;\u00e8poca visig\u00f2tica,\u00a0la &#8220;magistra&#8221;\u00a0ens va fer una petita explicaci\u00f3 de la\u00a0bas\u00edlica paleocristiana, les tombes &#8230; i de les trinxeres de l&#8217;\u00e8poca de la guerra civil, que tamb\u00e9 n&#8217;hi ha.<\/span><\/div>\n<div><span style=\"font-family: georgia, serif;\">Us animem a visitar tant la Vil\u00b7la\u00a0Fortunatus\u00a0com el Bovalar,\u00a0ja que\u00a0s\u00f3n llocs on sense anar gaire lluny de les nostres localitats podreu ampliar coneixements i passar una bona estona.<\/span><\/div>\n<div><span style=\"font-family: georgia, serif;\">Mariona Alb\u00e0, Mariona Berenguer i Marta Ibars 4t d&#8217;ESO<\/span><\/div>\n<div><\/div>\n<div>\n<figure class=\"figure wp-caption aligncenter\"><img loading=\"lazy\" decoding=\"async\" class=\"wp-image-4792 size-full\" src=\"https:\/\/agora.xtec.cat\/ies-seros\/wp-content\/uploads\/usu323\/2021\/06\/B.jpg\" alt=\"\" width=\"479\" height=\"640\" srcset=\"https:\/\/agora.xtec.cat\/ies-seros\/wp-content\/uploads\/usu323\/2021\/06\/B.jpg 479w, https:\/\/agora.xtec.cat\/ies-seros\/wp-content\/uploads\/usu323\/2021\/06\/B-225x300.jpg 225w\" sizes=\"auto, (max-width: 479px) 100vw, 479px\" \/><figcaption class=\"wp-caption-text\">\u00a0<\/figcaption><\/figure>\n<p><img loading=\"lazy\" decoding=\"async\" class=\"aligncenter wp-image-4791 \" src=\"https:\/\/agora.xtec.cat\/ies-seros\/wp-content\/uploads\/usu323\/2021\/06\/Fortunatus-2021-1-300x225.jpg\" alt=\"\" width=\"471\" height=\"353\" srcset=\"https:\/\/agora.xtec.cat\/ies-seros\/wp-content\/uploads\/usu323\/2021\/06\/Fortunatus-2021-1-300x225.jpg 300w, https:\/\/agora.xtec.cat\/ies-seros\/wp-content\/uploads\/usu323\/2021\/06\/Fortunatus-2021-1-768x576.jpg 768w, https:\/\/agora.xtec.cat\/ies-seros\/wp-content\/uploads\/usu323\/2021\/06\/Fortunatus-2021-1-1024x768.jpg 1024w, https:\/\/agora.xtec.cat\/ies-seros\/wp-content\/uploads\/usu323\/2021\/06\/Fortunatus-2021-1-200x150.jpg 200w, https:\/\/agora.xtec.cat\/ies-seros\/wp-content\/uploads\/usu323\/2021\/06\/Fortunatus-2021-1.jpg 2000w\" sizes=\"auto, (max-width: 471px) 100vw, 471px\" \/><\/div>\n","protected":false},"excerpt":{"rendered":"<p>El passat dilluns 7 de juny, els alumnes de 4t ESO de Llat\u00ed de l&#8217;institut\u00a0vam anar a Vil\u00b7la\u00a0Fortunatus, jaciment rom\u00e0 que es troba\u00a0situat vora la carretera de Fraga a Said\u00ed. Gr\u00e0cies a\u00a0la guia de turisme de l&#8217;Ajuntament de Fraga\u00a0vam poder passejar pel que fa molts&hellip;  <a href=\"https:\/\/agora.xtec.cat\/ies-seros\/general\/de-visita-a-una-casa-romana-i-a-un-poblat-visigot\/\" title=\"Read DE VISITA A UNA CASA ROMANA I A UN POBLAT VISIGOT\">Llegeix m\u00e9s\u00bb<\/a><\/p>\n","protected":false},"author":1,"featured_media":4790,"comment_status":"open","ping_status":"closed","sticky":true,"template":"","format":"standard","meta":{"_bbp_topic_count":0,"_bbp_reply_count":0,"_bbp_total_topic_count":0,"_bbp_total_reply_count":0,"_bbp_voice_count":0,"_bbp_anonymous_reply_count":0,"_bbp_topic_count_hidden":0,"_bbp_reply_count_hidden":0,"_bbp_forum_subforum_count":0,"footnotes":""},"categories":[3,7,1,29],"tags":[],"class_list":["post-4789","post","type-post","status-publish","format-standard","has-post-thumbnail","hentry","category-eso","category-eso-4","category-general","category-portada"],"post_mailing_queue_ids":[],"_links":{"self":[{"href":"https:\/\/agora.xtec.cat\/ies-seros\/wp-json\/wp\/v2\/posts\/4789","targetHints":{"allow":["GET"]}}],"collection":[{"href":"https:\/\/agora.xtec.cat\/ies-seros\/wp-json\/wp\/v2\/posts"}],"about":[{"href":"https:\/\/agora.xtec.cat\/ies-seros\/wp-json\/wp\/v2\/types\/post"}],"author":[{"embeddable":true,"href":"https:\/\/agora.xtec.cat\/ies-seros\/wp-json\/wp\/v2\/users\/1"}],"replies":[{"embeddable":true,"href":"https:\/\/agora.xtec.cat\/ies-seros\/wp-json\/wp\/v2\/comments?post=4789"}],"version-history":[{"count":1,"href":"https:\/\/agora.xtec.cat\/ies-seros\/wp-json\/wp\/v2\/posts\/4789\/revisions"}],"predecessor-version":[{"id":4793,"href":"https:\/\/agora.xtec.cat\/ies-seros\/wp-json\/wp\/v2\/posts\/4789\/revisions\/4793"}],"wp:featuredmedia":[{"embeddable":true,"href":"https:\/\/agora.xtec.cat\/ies-seros\/wp-json\/wp\/v2\/media\/4790"}],"wp:attachment":[{"href":"https:\/\/agora.xtec.cat\/ies-seros\/wp-json\/wp\/v2\/media?parent=4789"}],"wp:term":[{"taxonomy":"category","embeddable":true,"href":"https:\/\/agora.xtec.cat\/ies-seros\/wp-json\/wp\/v2\/categories?post=4789"},{"taxonomy":"post_tag","embeddable":true,"href":"https:\/\/agora.xtec.cat\/ies-seros\/wp-json\/wp\/v2\/tags?post=4789"}],"curies":[{"name":"wp","href":"https:\/\/api.w.org\/{rel}","templated":true}]}}