{"id":4504,"date":"2021-04-13T16:45:34","date_gmt":"2021-04-13T14:45:34","guid":{"rendered":"https:\/\/agora.xtec.cat\/ies-seros\/?p=4504"},"modified":"2021-04-13T16:45:34","modified_gmt":"2021-04-13T14:45:34","slug":"departament-deducacio-fisica-el-svb","status":"publish","type":"post","link":"https:\/\/agora.xtec.cat\/ies-seros\/general\/departament-deducacio-fisica-el-svb\/","title":{"rendered":"DEPARTAMENT D\u2019EDUCACI\u00d3 F\u00cdSICA. EL SVB"},"content":{"rendered":"<p><span style=\"font-weight: 400;\">A Europa, di\u00e0riament\u00a0 350.000\u00a0 persones pateixen una mort sobtada. A Catalunya suposa una mort sobtada cada dues hores i mitja, \u00e9s a dir, a la vora de 10 morts cada dia. El\u00a0 80% d\u2019elles son fora dels centres hospitalaris i sovint tenen lloc amb un familiar o un amic al costat.<\/span><\/p>\n<p><span style=\"font-weight: 400;\">Una realitzaci\u00f3 preco\u00e7 de reanimaci\u00f3 cardiopulmonar i l\u2019acc\u00e9s r\u00e0pid a la desfibril\u00b7laci\u00f3 \u00e9s de gran import\u00e0ncia per garantir una major superviv\u00e8ncia en alguns dels cassos.\u00a0<\/span><\/p>\n<p><span style=\"font-weight: 400;\">En aquesta presa de consci\u00e8ncia el Consell Catal\u00e0 de Ressuscitaci\u00f3 (CCR) i el Departament d\u2019Educaci\u00f3 van signar un conveni per impulsar la formaci\u00f3 en suport vital als centres educatius mitjan\u00e7ant una formaci\u00f3 que s\u2019inicia a infantil i acaba a 4t d\u2019ESO.\u00a0<\/span><\/p>\n<p><span style=\"font-weight: 400;\">A l\u2019Institut de Ser\u00f2s, el Departament d\u2019E.F. es va sumar a la iniciativa ja en el curs 2019\/20 \u00a0 aquest curs ja hem assolit els objectius plantejats amb l\u2019alumnat de 1r i 2n ESO.\u00a0<\/span><\/p>\n<p><span style=\"font-weight: 400;\">L\u2019experi\u00e8ncia \u00e9s molt enriquidora i interessant!<\/span><\/p>\n<p><a href=\"https:\/\/drive.google.com\/file\/d\/1uZ0qdb8kCqqnHzbahLvfXgm--lraO91T\/view?usp=sharing\">Video 1<\/a><\/p>\n<p><a href=\"http:\/\/https:\/\/drive.google.com\/file\/d\/1uWr_-ui0axF07HnccxIy1pYQda3kwjMY\/view?usp=sharing\">Video 2<\/a><\/p>\n","protected":false},"excerpt":{"rendered":"<p>A Europa, di\u00e0riament\u00a0 350.000\u00a0 persones pateixen una mort sobtada. A Catalunya suposa una mort sobtada cada dues hores i mitja, \u00e9s a dir, a la vora de 10 morts cada dia. El\u00a0 80% d\u2019elles son fora dels centres hospitalaris i sovint tenen lloc amb un&hellip;  <a href=\"https:\/\/agora.xtec.cat\/ies-seros\/general\/departament-deducacio-fisica-el-svb\/\" title=\"Read DEPARTAMENT D\u2019EDUCACI\u00d3 F\u00cdSICA. EL SVB\">Llegeix m\u00e9s\u00bb<\/a><\/p>\n","protected":false},"author":1,"featured_media":4506,"comment_status":"open","ping_status":"closed","sticky":true,"template":"","format":"standard","meta":{"_bbp_topic_count":0,"_bbp_reply_count":0,"_bbp_total_topic_count":0,"_bbp_total_reply_count":0,"_bbp_voice_count":0,"_bbp_anonymous_reply_count":0,"_bbp_topic_count_hidden":0,"_bbp_reply_count_hidden":0,"_bbp_forum_subforum_count":0,"footnotes":""},"categories":[1,29],"tags":[],"class_list":["post-4504","post","type-post","status-publish","format-standard","has-post-thumbnail","hentry","category-general","category-portada"],"post_mailing_queue_ids":[],"_links":{"self":[{"href":"https:\/\/agora.xtec.cat\/ies-seros\/wp-json\/wp\/v2\/posts\/4504","targetHints":{"allow":["GET"]}}],"collection":[{"href":"https:\/\/agora.xtec.cat\/ies-seros\/wp-json\/wp\/v2\/posts"}],"about":[{"href":"https:\/\/agora.xtec.cat\/ies-seros\/wp-json\/wp\/v2\/types\/post"}],"author":[{"embeddable":true,"href":"https:\/\/agora.xtec.cat\/ies-seros\/wp-json\/wp\/v2\/users\/1"}],"replies":[{"embeddable":true,"href":"https:\/\/agora.xtec.cat\/ies-seros\/wp-json\/wp\/v2\/comments?post=4504"}],"version-history":[{"count":1,"href":"https:\/\/agora.xtec.cat\/ies-seros\/wp-json\/wp\/v2\/posts\/4504\/revisions"}],"predecessor-version":[{"id":4505,"href":"https:\/\/agora.xtec.cat\/ies-seros\/wp-json\/wp\/v2\/posts\/4504\/revisions\/4505"}],"wp:featuredmedia":[{"embeddable":true,"href":"https:\/\/agora.xtec.cat\/ies-seros\/wp-json\/wp\/v2\/media\/4506"}],"wp:attachment":[{"href":"https:\/\/agora.xtec.cat\/ies-seros\/wp-json\/wp\/v2\/media?parent=4504"}],"wp:term":[{"taxonomy":"category","embeddable":true,"href":"https:\/\/agora.xtec.cat\/ies-seros\/wp-json\/wp\/v2\/categories?post=4504"},{"taxonomy":"post_tag","embeddable":true,"href":"https:\/\/agora.xtec.cat\/ies-seros\/wp-json\/wp\/v2\/tags?post=4504"}],"curies":[{"name":"wp","href":"https:\/\/api.w.org\/{rel}","templated":true}]}}